{"id":93855,"date":"2025-11-13T11:26:36","date_gmt":"2025-11-13T14:26:36","guid":{"rendered":"https:\/\/vocesparalelas.com.ar\/sitio\/?p=93855"},"modified":"2025-11-13T11:26:36","modified_gmt":"2025-11-13T14:26:36","slug":"espectaculo-el-amor-y-el-orgullo-por-la-tierra-natal-en-la-fns-2025-en-san-juan","status":"publish","type":"post","link":"https:\/\/vocesparalelas.com.ar\/sitio\/espectaculo-el-amor-y-el-orgullo-por-la-tierra-natal-en-la-fns-2025-en-san-juan\/","title":{"rendered":"Espect\u00e1culo \u00abEl amor y el orgullo por la tierra natal\u00bb en la FNS 2025 en San Juan"},"content":{"rendered":"<p>Cincuenta guitarras rinden homenaje a San Juan en una escena que promete ser uno de los momentos m\u00e1s conmovedores de la Fiesta Nacional del Sol 2025 \u201cSan Juan, mi tierra querida\u201d.<\/p>\n<p>En el marco del espect\u00e1culo \u201cSan Juan, mi tierra querida\u201d, que se presenta 20; 21 y 22 de Noviembre en el Vel\u00f3dromo Vicente Chancay, una de las escenas m\u00e1s esperadas es la gran serenata interpretada por cincuenta guitarristas. La propuesta, dirigida por Ernesto Villavicencio, combina emoci\u00f3n, tradici\u00f3n y un poderoso sentido colectivo.<\/p>\n<p><img loading=\"lazy\" decoding=\"async\" class=\"alignnone size-full wp-image-90510\" src=\"https:\/\/vocesparalelas.com.ar\/sitio\/wp-content\/uploads\/2025\/08\/FNS-2025-01.jpg\" alt=\"\" width=\"800\" height=\"450\" srcset=\"https:\/\/vocesparalelas.com.ar\/sitio\/wp-content\/uploads\/2025\/08\/FNS-2025-01.jpg 800w, https:\/\/vocesparalelas.com.ar\/sitio\/wp-content\/uploads\/2025\/08\/FNS-2025-01-300x169.jpg 300w, https:\/\/vocesparalelas.com.ar\/sitio\/wp-content\/uploads\/2025\/08\/FNS-2025-01-768x432.jpg 768w\" sizes=\"auto, (max-width: 800px) 100vw, 800px\" \/><\/p>\n<p>La escena representa una serenata dedicada al p\u00fablico y , simb\u00f3licamente, a la provincia. Con guitarras que rodean el escenario, el p\u00fablico es testigo de un homenaje musical que exalta el amor por San Juan, evocando el esp\u00edritu de \u201cSerenata a San Juan\u201d, aquella iniciativa que reuni\u00f3 a 150 m\u00fasicos locales el 13 de Junio, d\u00eda de la Fundaci\u00f3n de San Juan.<\/p>\n<p>En esta puesta, participan guitarristas j\u00f3venes, mujeres y varones, que se integran en un ensamble pensado para transmitir calidez y energ\u00eda. La interpretaci\u00f3n combina melod\u00edas tradicionales con sonoridades contempor\u00e1neas, en una mezcla de vals, rock y pop, que refleja la diversidad y vitalidad de la identidad sanjuanina.<\/p>\n<p>La magnitud de la escena tambi\u00e9n destaca por su coordinaci\u00f3n: junto a los guitarristas, m\u00e1s de 300 bailarines dar\u00e1n vida al cuadro final del show, en una composici\u00f3n visual y sonora que sintetiza el mensaje central del espect\u00e1culo \u00abEl amor y el orgullo por la tierra natal\u00bb.<\/p>\n<p>El trabajo art\u00edstico liderado por Villavicencio busca que la serenata se convierta en un momento de conexi\u00f3n profunda entre los artistas y el p\u00fablico, generando una experiencia compartida donde la emoci\u00f3n y la pertenencia se entrelazan con la m\u00fasica.<\/p>\n<p>El show \u201cSan Juan, mi tierra querida\u201d se presenta a las 21 hs.; en el Vel\u00f3dromo Vicente Chancay, con entradas disponibles en boleter\u00eda del Teatro del Bicentenario o a trav\u00e9s de<\/p>\n<p><a href=\"http:\/\/Autoentrada\">http:\/\/Autoentrada<\/a><\/p>\n<p>&nbsp;<\/p>\n<p><iframe loading=\"lazy\" title=\"SAN JUAN FNS 2025\" width=\"800\" height=\"450\" src=\"https:\/\/www.youtube.com\/embed\/hG6JPSqgl-k?feature=oembed\" frameborder=\"0\" allow=\"accelerometer; autoplay; clipboard-write; encrypted-media; gyroscope; picture-in-picture; web-share\" referrerpolicy=\"strict-origin-when-cross-origin\" allowfullscreen><\/iframe><\/p>\n","protected":false},"excerpt":{"rendered":"<p>Cincuenta guitarras rinden homenaje a San Juan en una escena que promete ser uno de los momentos m\u00e1s conmovedores de<\/p>\n","protected":false},"author":3,"featured_media":93858,"comment_status":"closed","ping_status":"closed","sticky":false,"template":"","format":"standard","meta":{"_acf_changed":false,"_seopress_robots_primary_cat":"none","_seopress_titles_title":"","_seopress_titles_desc":"","_seopress_robots_index":"","colormag_page_container_layout":"default_layout","colormag_page_sidebar_layout":"default_layout","footnotes":""},"categories":[1],"tags":[],"class_list":["post-93855","post","type-post","status-publish","format-standard","has-post-thumbnail","hentry","category-destacadas"],"acf":[],"_links":{"self":[{"href":"https:\/\/vocesparalelas.com.ar\/sitio\/wp-json\/wp\/v2\/posts\/93855","targetHints":{"allow":["GET"]}}],"collection":[{"href":"https:\/\/vocesparalelas.com.ar\/sitio\/wp-json\/wp\/v2\/posts"}],"about":[{"href":"https:\/\/vocesparalelas.com.ar\/sitio\/wp-json\/wp\/v2\/types\/post"}],"author":[{"embeddable":true,"href":"https:\/\/vocesparalelas.com.ar\/sitio\/wp-json\/wp\/v2\/users\/3"}],"replies":[{"embeddable":true,"href":"https:\/\/vocesparalelas.com.ar\/sitio\/wp-json\/wp\/v2\/comments?post=93855"}],"version-history":[{"count":1,"href":"https:\/\/vocesparalelas.com.ar\/sitio\/wp-json\/wp\/v2\/posts\/93855\/revisions"}],"predecessor-version":[{"id":93859,"href":"https:\/\/vocesparalelas.com.ar\/sitio\/wp-json\/wp\/v2\/posts\/93855\/revisions\/93859"}],"wp:featuredmedia":[{"embeddable":true,"href":"https:\/\/vocesparalelas.com.ar\/sitio\/wp-json\/wp\/v2\/media\/93858"}],"wp:attachment":[{"href":"https:\/\/vocesparalelas.com.ar\/sitio\/wp-json\/wp\/v2\/media?parent=93855"}],"wp:term":[{"taxonomy":"category","embeddable":true,"href":"https:\/\/vocesparalelas.com.ar\/sitio\/wp-json\/wp\/v2\/categories?post=93855"},{"taxonomy":"post_tag","embeddable":true,"href":"https:\/\/vocesparalelas.com.ar\/sitio\/wp-json\/wp\/v2\/tags?post=93855"}],"curies":[{"name":"wp","href":"https:\/\/api.w.org\/{rel}","templated":true}]}}