{"id":93851,"date":"2025-11-13T11:06:03","date_gmt":"2025-11-13T14:06:03","guid":{"rendered":"https:\/\/vocesparalelas.com.ar\/sitio\/?p=93851"},"modified":"2025-11-14T20:33:12","modified_gmt":"2025-11-14T23:33:12","slug":"el-gobierno-de-san-juan-destina-mas-de-17-mil-millones-a-obras-municipales-con-el-fo-de-re","status":"publish","type":"post","link":"https:\/\/vocesparalelas.com.ar\/sitio\/el-gobierno-de-san-juan-destina-mas-de-17-mil-millones-a-obras-municipales-con-el-fo-de-re\/","title":{"rendered":"El Gobierno de San Juan destina m\u00e1s de $17 mil millones a obras municipales con el FO.DE.RE"},"content":{"rendered":"<p>El Gobierno de San Juan destina $17.119.856.207 millones de pesos a los municipios de la provincia para la ejecuci\u00f3n de obras, a trav\u00e9s del Fondo de Desarrollo Regional &#8211; FO.DE.RE.<\/p>\n<p>Este monto representa un incremento del 289% respecto al a\u00f1o 2024, cuando se distribuyeron $4.389.322.316, marcando un fuerte impulso a la inversi\u00f3n p\u00fablica local.<\/p>\n<p>El Fondo de Desarrollo Regional &#8211; FO.DE.RE &#8211; tiene como objetivo promover el desarrollo econ\u00f3mico, productivo, industrial, tur\u00edstico y urbano en los distintos departamentos de la provincia.<\/p>\n<p>A trav\u00e9s de este mecanismo, cada municipio puede planificar y ejecutar obras que fortalezcan su infraestructura, mejoren la calidad de vida de los vecinos y generen empleo local.<\/p>\n<p>Para acceder a estos fondos, los municipios deben adherir y cumplir con las normas establecidas en el R\u00e9gimen Provincial de Responsabilidad Fiscal, que garantiza una gesti\u00f3n transparente y ordenada de los recursos p\u00fablicos.<\/p>\n<p>Las reglas fiscales que deben cumplir los municipios se refieren b\u00e1sicamente a que los gastos p\u00fablicos corrientes no deben crecer por encima de la inflaci\u00f3n, la cantidad de empleados debe ir en l\u00ednea con el crecimiento de la poblaci\u00f3n. Adem\u00e1s, los servicios de la deuda p\u00fablica no deben ser superiores al 10% de los recursos corrientes.<\/p>\n<p>Entre los destinos previstos para esta inversi\u00f3n se destacan proyectos de infraestructura b\u00e1sica, pavimentaci\u00f3n, mejoramiento urbano, obras de agua y saneamiento, recuperaci\u00f3n de espacios p\u00fablicos, desarrollo tur\u00edstico y fortalecimiento de sectores productivos locales.<\/p>\n<p><span style=\"color: #ff6600;\"><strong>Distribuci\u00f3n del<\/strong> FO.DE.RE<\/span><\/p>\n<p><span style=\"color: #ff6600;\"><strong>Departamento Albard\u00f3n<\/strong><\/span><\/p>\n<ul>\n<li>\u00a0Monto Asignado: $731.017.860,06<\/li>\n<li>Proyecto Principal: Mejoramiento de Cementerio Municipal: Remodelaci\u00f3n de Sanitarios, y Conjunto Deportivo Las Lomas (Cierre Perimetral, Play\u00f3n, Grupo Sanitario, Vivienda del Encargado).<\/li>\n<li>Coeficiente: 4,27%<\/li>\n<\/ul>\n<p><span style=\"color: #ff6600;\"><strong>Departamento Anaco<\/strong><\/span><\/p>\n<ul>\n<li>Monto Asignado: $501.611.786,88<\/li>\n<li>Proyecto Principal: Proyecto de Cord\u00f3n, Cuneta e Iluminaci\u00f3n en Calle 9 de Julio, Calle Sarmiento, y calle Troncal Principal &#8211; Barrio Pte. Per\u00f3n, entre otros<\/li>\n<li>Coeficiente: 2,93%<\/li>\n<\/ul>\n<p><span style=\"color: #ff6600;\"><strong>Departamento Calinasta<\/strong><\/span><\/p>\n<ul>\n<li>Monto Asignado: $532.427.528,05<\/li>\n<li>Proyecto Principal: Proyecto de Iluminaci\u00f3n LED y Remodelaci\u00f3n de Plazas (933 luminarias), entre otros.<\/li>\n<li>Coeficiente: 3,11%<\/li>\n<\/ul>\n<p><span style=\"color: #ff6600;\"><strong>Departamento Capital<\/strong><\/span><\/p>\n<ul>\n<li>Monto Asignado: $2.174.221.738,34<\/li>\n<li>Proyecto Principal: Rehabilitaci\u00f3n Plaza Salvador Mar\u00eda del Carril (Plaza Desamparados), Plaza Gertrudis Funes, y Boulevard Avda. C\u00f3rdoba, entre otros.<\/li>\n<li>Coeficiente: 12,70%<\/li>\n<\/ul>\n<p><span style=\"color: #ff6600;\"><strong>Departamento Caucete<\/strong><\/span><\/p>\n<ul>\n<li>Monto Asignado: $861.128.767,23<\/li>\n<li>Proyecto Principal: \u00abPARQUE DE LOS NI\u00d1OS\u00bb.<\/li>\n<li>Coeficiente: 5,03%<\/li>\n<\/ul>\n<p><span style=\"color: #ff6600;\"><strong>Departamento Chimbas<\/strong><\/span><\/p>\n<ul>\n<li>Monto Asignado: $1.518.531.245,60<\/li>\n<li>Proyecto Principal: Polideportivo Municipal Cubierto, entre otros<\/li>\n<li>Coeficiente: 8,87%<\/li>\n<\/ul>\n<p><span style=\"color: #ff6600;\"><strong>Departamento Iglesia<\/strong><\/span><\/p>\n<ul>\n<li>Monto Asignado: $544.411.427,40<\/li>\n<li>Proyecto Principal: Ampliaci\u00f3n Red de Alumbrado P\u00fablico, Construcci\u00f3n de 2 (dos) Polideportivos, y Equipamiento de Plaza Angualasto.<\/li>\n<li>Coeficiente: 3,18%<\/li>\n<\/ul>\n<p><span style=\"color: #ff6600;\"><strong>Departamento J\u00e1chal<\/strong><\/span><\/p>\n<ul>\n<li>Monto Asignado: $623.162.765,95<\/li>\n<li>Proyecto Principal: Puesta en Valor Av. 25 de Mayo y veredas en distintos distritos.<\/li>\n<li>Coeficiente: 3,64%<\/li>\n<\/ul>\n<p><span style=\"color: #ff6600;\"><strong>Departamento 9 de Julio<\/strong><\/span><\/p>\n<ul>\n<li>Monto Asignado: $573.515.182,95<\/li>\n<li>Proyecto Principal: Cierre perimetral de playones deportivos (Las Chacritas, Villa Fiorito, Alto de Sierra, La Manadita).<\/li>\n<li>Coeficiente: 3,35%<\/li>\n<\/ul>\n<p><span style=\"color: #ff6600;\"><strong>Departamento Pocito<\/strong><\/span><\/p>\n<ul>\n<li>Monto Asignado: $1.172.710.150,21<\/li>\n<li>Proyecto Principal: Construcci\u00f3n de 5 Playones Polideportivos.<\/li>\n<li>Coeficiente: 6,85%<\/li>\n<\/ul>\n<p><span style=\"color: #ff6600;\"><strong>Departamento Rawson<\/strong><\/span><\/p>\n<ul>\n<li>Monto Asignado: $1.854.080.427,27<\/li>\n<li>Proyecto Principal: Refacci\u00f3n Integral Plaza Barrio Belgrano, Refacci\u00f3n Integral Plaza de los Ni\u00f1os, y Recambio de Luminarias de Sodio a LED (2144 unidades).<\/li>\n<li>Coeficiente: 10,83%<\/li>\n<\/ul>\n<p><span style=\"color: #ff6600;\"><strong>Departamento Rivadavia<\/strong><\/span><\/p>\n<ul>\n<li>Monto Asignado: $1.453.475.792,01<\/li>\n<li>Proyecto Principal: Pavimentaci\u00f3n y Repavimentaci\u00f3n de V\u00edas en diversos barrios y calles.<\/li>\n<li>Coeficiente: 8,49%<\/li>\n<\/ul>\n<p><span style=\"color: #ff6600;\"><strong>Departamento San Mart\u00edn<\/strong><\/span><\/p>\n<ul>\n<li>Monto Asignado: $568.379.226,09<\/li>\n<li>Proyecto Principal: \u201cPLANETARIO HIPATIA\u201d.<\/li>\n<li>Coeficiente: 3,32%<\/li>\n<\/ul>\n<p><span style=\"color: #ff6600;\"><strong>Departamento Santa Luc\u00eda<\/strong><\/span><\/p>\n<ul>\n<li>Monto Asignado: $1.138.470.437,79<\/li>\n<li>Proyecto Principal: \u201cPLAN DE MODERNIZACI\u00d3N Y OPTIMIZACI\u00d3N DEL ALUMBRADO P\u00daBLICO\u201d (533 unidades).<\/li>\n<li>Coeficiente: 6,65%<\/li>\n<\/ul>\n<p><span style=\"color: #ff6600;\"><strong>Departamento Sarmiento<\/strong><\/span><\/p>\n<ul>\n<li>Monto Asignado: $749.849.701,89<\/li>\n<li>Proyecto Principal: Construcci\u00f3n de 7 Playones Deportivos.<\/li>\n<li>Coeficiente: 4,38%<\/li>\n<\/ul>\n<p><span style=\"color: #ff6600;\"><strong>Departamento Ullum<\/strong><\/span><\/p>\n<ul>\n<li>Monto Asignado: $421.148.462,70<\/li>\n<li>Proyecto Principal: Paseo Peatonal Barrio Grimalt, Alumbrado P\u00fablico Aviadores Espa\u00f1oles, Intervenci\u00f3n Urbana V\u00b0 Santa Rosa, e Iluminaci\u00f3n Plaza San Martin.<\/li>\n<li>Coeficiente: 2,46%<\/li>\n<\/ul>\n<p><span style=\"color: #ff6600;\"><strong>Departamento Valle F\u00e9rtil<\/strong><\/span><\/p>\n<ul>\n<li>Monto Asignado: $482.779.945,05<\/li>\n<li>Proyecto Principal: Playones Deportivos, Cord\u00f3n Cuneta, Banquina Lateral y Veredas de Hormig\u00f3n, y Alumbrado P\u00fablico (242 unidades).<\/li>\n<li>\u00a0Coeficiente: 2,82%<\/li>\n<\/ul>\n<p><span style=\"color: #ff6600;\"><strong>Departamento 25 de Mayo<\/strong><\/span><\/p>\n<ul>\n<li>Monto Asignado: $731.017.860,06<\/li>\n<li>Proyecto Principal: Construcci\u00f3n de Asfaltos Urbanos en Villa Santa Rosa.<\/li>\n<li>Coeficiente: 4,27%<\/li>\n<\/ul>\n<p><span style=\"color: #ff6600;\"><strong>Departamento Zonda<\/strong><\/span><\/p>\n<ul>\n<li>Monto Asignado: $487.915.901,91<\/li>\n<li>Proyecto Principal: Cierre Perimetral y Construcci\u00f3n de vestuarios\/sanitarios, Banco de Suplentes y Tribuna en cancha de Hockey, Cierre Perimetral y Construcci\u00f3n de Sanitarios en Polideportivo Barrio Conjunto I y II, e Iluminaci\u00f3n LED (350 unidades).<\/li>\n<li>Coeficiente: 2,85%<\/li>\n<\/ul>\n<p><img loading=\"lazy\" decoding=\"async\" class=\"alignnone size-full wp-image-65642\" src=\"https:\/\/vocesparalelas.com.ar\/sitio\/wp-content\/uploads\/2023\/11\/GOBIERNO-SAN-JUAN.jpg\" alt=\"\" width=\"800\" height=\"600\" srcset=\"https:\/\/vocesparalelas.com.ar\/sitio\/wp-content\/uploads\/2023\/11\/GOBIERNO-SAN-JUAN.jpg 800w, https:\/\/vocesparalelas.com.ar\/sitio\/wp-content\/uploads\/2023\/11\/GOBIERNO-SAN-JUAN-300x225.jpg 300w, https:\/\/vocesparalelas.com.ar\/sitio\/wp-content\/uploads\/2023\/11\/GOBIERNO-SAN-JUAN-768x576.jpg 768w\" sizes=\"auto, (max-width: 800px) 100vw, 800px\" \/><\/p>\n<p>&nbsp;<\/p>\n","protected":false},"excerpt":{"rendered":"<p>El Gobierno de San Juan destina $17.119.856.207 millones de pesos a los municipios de la provincia para la ejecuci\u00f3n de<\/p>\n","protected":false},"author":3,"featured_media":71956,"comment_status":"closed","ping_status":"closed","sticky":false,"template":"","format":"standard","meta":{"_acf_changed":false,"_seopress_robots_primary_cat":"none","_seopress_titles_title":"","_seopress_titles_desc":"","_seopress_robots_index":"","colormag_page_container_layout":"default_layout","colormag_page_sidebar_layout":"default_layout","footnotes":""},"categories":[10],"tags":[],"class_list":["post-93851","post","type-post","status-publish","format-standard","has-post-thumbnail","hentry","category-opiniones"],"acf":[],"_links":{"self":[{"href":"https:\/\/vocesparalelas.com.ar\/sitio\/wp-json\/wp\/v2\/posts\/93851","targetHints":{"allow":["GET"]}}],"collection":[{"href":"https:\/\/vocesparalelas.com.ar\/sitio\/wp-json\/wp\/v2\/posts"}],"about":[{"href":"https:\/\/vocesparalelas.com.ar\/sitio\/wp-json\/wp\/v2\/types\/post"}],"author":[{"embeddable":true,"href":"https:\/\/vocesparalelas.com.ar\/sitio\/wp-json\/wp\/v2\/users\/3"}],"replies":[{"embeddable":true,"href":"https:\/\/vocesparalelas.com.ar\/sitio\/wp-json\/wp\/v2\/comments?post=93851"}],"version-history":[{"count":1,"href":"https:\/\/vocesparalelas.com.ar\/sitio\/wp-json\/wp\/v2\/posts\/93851\/revisions"}],"predecessor-version":[{"id":93854,"href":"https:\/\/vocesparalelas.com.ar\/sitio\/wp-json\/wp\/v2\/posts\/93851\/revisions\/93854"}],"wp:featuredmedia":[{"embeddable":true,"href":"https:\/\/vocesparalelas.com.ar\/sitio\/wp-json\/wp\/v2\/media\/71956"}],"wp:attachment":[{"href":"https:\/\/vocesparalelas.com.ar\/sitio\/wp-json\/wp\/v2\/media?parent=93851"}],"wp:term":[{"taxonomy":"category","embeddable":true,"href":"https:\/\/vocesparalelas.com.ar\/sitio\/wp-json\/wp\/v2\/categories?post=93851"},{"taxonomy":"post_tag","embeddable":true,"href":"https:\/\/vocesparalelas.com.ar\/sitio\/wp-json\/wp\/v2\/tags?post=93851"}],"curies":[{"name":"wp","href":"https:\/\/api.w.org\/{rel}","templated":true}]}}