{"id":93847,"date":"2025-11-13T10:44:25","date_gmt":"2025-11-13T13:44:25","guid":{"rendered":"https:\/\/vocesparalelas.com.ar\/sitio\/?p=93847"},"modified":"2025-11-13T21:06:39","modified_gmt":"2025-11-14T00:06:39","slug":"relevamiento-nacional-del-personal-educativo-argentino-renpe-2025-y-san-juan-lo-inicio","status":"publish","type":"post","link":"https:\/\/vocesparalelas.com.ar\/sitio\/relevamiento-nacional-del-personal-educativo-argentino-renpe-2025-y-san-juan-lo-inicio\/","title":{"rendered":"Relevamiento Nacional del Personal Educativo Argentino &#8211; ReNPE 2025 &#8211; y San Juan lo inici\u00f3"},"content":{"rendered":"<p>El Ministerio de Educaci\u00f3n del Gobierno de San Juan, a trav\u00e9s del \u00c1rea de Evaluaci\u00f3n y Estad\u00edstica Educativa, comunica que San Juan inicia el Relevamiento Nacional de Personal Educativo &#8211; ReNPE 2025 -, dispuesto por la Resoluci\u00f3n N.\u00ba 6006-ME-2025 del Ministerio de Capital Humano de la Naci\u00f3n Argentina.<\/p>\n<p>Este operativo tiene como finalidad obtener datos actualizados sobre el personal docente y no docente de los niveles y modalidades del sistema educativo, excepto el universitario, tanto en establecimientos de gesti\u00f3n estatal como privada, cooperativa y social.<\/p>\n<p><span style=\"color: #ff6600;\"><strong>Objetivos del relevamiento<\/strong><\/span><\/p>\n<ul>\n<li>Determinar la cantidad total de personal educativo activo en los establecimientos de todo el pa\u00eds.<\/li>\n<li>Caracterizar los perfiles del personal docente y no docente, sus trayectorias laborales, formaci\u00f3n, condiciones de trabajo y modalidades de desempe\u00f1o.<\/li>\n<li>Conformar un registro nacional unificado que se actualizar\u00e1 peri\u00f3dicamente dentro del Sistema Integral de Informaci\u00f3n Digital Educativa &#8211; SInIDE.<\/li>\n<\/ul>\n<p><strong><span style=\"color: #ff6600;\">Desarrollo del operativo<\/span><\/strong><\/p>\n<p>El proceso, que ya se inici\u00f3, se divide en dos etapas.<\/p>\n<ul>\n<li><span style=\"color: #ff6600;\"><strong>Primera etapa:<\/strong> <\/span>se desarroll\u00f3 del 1 al 31 de Octubre de 2025. En esta fase, los equipos directivos de las escuelas y las unidades de gesti\u00f3n educativa jurisdiccionales verificaron, modificaron y confirmaron los datos administrativos del personal docente y no docente. San Juan complet\u00f3 esta etapa con el 100 % de cobertura, alcanzando a las instituciones educativas de gesti\u00f3n estatal.<\/li>\n<li><strong><span style=\"color: #ff6600;\">Segunda etapa:<\/span> <\/strong>comienza el 13 de Noviembre de 2025 y se extiende hasta mediados de Diciembre de 2025. En esta instancia, los docentes y no docentes confirmados deben completar un cuestionario digital autoadministrado a trav\u00e9s de la plataforma Mi Argentina.<\/li>\n<\/ul>\n<p>El cuestionario re\u00fane una serie de dimensiones espec\u00edficas sobre el personal educativo, abarcando aspectos socioecon\u00f3micos, formativos y laborales.<\/p>\n<p>La mayor\u00eda de las preguntas son cerradas y permiten describir, de forma homog\u00e9nea, las condiciones de trabajo y formaci\u00f3n del personal activo.<\/p>\n<p>Operativamente, deben completarlo aquellos trabajadores que tengan designaciones o funciones vigentes durante Agosto de 2025, incluyendo al personal de las Unidades de Gesti\u00f3n Escolar &#8211; UGE -. Se trata de un formulario online que puede completarse desde cualquier dispositivo con conexi\u00f3n a internet.<\/p>\n<p><strong><span style=\"color: #ff6600;\">Recuperaci\u00f3n<\/span><\/strong><\/p>\n<p>Una vez finalizada la segunda etapa, se abre un per\u00edodo de recuperaci\u00f3n destinado a incluir al personal que no haya podido participar en las instancias anteriores. En este tramo se eval\u00faan los casos de quienes se incorporen al sistema o no hayan estado en la n\u00f3mina original, siempre que cuenten con designaciones o funciones activas durante 2025.<\/p>\n<p>Las solicitudes son analizadas y, en caso de validarse, se habilita un formulario temporal diferenciado, conocido como \u201csegunda ventana\u201d, para completar el relevamiento.<\/p>\n<p><strong><span style=\"color: #ff6600;\">Situaciones especiales<\/span><\/strong><\/p>\n<p>No deben completar la c\u00e9dula censal los docentes o no docentes que durante el mes de Agosto hayan estado con licencia sin goce de haberes.<\/p>\n<p>En caso de haber iniciado la licencia sin goce de haberes despu\u00e9s de Agosto de 2025, el llenado es opcional.<\/p>\n<p>&nbsp;<\/p>\n<p><img loading=\"lazy\" decoding=\"async\" class=\"alignnone size-full wp-image-28629\" src=\"https:\/\/vocesparalelas.com.ar\/sitio\/wp-content\/uploads\/2020\/05\/MINISTERIO-EDUCACION-SJ.jpg\" alt=\"\" width=\"800\" height=\"533\" srcset=\"https:\/\/vocesparalelas.com.ar\/sitio\/wp-content\/uploads\/2020\/05\/MINISTERIO-EDUCACION-SJ.jpg 800w, https:\/\/vocesparalelas.com.ar\/sitio\/wp-content\/uploads\/2020\/05\/MINISTERIO-EDUCACION-SJ-300x200.jpg 300w, https:\/\/vocesparalelas.com.ar\/sitio\/wp-content\/uploads\/2020\/05\/MINISTERIO-EDUCACION-SJ-768x512.jpg 768w\" sizes=\"auto, (max-width: 800px) 100vw, 800px\" \/><\/p>\n","protected":false},"excerpt":{"rendered":"<p>El Ministerio de Educaci\u00f3n del Gobierno de San Juan, a trav\u00e9s del \u00c1rea de Evaluaci\u00f3n y Estad\u00edstica Educativa, comunica que<\/p>\n","protected":false},"author":3,"featured_media":27682,"comment_status":"closed","ping_status":"closed","sticky":false,"template":"","format":"standard","meta":{"_acf_changed":false,"_seopress_robots_primary_cat":"none","_seopress_titles_title":"","_seopress_titles_desc":"","_seopress_robots_index":"","colormag_page_container_layout":"default_layout","colormag_page_sidebar_layout":"default_layout","footnotes":""},"categories":[2],"tags":[],"class_list":["post-93847","post","type-post","status-publish","format-standard","has-post-thumbnail","hentry","category-convocatorias"],"acf":[],"_links":{"self":[{"href":"https:\/\/vocesparalelas.com.ar\/sitio\/wp-json\/wp\/v2\/posts\/93847","targetHints":{"allow":["GET"]}}],"collection":[{"href":"https:\/\/vocesparalelas.com.ar\/sitio\/wp-json\/wp\/v2\/posts"}],"about":[{"href":"https:\/\/vocesparalelas.com.ar\/sitio\/wp-json\/wp\/v2\/types\/post"}],"author":[{"embeddable":true,"href":"https:\/\/vocesparalelas.com.ar\/sitio\/wp-json\/wp\/v2\/users\/3"}],"replies":[{"embeddable":true,"href":"https:\/\/vocesparalelas.com.ar\/sitio\/wp-json\/wp\/v2\/comments?post=93847"}],"version-history":[{"count":1,"href":"https:\/\/vocesparalelas.com.ar\/sitio\/wp-json\/wp\/v2\/posts\/93847\/revisions"}],"predecessor-version":[{"id":93850,"href":"https:\/\/vocesparalelas.com.ar\/sitio\/wp-json\/wp\/v2\/posts\/93847\/revisions\/93850"}],"wp:featuredmedia":[{"embeddable":true,"href":"https:\/\/vocesparalelas.com.ar\/sitio\/wp-json\/wp\/v2\/media\/27682"}],"wp:attachment":[{"href":"https:\/\/vocesparalelas.com.ar\/sitio\/wp-json\/wp\/v2\/media?parent=93847"}],"wp:term":[{"taxonomy":"category","embeddable":true,"href":"https:\/\/vocesparalelas.com.ar\/sitio\/wp-json\/wp\/v2\/categories?post=93847"},{"taxonomy":"post_tag","embeddable":true,"href":"https:\/\/vocesparalelas.com.ar\/sitio\/wp-json\/wp\/v2\/tags?post=93847"}],"curies":[{"name":"wp","href":"https:\/\/api.w.org\/{rel}","templated":true}]}}