{"id":93842,"date":"2025-11-12T22:07:25","date_gmt":"2025-11-13T01:07:25","guid":{"rendered":"https:\/\/vocesparalelas.com.ar\/sitio\/?p=93842"},"modified":"2025-11-13T21:12:16","modified_gmt":"2025-11-14T00:12:16","slug":"uda-san-juan-ratifica-y-amplia-la-denuncia-ante-la-obra-social-provincia","status":"publish","type":"post","link":"https:\/\/vocesparalelas.com.ar\/sitio\/uda-san-juan-ratifica-y-amplia-la-denuncia-ante-la-obra-social-provincia\/","title":{"rendered":"UDA San Juan ratifica y ampl\u00eda la denuncia ante la Obra Social Provincia"},"content":{"rendered":"<p>La Uni\u00f3n Docentes Argentinos &#8211; UDA -, Seccional San Juan, ratifica y ampl\u00eda la denuncia ante la Obra Social Provincia &#8211; OSP -, dirigida a su interventor, Dr. Rodolfo Fasoli.<\/p>\n<p><strong><span style=\"color: #0000ff;\">El sindicato reclama la profundizaci\u00f3n de graves irregularidades y perjuicios a los afiliados, incluyendo<\/span><\/strong><\/p>\n<ul>\n<li>Altos costos a cargo del afiliado por falta de cobertura en pr\u00f3tesis, descartables en internaci\u00f3n, y otros.<\/li>\n<li>Cobro generalizado e indebido de \u00abplus\u00bb ilegal en consultas m\u00e9dicas ($25.000) y otros servicios.<\/li>\n<li>Demoras y burocracia excesiva en autorizaciones de estudios, medicaci\u00f3n cr\u00f3nica y reintegros.<\/li>\n<li>Reducci\u00f3n de prestaciones y baja en la cobertura de medicamentos cr\u00f3nicos, entre otros.<\/li>\n<\/ul>\n<p>UDA demanda una soluci\u00f3n urgente, a las autoridades provinciales ante reiterados reclamos de los afiliados docentes de San Juan.<\/p>\n<p><strong><span style=\"color: #0000ff;\">Informaci\u00f3n de Recepci\u00f3n<\/span><\/strong><\/p>\n<p>Este documento fue recibido en Mesa de Entradas de la Obra Social de la Provincia bajo el Expediente N\u00b0 813 U 12343.<\/p>\n<p><img loading=\"lazy\" decoding=\"async\" class=\"alignnone size-full wp-image-74657\" src=\"https:\/\/vocesparalelas.com.ar\/sitio\/wp-content\/uploads\/2024\/07\/UDA-SAN-JUAN-01.jpg\" alt=\"\" width=\"800\" height=\"443\" srcset=\"https:\/\/vocesparalelas.com.ar\/sitio\/wp-content\/uploads\/2024\/07\/UDA-SAN-JUAN-01.jpg 800w, https:\/\/vocesparalelas.com.ar\/sitio\/wp-content\/uploads\/2024\/07\/UDA-SAN-JUAN-01-300x166.jpg 300w, https:\/\/vocesparalelas.com.ar\/sitio\/wp-content\/uploads\/2024\/07\/UDA-SAN-JUAN-01-768x425.jpg 768w\" sizes=\"auto, (max-width: 800px) 100vw, 800px\" \/><\/p>\n<p>&nbsp;<\/p>\n","protected":false},"excerpt":{"rendered":"<p>La Uni\u00f3n Docentes Argentinos &#8211; UDA -, Seccional San Juan, ratifica y ampl\u00eda la denuncia ante la Obra Social Provincia<\/p>\n","protected":false},"author":3,"featured_media":10321,"comment_status":"closed","ping_status":"closed","sticky":false,"template":"","format":"standard","meta":{"_acf_changed":false,"_seopress_robots_primary_cat":"none","_seopress_titles_title":"","_seopress_titles_desc":"","_seopress_robots_index":"","colormag_page_container_layout":"default_layout","colormag_page_sidebar_layout":"default_layout","footnotes":""},"categories":[5],"tags":[],"class_list":["post-93842","post","type-post","status-publish","format-standard","has-post-thumbnail","hentry","category-ofrecimientos"],"acf":[],"_links":{"self":[{"href":"https:\/\/vocesparalelas.com.ar\/sitio\/wp-json\/wp\/v2\/posts\/93842","targetHints":{"allow":["GET"]}}],"collection":[{"href":"https:\/\/vocesparalelas.com.ar\/sitio\/wp-json\/wp\/v2\/posts"}],"about":[{"href":"https:\/\/vocesparalelas.com.ar\/sitio\/wp-json\/wp\/v2\/types\/post"}],"author":[{"embeddable":true,"href":"https:\/\/vocesparalelas.com.ar\/sitio\/wp-json\/wp\/v2\/users\/3"}],"replies":[{"embeddable":true,"href":"https:\/\/vocesparalelas.com.ar\/sitio\/wp-json\/wp\/v2\/comments?post=93842"}],"version-history":[{"count":2,"href":"https:\/\/vocesparalelas.com.ar\/sitio\/wp-json\/wp\/v2\/posts\/93842\/revisions"}],"predecessor-version":[{"id":93846,"href":"https:\/\/vocesparalelas.com.ar\/sitio\/wp-json\/wp\/v2\/posts\/93842\/revisions\/93846"}],"wp:featuredmedia":[{"embeddable":true,"href":"https:\/\/vocesparalelas.com.ar\/sitio\/wp-json\/wp\/v2\/media\/10321"}],"wp:attachment":[{"href":"https:\/\/vocesparalelas.com.ar\/sitio\/wp-json\/wp\/v2\/media?parent=93842"}],"wp:term":[{"taxonomy":"category","embeddable":true,"href":"https:\/\/vocesparalelas.com.ar\/sitio\/wp-json\/wp\/v2\/categories?post=93842"},{"taxonomy":"post_tag","embeddable":true,"href":"https:\/\/vocesparalelas.com.ar\/sitio\/wp-json\/wp\/v2\/tags?post=93842"}],"curies":[{"name":"wp","href":"https:\/\/api.w.org\/{rel}","templated":true}]}}