{"id":93837,"date":"2025-11-12T18:55:46","date_gmt":"2025-11-12T21:55:46","guid":{"rendered":"https:\/\/vocesparalelas.com.ar\/sitio\/?p=93837"},"modified":"2025-11-13T21:13:54","modified_gmt":"2025-11-14T00:13:54","slug":"dialogo-academico-argentina-rusia-en-la-ffha-de-la-unsj","status":"publish","type":"post","link":"https:\/\/vocesparalelas.com.ar\/sitio\/dialogo-academico-argentina-rusia-en-la-ffha-de-la-unsj\/","title":{"rendered":"Di\u00e1logo Acad\u00e9mico Argentina\u2013Rusia en la FFHA de la UNSJ"},"content":{"rendered":"<p>El Viernes, 14 de Noviembre, a las 10 hs.; en la Sala de Audio y Video de la Facultad de Filosof\u00eda, Humanidades y Artes de la Universidad Nacional de San Juan invita a la comunidad al Di\u00e1logo Acad\u00e9mico Argentina\u2013Rusia, en conmemoraci\u00f3n del 140\u00b0 aniversario de las relaciones diplom\u00e1ticas entre ambos pa\u00edses, organizada por el Gabinete de Estudios e Investigaciones de Oriente.<\/p>\n<p><span style=\"color: #ff6600;\"><strong>Programa<\/strong><\/span><\/p>\n<ul>\n<li>Dra. Dina Oyun \u2013 Directora de Casa Rusa en Buenos Aires \u00ab140 Aniversario Relaciones Argentina\u2013Rusia\u00bb<\/li>\n<li>Dra. Delia Otero \u2013 Profesora Titular de Historia Argentina III, UNSJ \u00abLas relaciones Argentina\u2013Rusia durante el primer peronismo. Aproximaciones al rol de Federico Cantoni y Leopoldo Bravo.\u00bb<\/li>\n<\/ul>\n<p>Una valiosa oportunidad para reflexionar sobre los lazos hist\u00f3ricos, culturales y diplom\u00e1ticos entre ambas naciones.<\/p>\n<p><img loading=\"lazy\" decoding=\"async\" class=\"alignnone size-large wp-image-43889\" src=\"https:\/\/vocesparalelas.com.ar\/sitio\/wp-content\/uploads\/2021\/11\/FFHA-FRENTE-1-800x600.jpg\" alt=\"\" width=\"800\" height=\"600\" srcset=\"https:\/\/vocesparalelas.com.ar\/sitio\/wp-content\/uploads\/2021\/11\/FFHA-FRENTE-1-800x600.jpg 800w, https:\/\/vocesparalelas.com.ar\/sitio\/wp-content\/uploads\/2021\/11\/FFHA-FRENTE-1-300x225.jpg 300w, https:\/\/vocesparalelas.com.ar\/sitio\/wp-content\/uploads\/2021\/11\/FFHA-FRENTE-1-768x576.jpg 768w, https:\/\/vocesparalelas.com.ar\/sitio\/wp-content\/uploads\/2021\/11\/FFHA-FRENTE-1.jpg 1024w\" sizes=\"auto, (max-width: 800px) 100vw, 800px\" \/><\/p>\n","protected":false},"excerpt":{"rendered":"<p>El Viernes, 14 de Noviembre, a las 10 hs.; en la Sala de Audio y Video de la Facultad de<\/p>\n","protected":false},"author":3,"featured_media":93840,"comment_status":"closed","ping_status":"closed","sticky":false,"template":"","format":"standard","meta":{"_acf_changed":false,"_seopress_robots_primary_cat":"none","_seopress_titles_title":"","_seopress_titles_desc":"","_seopress_robots_index":"","colormag_page_container_layout":"default_layout","colormag_page_sidebar_layout":"default_layout","footnotes":""},"categories":[6],"tags":[],"class_list":["post-93837","post","type-post","status-publish","format-standard","has-post-thumbnail","hentry","category-eventos"],"acf":[],"_links":{"self":[{"href":"https:\/\/vocesparalelas.com.ar\/sitio\/wp-json\/wp\/v2\/posts\/93837","targetHints":{"allow":["GET"]}}],"collection":[{"href":"https:\/\/vocesparalelas.com.ar\/sitio\/wp-json\/wp\/v2\/posts"}],"about":[{"href":"https:\/\/vocesparalelas.com.ar\/sitio\/wp-json\/wp\/v2\/types\/post"}],"author":[{"embeddable":true,"href":"https:\/\/vocesparalelas.com.ar\/sitio\/wp-json\/wp\/v2\/users\/3"}],"replies":[{"embeddable":true,"href":"https:\/\/vocesparalelas.com.ar\/sitio\/wp-json\/wp\/v2\/comments?post=93837"}],"version-history":[{"count":1,"href":"https:\/\/vocesparalelas.com.ar\/sitio\/wp-json\/wp\/v2\/posts\/93837\/revisions"}],"predecessor-version":[{"id":93841,"href":"https:\/\/vocesparalelas.com.ar\/sitio\/wp-json\/wp\/v2\/posts\/93837\/revisions\/93841"}],"wp:featuredmedia":[{"embeddable":true,"href":"https:\/\/vocesparalelas.com.ar\/sitio\/wp-json\/wp\/v2\/media\/93840"}],"wp:attachment":[{"href":"https:\/\/vocesparalelas.com.ar\/sitio\/wp-json\/wp\/v2\/media?parent=93837"}],"wp:term":[{"taxonomy":"category","embeddable":true,"href":"https:\/\/vocesparalelas.com.ar\/sitio\/wp-json\/wp\/v2\/categories?post=93837"},{"taxonomy":"post_tag","embeddable":true,"href":"https:\/\/vocesparalelas.com.ar\/sitio\/wp-json\/wp\/v2\/tags?post=93837"}],"curies":[{"name":"wp","href":"https:\/\/api.w.org\/{rel}","templated":true}]}}