{"id":93833,"date":"2025-11-12T20:52:51","date_gmt":"2025-11-12T23:52:51","guid":{"rendered":"https:\/\/vocesparalelas.com.ar\/sitio\/?p=93833"},"modified":"2025-11-13T20:49:11","modified_gmt":"2025-11-13T23:49:11","slug":"extravio-o-robo-de-netbooks-del-programa-maestro-de-america-en-san-juan","status":"publish","type":"post","link":"https:\/\/vocesparalelas.com.ar\/sitio\/extravio-o-robo-de-netbooks-del-programa-maestro-de-america-en-san-juan\/","title":{"rendered":"Extrav\u00edo o robo de netbooks del programa Maestro de Am\u00e9rica en San Juan"},"content":{"rendered":"<p data-start=\"515\" data-end=\"813\">La Secretar\u00eda de Transformaci\u00f3n Digital y Modernizaci\u00f3n del Estado, dependiente del Ministerio de Econom\u00eda, Finanzas y Hacienda del Gobierno de San Juan, informa el procedimiento vigente en caso de extrav\u00edo o robo de los equipos entregados en el marco del programa Maestro de Am\u00e9rica.<\/p>\n<p data-start=\"815\" data-end=\"1059\">Ante estas situaciones, los beneficiarios deben realizar la denuncia policial correspondiente en la seccional m\u00e1s cercana a su domicilio, paso necesario para proceder posteriormente al bloqueo del dispositivo y evitar su uso indebido.<\/p>\n<p data-start=\"1061\" data-end=\"1417\">En el caso de las netbooks asignadas a estudiantes, la denuncia debe ser efectuada por el Tutor del alumno, quien debe presentarse con su DNI, el DNI del estudiante y, si es posible, una copia del contrato recibido al momento de la entrega del equipo. Si no dispone del contrato, basta con los documentos de identidad mencionados.<\/p>\n<p data-start=\"1419\" data-end=\"1624\">En tanto, los docentes beneficiarios del programa que hayan sufrido el robo o extrav\u00edo de su notebook deben realizar la denuncia con su DNI y una fotocopia del contrato, si la tuvieren.<\/p>\n<p data-start=\"1626\" data-end=\"1909\">Una vez completada la denuncia, el documento debe presentarse en el Dep\u00f3sito Central del Ministerio de Educaci\u00f3n, 9 de Julio 1511 &#8211; E &#8211; , esquina lateral de Avenida de Circunvalaci\u00f3n, Departamento Santa Luc\u00eda, donde se realiza el bloqueo del equipo denunciado.<\/p>\n<p data-start=\"1911\" data-end=\"2234\">Desde la Secretar\u00eda se recuerda que este procedimiento debe ser tramitado \u00fanicamente con personal autorizado, a fin de garantizar la seguridad de los dispositivos, la protecci\u00f3n de los datos personales y el correcto seguimiento administrativo de cada caso.<\/p>\n<p data-start=\"2236\" data-end=\"2461\">El Gobierno de San Juan reafirma as\u00ed su compromiso con el uso responsable de la tecnolog\u00eda educativa y la transparencia en la gesti\u00f3n de los recursos digitales destinados a docentes y estudiantes de toda la provincia.<\/p>\n<p data-start=\"2236\" data-end=\"2461\"><img loading=\"lazy\" decoding=\"async\" class=\"alignnone size-full wp-image-40018\" src=\"https:\/\/vocesparalelas.com.ar\/sitio\/wp-content\/uploads\/2021\/07\/DEPOSITO-EDUCACION.jpg\" alt=\"\" width=\"800\" height=\"454\" srcset=\"https:\/\/vocesparalelas.com.ar\/sitio\/wp-content\/uploads\/2021\/07\/DEPOSITO-EDUCACION.jpg 800w, https:\/\/vocesparalelas.com.ar\/sitio\/wp-content\/uploads\/2021\/07\/DEPOSITO-EDUCACION-300x170.jpg 300w, https:\/\/vocesparalelas.com.ar\/sitio\/wp-content\/uploads\/2021\/07\/DEPOSITO-EDUCACION-768x436.jpg 768w\" sizes=\"auto, (max-width: 800px) 100vw, 800px\" \/><\/p>\n<p data-start=\"2236\" data-end=\"2461\">\n","protected":false},"excerpt":{"rendered":"<p>La Secretar\u00eda de Transformaci\u00f3n Digital y Modernizaci\u00f3n del Estado, dependiente del Ministerio de Econom\u00eda, Finanzas y Hacienda del Gobierno de<\/p>\n","protected":false},"author":3,"featured_media":43589,"comment_status":"closed","ping_status":"closed","sticky":false,"template":"","format":"standard","meta":{"_acf_changed":false,"_seopress_robots_primary_cat":"none","_seopress_titles_title":"","_seopress_titles_desc":"","_seopress_robots_index":"","colormag_page_container_layout":"default_layout","colormag_page_sidebar_layout":"default_layout","footnotes":""},"categories":[5],"tags":[],"class_list":["post-93833","post","type-post","status-publish","format-standard","has-post-thumbnail","hentry","category-ofrecimientos"],"acf":[],"_links":{"self":[{"href":"https:\/\/vocesparalelas.com.ar\/sitio\/wp-json\/wp\/v2\/posts\/93833","targetHints":{"allow":["GET"]}}],"collection":[{"href":"https:\/\/vocesparalelas.com.ar\/sitio\/wp-json\/wp\/v2\/posts"}],"about":[{"href":"https:\/\/vocesparalelas.com.ar\/sitio\/wp-json\/wp\/v2\/types\/post"}],"author":[{"embeddable":true,"href":"https:\/\/vocesparalelas.com.ar\/sitio\/wp-json\/wp\/v2\/users\/3"}],"replies":[{"embeddable":true,"href":"https:\/\/vocesparalelas.com.ar\/sitio\/wp-json\/wp\/v2\/comments?post=93833"}],"version-history":[{"count":1,"href":"https:\/\/vocesparalelas.com.ar\/sitio\/wp-json\/wp\/v2\/posts\/93833\/revisions"}],"predecessor-version":[{"id":93836,"href":"https:\/\/vocesparalelas.com.ar\/sitio\/wp-json\/wp\/v2\/posts\/93833\/revisions\/93836"}],"wp:featuredmedia":[{"embeddable":true,"href":"https:\/\/vocesparalelas.com.ar\/sitio\/wp-json\/wp\/v2\/media\/43589"}],"wp:attachment":[{"href":"https:\/\/vocesparalelas.com.ar\/sitio\/wp-json\/wp\/v2\/media?parent=93833"}],"wp:term":[{"taxonomy":"category","embeddable":true,"href":"https:\/\/vocesparalelas.com.ar\/sitio\/wp-json\/wp\/v2\/categories?post=93833"},{"taxonomy":"post_tag","embeddable":true,"href":"https:\/\/vocesparalelas.com.ar\/sitio\/wp-json\/wp\/v2\/tags?post=93833"}],"curies":[{"name":"wp","href":"https:\/\/api.w.org\/{rel}","templated":true}]}}