{"id":93820,"date":"2025-11-12T13:50:46","date_gmt":"2025-11-12T16:50:46","guid":{"rendered":"https:\/\/vocesparalelas.com.ar\/sitio\/?p=93820"},"modified":"2025-11-14T00:47:28","modified_gmt":"2025-11-14T03:47:28","slug":"epre-exige-a-la-empresa-naturgy-san-juan-s-a-un-plan-de-obras-para-la-mejora-de-calidad-del-servicio-electrico-en-el-departamento-calingasta","status":"publish","type":"post","link":"https:\/\/vocesparalelas.com.ar\/sitio\/epre-exige-a-la-empresa-naturgy-san-juan-s-a-un-plan-de-obras-para-la-mejora-de-calidad-del-servicio-electrico-en-el-departamento-calingasta\/","title":{"rendered":"EPRE exige a la Empresa Naturgy San Juan S.A. un \u201cPlan de Obras para la Mejora de Calidad del Servicio El\u00e9ctrico\u00bb en el Departamento Calingasta"},"content":{"rendered":"<p>Mediante Resoluci\u00f3n E.P.R.E. N\u00b0 0987\/25, el Ente Provincial Regulador de la Electricidad intim\u00f3 a Naturgy San Juan S.A. a presentar un \u201cPlan de Obras para la Mejora de la Calidad del Servicio en el Departamento Calingasta\u201d<\/p>\n<p>Los an\u00e1lisis t\u00e9cnicos relevados, y los reclamos recibidos, evidencian que el servicio en Calingasta no se ajusta a los est\u00e1ndares y par\u00e1metros del Contrato de Concesi\u00f3n, superando la cantidad promedio de cortes y su duraci\u00f3n promedio en el Departamento, la media del resto del Sistema Interconectado Provincial.<\/p>\n<p>Se busca establecer un Plan de Obras para dar soluci\u00f3n concreta y definitiva a estos problemas, que impactan directamente en la calidad de vida de los hogares, comercios e industrias del departamento.<\/p>\n<p>El Plan de Obras se constituye \u00abPrograma de Remediaci\u00f3n Obligatorio y Vinculante\u00bb, exigi\u00e9ndose la ejecuci\u00f3n infraestructura el\u00e9ctrica e inversiones de modernizaci\u00f3n, junto con un plan de mantenimiento preventivo y correctivo de las instalaciones existentes.<\/p>\n<p>La medida adoptada se enmarca en las facultades del E.P.R.E. para proteger los derechos de las personas usuarias, siendo obligaci\u00f3n de la Distribuidora prestar el servicio con calidad, continuidad, regularidad y eficiencia.<\/p>\n<p>&nbsp;<\/p>\n<p style=\"text-align: right;\">Directorio E.P.R.E.<\/p>\n<p>&nbsp;<\/p>\n<p><img loading=\"lazy\" decoding=\"async\" class=\"alignnone size-large wp-image-13806\" src=\"https:\/\/vocesparalelas.com.ar\/sitio\/wp-content\/uploads\/2018\/07\/BARREAL-800x532.jpg\" alt=\"\" width=\"800\" height=\"532\" srcset=\"https:\/\/vocesparalelas.com.ar\/sitio\/wp-content\/uploads\/2018\/07\/BARREAL-800x532.jpg 800w, https:\/\/vocesparalelas.com.ar\/sitio\/wp-content\/uploads\/2018\/07\/BARREAL-300x200.jpg 300w, https:\/\/vocesparalelas.com.ar\/sitio\/wp-content\/uploads\/2018\/07\/BARREAL-768x511.jpg 768w, https:\/\/vocesparalelas.com.ar\/sitio\/wp-content\/uploads\/2018\/07\/BARREAL.jpg 1000w\" sizes=\"auto, (max-width: 800px) 100vw, 800px\" \/><\/p>\n<p>&nbsp;<\/p>\n<p>&nbsp;<\/p>\n","protected":false},"excerpt":{"rendered":"<p>Mediante Resoluci\u00f3n E.P.R.E. N\u00b0 0987\/25, el Ente Provincial Regulador de la Electricidad intim\u00f3 a Naturgy San Juan S.A. a presentar<\/p>\n","protected":false},"author":3,"featured_media":85438,"comment_status":"closed","ping_status":"closed","sticky":false,"template":"","format":"standard","meta":{"_acf_changed":false,"_seopress_robots_primary_cat":"none","_seopress_titles_title":"","_seopress_titles_desc":"","_seopress_robots_index":"","colormag_page_container_layout":"default_layout","colormag_page_sidebar_layout":"default_layout","footnotes":""},"categories":[2],"tags":[],"class_list":["post-93820","post","type-post","status-publish","format-standard","has-post-thumbnail","hentry","category-convocatorias"],"acf":[],"_links":{"self":[{"href":"https:\/\/vocesparalelas.com.ar\/sitio\/wp-json\/wp\/v2\/posts\/93820","targetHints":{"allow":["GET"]}}],"collection":[{"href":"https:\/\/vocesparalelas.com.ar\/sitio\/wp-json\/wp\/v2\/posts"}],"about":[{"href":"https:\/\/vocesparalelas.com.ar\/sitio\/wp-json\/wp\/v2\/types\/post"}],"author":[{"embeddable":true,"href":"https:\/\/vocesparalelas.com.ar\/sitio\/wp-json\/wp\/v2\/users\/3"}],"replies":[{"embeddable":true,"href":"https:\/\/vocesparalelas.com.ar\/sitio\/wp-json\/wp\/v2\/comments?post=93820"}],"version-history":[{"count":1,"href":"https:\/\/vocesparalelas.com.ar\/sitio\/wp-json\/wp\/v2\/posts\/93820\/revisions"}],"predecessor-version":[{"id":93823,"href":"https:\/\/vocesparalelas.com.ar\/sitio\/wp-json\/wp\/v2\/posts\/93820\/revisions\/93823"}],"wp:featuredmedia":[{"embeddable":true,"href":"https:\/\/vocesparalelas.com.ar\/sitio\/wp-json\/wp\/v2\/media\/85438"}],"wp:attachment":[{"href":"https:\/\/vocesparalelas.com.ar\/sitio\/wp-json\/wp\/v2\/media?parent=93820"}],"wp:term":[{"taxonomy":"category","embeddable":true,"href":"https:\/\/vocesparalelas.com.ar\/sitio\/wp-json\/wp\/v2\/categories?post=93820"},{"taxonomy":"post_tag","embeddable":true,"href":"https:\/\/vocesparalelas.com.ar\/sitio\/wp-json\/wp\/v2\/tags?post=93820"}],"curies":[{"name":"wp","href":"https:\/\/api.w.org\/{rel}","templated":true}]}}