{"id":93795,"date":"2025-11-12T08:00:52","date_gmt":"2025-11-12T11:00:52","guid":{"rendered":"https:\/\/vocesparalelas.com.ar\/sitio\/?p=93795"},"modified":"2025-11-12T21:01:32","modified_gmt":"2025-11-13T00:01:32","slug":"el-federalismo-educativo-de-gestion-privada-no-es-aplicable-en-san-juan","status":"publish","type":"post","link":"https:\/\/vocesparalelas.com.ar\/sitio\/el-federalismo-educativo-de-gestion-privada-no-es-aplicable-en-san-juan\/","title":{"rendered":"El federalismo educativo de gesti\u00f3n privada no es aplicable en San Juan"},"content":{"rendered":"<p>El Ministerio de Educaci\u00f3n del Gobierno de San Juan , a trav\u00e9s de la Direcci\u00f3n de Educaci\u00f3n Privada, informa que el Decreto 787\/2025 que deroga la regulaci\u00f3n de aranceles en instituciones educativas de gesti\u00f3n privada no es aplicable en San Juan, ya que, la Provincia cuenta con su propia normativa.<\/p>\n<p>En virtud del federalismo educativo, prevalece la normativa jurisdiccional, es decir que si bien el Dto. 787\/2025 es v\u00e1lido a nivel nacional, no es aplicable en San Juan porque esta jurisdicci\u00f3n ejerce su poder de polic\u00eda mediante normativa propia, Ley 1327-H, Dto. 7-2018-H y Resoluciones IPADEP, las cuales mantienen la obligaci\u00f3n de autorizaci\u00f3n previa de la autoridad educativa provincial para cualquier aumento de arancel, Art. 142 inc. III.6 y IV.6 Dto. 7-2018-H.<\/p>\n<p>Por lo tanto la normativa aplicable y obligatoria para los establecimientos educativos de gesti\u00f3n privada en San Juan, en cuanto a la fijaci\u00f3n y modificaci\u00f3n de aranceles, contin\u00faa siendo la jurisdiccional, la que exige la intervenci\u00f3n y autorizaci\u00f3n previa de la Direcci\u00f3n de Educaci\u00f3n Privada.<\/p>\n<p><strong><span style=\"color: #ff6600;\">Detalles<\/span><\/strong><\/p>\n<ul>\n<li>Competencia Provincial en la Regulaci\u00f3n de Aranceles de la Educaci\u00f3n de Gesti\u00f3n Privada<\/li>\n<li>El Decreto PEN N\u00b0 787\/2025 y su esp\u00edritu desregulatorio no son aplicables en San Juan en lo que respecta a la fijaci\u00f3n de aranceles educativos.<\/li>\n<\/ul>\n<p>Esto se fundamenta en el principio constitucional de federalismo y en la transferencia de servicios educativos a las provincias (Ley N\u00b0 24.049), lo que otorga a San Juan la potestad exclusiva para administrar y gestionar la educaci\u00f3n, incluida la de gesti\u00f3n privada.<\/p>\n<p><span style=\"color: #ff6600;\"><strong>La normativa provincial que rige la materia es la siguiente:<\/strong><\/span><\/p>\n<ul>\n<li>Ley de Educaci\u00f3n N\u00b0 1327-H y su Decreto Reglamentario N\u00b0 7-2018-H.<\/li>\n<li>Resoluci\u00f3n Conjunta N\u00b0 0140-MHF \/ N\u00b0 1219-ME (que establece el IPADEP &#8211; \u00cdndice Provincial de Aranceles de Educaci\u00f3n Privada).<\/li>\n<\/ul>\n<p><span style=\"color: #ff6600;\"><strong>Elementos claves de la Normativa Provincial Vigente<\/strong><\/span><\/p>\n<ol>\n<li>Autorizaci\u00f3n Previa Obligatoria: Las instituciones de gesti\u00f3n privada tienen la obligaci\u00f3n de contar con la autorizaci\u00f3n previa de la Direcci\u00f3n de Educaci\u00f3n Privada (DEP) del Ministerio de Educaci\u00f3n para implementar cualquier aumento en el arancel. El incumplimiento de esta disposici\u00f3n es una falta a la normativa local.<\/li>\n<li>Arancel y Matr\u00edcula: Se mantiene la limitaci\u00f3n de cobro de una cuota mensual por 10 meses y una cuota de matr\u00edcula anual que no debe superar el valor de dos cuotas mensuales.<\/li>\n<li>Prohibici\u00f3n de Retenci\u00f3n de Documentaci\u00f3n: Se proh\u00edbe la retenci\u00f3n de documentaci\u00f3n oficial del alumno por falta de pago de aranceles.<\/li>\n<li>IPADEP como Referente: El \u00cdndice Provincial de Aranceles de Educaci\u00f3n Privada (IPADEP) sigue siendo el procedimiento ordinario y la referencia para la recomposici\u00f3n y posterior autorizaci\u00f3n de los incrementos arancelarios por parte del Ministerio de Educaci\u00f3n.<\/li>\n<\/ol>\n<p>En resumen, el Ministerio de Educaci\u00f3n ratifica que la fijaci\u00f3n y modificaci\u00f3n de aranceles en la educaci\u00f3n de gesti\u00f3n privada en San Juan, requiere la intervenci\u00f3n y autorizaci\u00f3n previa de la autoridad educativa provincial.<\/p>\n<p><img loading=\"lazy\" decoding=\"async\" class=\"alignnone size-full wp-image-28629\" src=\"https:\/\/vocesparalelas.com.ar\/sitio\/wp-content\/uploads\/2020\/05\/MINISTERIO-EDUCACION-SJ.jpg\" alt=\"\" width=\"800\" height=\"533\" srcset=\"https:\/\/vocesparalelas.com.ar\/sitio\/wp-content\/uploads\/2020\/05\/MINISTERIO-EDUCACION-SJ.jpg 800w, https:\/\/vocesparalelas.com.ar\/sitio\/wp-content\/uploads\/2020\/05\/MINISTERIO-EDUCACION-SJ-300x200.jpg 300w, https:\/\/vocesparalelas.com.ar\/sitio\/wp-content\/uploads\/2020\/05\/MINISTERIO-EDUCACION-SJ-768x512.jpg 768w\" sizes=\"auto, (max-width: 800px) 100vw, 800px\" \/><\/p>\n","protected":false},"excerpt":{"rendered":"<p>El Ministerio de Educaci\u00f3n del Gobierno de San Juan , a trav\u00e9s de la Direcci\u00f3n de Educaci\u00f3n Privada, informa que<\/p>\n","protected":false},"author":3,"featured_media":37710,"comment_status":"closed","ping_status":"closed","sticky":false,"template":"","format":"standard","meta":{"_acf_changed":false,"_seopress_robots_primary_cat":"none","_seopress_titles_title":"","_seopress_titles_desc":"","_seopress_robots_index":"","colormag_page_container_layout":"default_layout","colormag_page_sidebar_layout":"default_layout","footnotes":""},"categories":[5],"tags":[],"class_list":["post-93795","post","type-post","status-publish","format-standard","has-post-thumbnail","hentry","category-ofrecimientos"],"acf":[],"_links":{"self":[{"href":"https:\/\/vocesparalelas.com.ar\/sitio\/wp-json\/wp\/v2\/posts\/93795","targetHints":{"allow":["GET"]}}],"collection":[{"href":"https:\/\/vocesparalelas.com.ar\/sitio\/wp-json\/wp\/v2\/posts"}],"about":[{"href":"https:\/\/vocesparalelas.com.ar\/sitio\/wp-json\/wp\/v2\/types\/post"}],"author":[{"embeddable":true,"href":"https:\/\/vocesparalelas.com.ar\/sitio\/wp-json\/wp\/v2\/users\/3"}],"replies":[{"embeddable":true,"href":"https:\/\/vocesparalelas.com.ar\/sitio\/wp-json\/wp\/v2\/comments?post=93795"}],"version-history":[{"count":1,"href":"https:\/\/vocesparalelas.com.ar\/sitio\/wp-json\/wp\/v2\/posts\/93795\/revisions"}],"predecessor-version":[{"id":93798,"href":"https:\/\/vocesparalelas.com.ar\/sitio\/wp-json\/wp\/v2\/posts\/93795\/revisions\/93798"}],"wp:featuredmedia":[{"embeddable":true,"href":"https:\/\/vocesparalelas.com.ar\/sitio\/wp-json\/wp\/v2\/media\/37710"}],"wp:attachment":[{"href":"https:\/\/vocesparalelas.com.ar\/sitio\/wp-json\/wp\/v2\/media?parent=93795"}],"wp:term":[{"taxonomy":"category","embeddable":true,"href":"https:\/\/vocesparalelas.com.ar\/sitio\/wp-json\/wp\/v2\/categories?post=93795"},{"taxonomy":"post_tag","embeddable":true,"href":"https:\/\/vocesparalelas.com.ar\/sitio\/wp-json\/wp\/v2\/tags?post=93795"}],"curies":[{"name":"wp","href":"https:\/\/api.w.org\/{rel}","templated":true}]}}