{"id":93792,"date":"2025-11-12T10:05:07","date_gmt":"2025-11-12T13:05:07","guid":{"rendered":"https:\/\/vocesparalelas.com.ar\/sitio\/?p=93792"},"modified":"2025-11-12T10:05:52","modified_gmt":"2025-11-12T13:05:52","slug":"se-reprograman-los-turnos-asignados-de-la-junta-de-clasificacion-docente-rama-primaria-de-san-juan","status":"publish","type":"post","link":"https:\/\/vocesparalelas.com.ar\/sitio\/se-reprograman-los-turnos-asignados-de-la-junta-de-clasificacion-docente-rama-primaria-de-san-juan\/","title":{"rendered":"Se reprograman los turnos asignados de la Junta de Clasificaci\u00f3n Docente Rama Primaria de San Juan"},"content":{"rendered":"<p>El Ministerio de Educaci\u00f3n\u00a0 del Gobierno de San Juan, a trav\u00e9s de la Junta de Clasificaci\u00f3n Docente Rama Primaria, informa a la comunidad educativa la reprogramaci\u00f3n de los turnos asignados para la inscripci\u00f3n-valoraci\u00f3n-notificaci\u00f3n, correspondiente al 21 y 24 de Noviembre de 2025, en virtud del feriado dispuesto por la autoridad gubernamental.<\/p>\n<p>Los turnos concedidos para los d\u00edas mencionados se reprograman, pudiendo asistir durante cualquier otro d\u00eda de Noviembre en el turno ma\u00f1ana.<\/p>\n<p>Cabe aclarar que la instancia presencial se desarrolla en la sede de la Junta de Clasificaci\u00f3n Docente Rama Primaria,\u00a0 Tucum\u00e1n 75 Norte, en la fecha y horario consignado en el comprobante del turno online.<\/p>\n<p><img loading=\"lazy\" decoding=\"async\" class=\"alignnone size-full wp-image-28629\" src=\"https:\/\/vocesparalelas.com.ar\/sitio\/wp-content\/uploads\/2020\/05\/MINISTERIO-EDUCACION-SJ.jpg\" alt=\"\" width=\"800\" height=\"533\" srcset=\"https:\/\/vocesparalelas.com.ar\/sitio\/wp-content\/uploads\/2020\/05\/MINISTERIO-EDUCACION-SJ.jpg 800w, https:\/\/vocesparalelas.com.ar\/sitio\/wp-content\/uploads\/2020\/05\/MINISTERIO-EDUCACION-SJ-300x200.jpg 300w, https:\/\/vocesparalelas.com.ar\/sitio\/wp-content\/uploads\/2020\/05\/MINISTERIO-EDUCACION-SJ-768x512.jpg 768w\" sizes=\"auto, (max-width: 800px) 100vw, 800px\" \/><\/p>\n","protected":false},"excerpt":{"rendered":"<p>El Ministerio de Educaci\u00f3n\u00a0 del Gobierno de San Juan, a trav\u00e9s de la Junta de Clasificaci\u00f3n Docente Rama Primaria, informa<\/p>\n","protected":false},"author":3,"featured_media":5000,"comment_status":"closed","ping_status":"closed","sticky":false,"template":"","format":"standard","meta":{"_acf_changed":false,"_seopress_robots_primary_cat":"none","_seopress_titles_title":"","_seopress_titles_desc":"","_seopress_robots_index":"","colormag_page_container_layout":"default_layout","colormag_page_sidebar_layout":"default_layout","footnotes":""},"categories":[1],"tags":[],"class_list":["post-93792","post","type-post","status-publish","format-standard","has-post-thumbnail","hentry","category-destacadas"],"acf":[],"_links":{"self":[{"href":"https:\/\/vocesparalelas.com.ar\/sitio\/wp-json\/wp\/v2\/posts\/93792","targetHints":{"allow":["GET"]}}],"collection":[{"href":"https:\/\/vocesparalelas.com.ar\/sitio\/wp-json\/wp\/v2\/posts"}],"about":[{"href":"https:\/\/vocesparalelas.com.ar\/sitio\/wp-json\/wp\/v2\/types\/post"}],"author":[{"embeddable":true,"href":"https:\/\/vocesparalelas.com.ar\/sitio\/wp-json\/wp\/v2\/users\/3"}],"replies":[{"embeddable":true,"href":"https:\/\/vocesparalelas.com.ar\/sitio\/wp-json\/wp\/v2\/comments?post=93792"}],"version-history":[{"count":2,"href":"https:\/\/vocesparalelas.com.ar\/sitio\/wp-json\/wp\/v2\/posts\/93792\/revisions"}],"predecessor-version":[{"id":93803,"href":"https:\/\/vocesparalelas.com.ar\/sitio\/wp-json\/wp\/v2\/posts\/93792\/revisions\/93803"}],"wp:featuredmedia":[{"embeddable":true,"href":"https:\/\/vocesparalelas.com.ar\/sitio\/wp-json\/wp\/v2\/media\/5000"}],"wp:attachment":[{"href":"https:\/\/vocesparalelas.com.ar\/sitio\/wp-json\/wp\/v2\/media?parent=93792"}],"wp:term":[{"taxonomy":"category","embeddable":true,"href":"https:\/\/vocesparalelas.com.ar\/sitio\/wp-json\/wp\/v2\/categories?post=93792"},{"taxonomy":"post_tag","embeddable":true,"href":"https:\/\/vocesparalelas.com.ar\/sitio\/wp-json\/wp\/v2\/tags?post=93792"}],"curies":[{"name":"wp","href":"https:\/\/api.w.org\/{rel}","templated":true}]}}