{"id":93774,"date":"2025-11-11T21:38:51","date_gmt":"2025-11-12T00:38:51","guid":{"rendered":"https:\/\/vocesparalelas.com.ar\/sitio\/?p=93774"},"modified":"2025-11-12T20:10:05","modified_gmt":"2025-11-12T23:10:05","slug":"requisitos-para-inscribirse-en-el-padron-de-postulantes-al-ipv-san-juan","status":"publish","type":"post","link":"https:\/\/vocesparalelas.com.ar\/sitio\/requisitos-para-inscribirse-en-el-padron-de-postulantes-al-ipv-san-juan\/","title":{"rendered":"Requisitos para inscribirse en el padr\u00f3n de postulantes al IPV San Juan"},"content":{"rendered":"<p>El Instituto Provincial de la Vivienda &#8211; IPV &#8211; del Ministerio\u00a0 de Infraestructura, Agua y Energ\u00eda del Gobierno de San Juan que trabaja en la construcci\u00f3n y adjudicaci\u00f3n de viviendas en los departamentos de la provincia. En este marco, el organismo recuerda cu\u00e1les son los requisitos para inscribirse en el padr\u00f3n de postulantes.<\/p>\n<p>Este tr\u00e1mite es personal y presencial, y se orienta a aquellos grupos familiares que a\u00fan no se encuentran registrados en el sistema del IPV.<\/p>\n<p>Pueden inscribirse grupos familiares conformados por matrimonios con o sin hijos; personas con ascendientes o descendientes legalmente reconocidos a su cargo; hermanos convivientes; o parejas en uni\u00f3n convivencial, cuya inscripci\u00f3n se formaliza a nombre de ambos.<\/p>\n<p>Para realizar la inscripci\u00f3n, se debe presentar el DNI de cada integrante del grupo familiar y, seg\u00fan corresponda, el Acta de Matrimonio o el Certificado de Uni\u00f3n Convivencial emitido por el Registro Civil o Juzgado de Paz. Si alg\u00fan integrante posee Certificado \u00danico de Discapacidad o pertenece a las Fuerzas de Seguridad Provinciales, deber\u00e1 presentar la documentaci\u00f3n que lo acredite.<\/p>\n<p>El tr\u00e1mite se realiza de manera presencial en la Oficina de C\u00f3mputos e Inscripciones del Centro C\u00edvico, Planta Baja, Sector B, de Lunes a Viernes, de 7:30 a 13:30 hs. No tiene costo y su tiempo estimado es de 10 a 15 minutos.<\/p>\n<p>&nbsp;<\/p>\n<p><img loading=\"lazy\" decoding=\"async\" class=\"alignnone size-full wp-image-65642\" src=\"https:\/\/vocesparalelas.com.ar\/sitio\/wp-content\/uploads\/2023\/11\/GOBIERNO-SAN-JUAN.jpg\" alt=\"\" width=\"800\" height=\"600\" srcset=\"https:\/\/vocesparalelas.com.ar\/sitio\/wp-content\/uploads\/2023\/11\/GOBIERNO-SAN-JUAN.jpg 800w, https:\/\/vocesparalelas.com.ar\/sitio\/wp-content\/uploads\/2023\/11\/GOBIERNO-SAN-JUAN-300x225.jpg 300w, https:\/\/vocesparalelas.com.ar\/sitio\/wp-content\/uploads\/2023\/11\/GOBIERNO-SAN-JUAN-768x576.jpg 768w\" sizes=\"auto, (max-width: 800px) 100vw, 800px\" \/><\/p>\n","protected":false},"excerpt":{"rendered":"<p>El Instituto Provincial de la Vivienda &#8211; IPV &#8211; del Ministerio\u00a0 de Infraestructura, Agua y Energ\u00eda del Gobierno de San<\/p>\n","protected":false},"author":3,"featured_media":73242,"comment_status":"closed","ping_status":"closed","sticky":false,"template":"","format":"standard","meta":{"_acf_changed":false,"_seopress_robots_primary_cat":"none","_seopress_titles_title":"","_seopress_titles_desc":"","_seopress_robots_index":"","colormag_page_container_layout":"default_layout","colormag_page_sidebar_layout":"default_layout","footnotes":""},"categories":[2],"tags":[],"class_list":["post-93774","post","type-post","status-publish","format-standard","has-post-thumbnail","hentry","category-convocatorias"],"acf":[],"_links":{"self":[{"href":"https:\/\/vocesparalelas.com.ar\/sitio\/wp-json\/wp\/v2\/posts\/93774","targetHints":{"allow":["GET"]}}],"collection":[{"href":"https:\/\/vocesparalelas.com.ar\/sitio\/wp-json\/wp\/v2\/posts"}],"about":[{"href":"https:\/\/vocesparalelas.com.ar\/sitio\/wp-json\/wp\/v2\/types\/post"}],"author":[{"embeddable":true,"href":"https:\/\/vocesparalelas.com.ar\/sitio\/wp-json\/wp\/v2\/users\/3"}],"replies":[{"embeddable":true,"href":"https:\/\/vocesparalelas.com.ar\/sitio\/wp-json\/wp\/v2\/comments?post=93774"}],"version-history":[{"count":1,"href":"https:\/\/vocesparalelas.com.ar\/sitio\/wp-json\/wp\/v2\/posts\/93774\/revisions"}],"predecessor-version":[{"id":93777,"href":"https:\/\/vocesparalelas.com.ar\/sitio\/wp-json\/wp\/v2\/posts\/93774\/revisions\/93777"}],"wp:featuredmedia":[{"embeddable":true,"href":"https:\/\/vocesparalelas.com.ar\/sitio\/wp-json\/wp\/v2\/media\/73242"}],"wp:attachment":[{"href":"https:\/\/vocesparalelas.com.ar\/sitio\/wp-json\/wp\/v2\/media?parent=93774"}],"wp:term":[{"taxonomy":"category","embeddable":true,"href":"https:\/\/vocesparalelas.com.ar\/sitio\/wp-json\/wp\/v2\/categories?post=93774"},{"taxonomy":"post_tag","embeddable":true,"href":"https:\/\/vocesparalelas.com.ar\/sitio\/wp-json\/wp\/v2\/tags?post=93774"}],"curies":[{"name":"wp","href":"https:\/\/api.w.org\/{rel}","templated":true}]}}