{"id":93769,"date":"2025-11-11T21:29:55","date_gmt":"2025-11-12T00:29:55","guid":{"rendered":"https:\/\/vocesparalelas.com.ar\/sitio\/?p=93769"},"modified":"2025-11-12T21:09:21","modified_gmt":"2025-11-13T00:09:21","slug":"la-policia-de-san-juan-trabaja-para-fortalecer-la-seguridad-en-la-fns-2025-san-juan-mi-tierra-querida","status":"publish","type":"post","link":"https:\/\/vocesparalelas.com.ar\/sitio\/la-policia-de-san-juan-trabaja-para-fortalecer-la-seguridad-en-la-fns-2025-san-juan-mi-tierra-querida\/","title":{"rendered":"La Polic\u00eda de San Juan trabaja para fortalecer la Seguridad en la FNS 2025 \u00abSan Juan, mi tierra querida\u00bb"},"content":{"rendered":"<p>La Secretar\u00eda de Estado de Seguridad y Orden P\u00fablico del Gobierno de San Juan, a trav\u00e9s de la Polic\u00eda de San Juan, dispone 750 efectivos para el operativo de seguridad durante la Fiesta Nacional del Sol 2025 \u00abSan Juan, mi tierra querida\u00bb, que se desarrolla en el Estadio del Bicentenario, el 20; 21 y 22 de Noviembre.<\/p>\n<p><img loading=\"lazy\" decoding=\"async\" class=\"alignnone size-full wp-image-90510\" src=\"https:\/\/vocesparalelas.com.ar\/sitio\/wp-content\/uploads\/2025\/08\/FNS-2025-01.jpg\" alt=\"\" width=\"800\" height=\"450\" srcset=\"https:\/\/vocesparalelas.com.ar\/sitio\/wp-content\/uploads\/2025\/08\/FNS-2025-01.jpg 800w, https:\/\/vocesparalelas.com.ar\/sitio\/wp-content\/uploads\/2025\/08\/FNS-2025-01-300x169.jpg 300w, https:\/\/vocesparalelas.com.ar\/sitio\/wp-content\/uploads\/2025\/08\/FNS-2025-01-768x432.jpg 768w\" sizes=\"auto, (max-width: 800px) 100vw, 800px\" \/><\/p>\n<p>La medida contempla control de ingreso, circulaci\u00f3n interna, asistencia al p\u00fablico y coordinaci\u00f3n con organismos provinciales para garantizar el normal desarrollo del evento.<\/p>\n<p>El mismo se dividir\u00e1 en 3 zonas principales: el interior del Vel\u00f3dromo Vicente Chancay donde 35 polic\u00edas; el interior del Estadio del Bicentenario donde se desarrollar\u00e1n los espect\u00e1culos principales, se distribuyen 100 efectivos; y la Feria Tem\u00e1tica, incluidos ingresos y boleter\u00edas, cuenta con la presencia de 250 efectivos.<\/p>\n<p>A estos se suma el resto del personal policial en distintos sectores y con diferentes funciones. Los efectivos del GAM se encargan de escoltar a los artistas, a Bomberos y a los jefes de direcciones que tienen a cargo otras tareas.<\/p>\n<p>El operativo incluye presencia de unidades policiales en los principales corredores de acceso. Desde el Departamento de Operaciones se trabaja en la prevenci\u00f3n, el ordenamiento del tr\u00e1nsito y la respuesta ante contingencias.<\/p>\n<p>Para el p\u00fablico general est\u00e1 habilitada Ruta Nacional N\u00b0 40, con salidas hacia calle 6, sentido Norte-Sur, y bajada hacia calle 7 para el ingreso al predio. Tambi\u00e9n se puede acceder por calle General Acha hacia el estacionamiento del estadio, y desde calle Mendoza hacia el Este por calles 6 y 7.<\/p>\n<p>No hay circulaci\u00f3n vehicular en el lateral Este de Ruta N\u00b0 40 entre calles 6 y 7, con el fin de facilitar el tr\u00e1nsito peatonal y el desplazamiento de los dispositivos de emergencia. Se recomienda asistir con anticipaci\u00f3n y respetar las indicaciones del personal presente.<\/p>\n<p>El Centro de Operaciones de Emergencias &#8211; COE &#8211; acompa\u00f1a el operativo mediante monitoreo permanente a trav\u00e9s de las c\u00e1maras del CISEM 911, lo que permite una respuesta r\u00e1pida y coordinada ante cualquier situaci\u00f3n. De esta manera, se busca fortalecer la seguridad y brindar una experiencia ordenada y segura para todos los asistentes.<\/p>\n<p><iframe loading=\"lazy\" title=\"SAN JUAN FNS 2025\" width=\"800\" height=\"450\" src=\"https:\/\/www.youtube.com\/embed\/hG6JPSqgl-k?feature=oembed\" frameborder=\"0\" allow=\"accelerometer; autoplay; clipboard-write; encrypted-media; gyroscope; picture-in-picture; web-share\" referrerpolicy=\"strict-origin-when-cross-origin\" allowfullscreen><\/iframe><\/p>\n","protected":false},"excerpt":{"rendered":"<p>La Secretar\u00eda de Estado de Seguridad y Orden P\u00fablico del Gobierno de San Juan, a trav\u00e9s de la Polic\u00eda de<\/p>\n","protected":false},"author":3,"featured_media":93772,"comment_status":"closed","ping_status":"closed","sticky":false,"template":"","format":"standard","meta":{"_acf_changed":false,"_seopress_robots_primary_cat":"none","_seopress_titles_title":"","_seopress_titles_desc":"","_seopress_robots_index":"","colormag_page_container_layout":"default_layout","colormag_page_sidebar_layout":"default_layout","footnotes":""},"categories":[5,7],"tags":[],"class_list":["post-93769","post","type-post","status-publish","format-standard","has-post-thumbnail","hentry","category-ofrecimientos","category-videos"],"acf":[],"_links":{"self":[{"href":"https:\/\/vocesparalelas.com.ar\/sitio\/wp-json\/wp\/v2\/posts\/93769","targetHints":{"allow":["GET"]}}],"collection":[{"href":"https:\/\/vocesparalelas.com.ar\/sitio\/wp-json\/wp\/v2\/posts"}],"about":[{"href":"https:\/\/vocesparalelas.com.ar\/sitio\/wp-json\/wp\/v2\/types\/post"}],"author":[{"embeddable":true,"href":"https:\/\/vocesparalelas.com.ar\/sitio\/wp-json\/wp\/v2\/users\/3"}],"replies":[{"embeddable":true,"href":"https:\/\/vocesparalelas.com.ar\/sitio\/wp-json\/wp\/v2\/comments?post=93769"}],"version-history":[{"count":1,"href":"https:\/\/vocesparalelas.com.ar\/sitio\/wp-json\/wp\/v2\/posts\/93769\/revisions"}],"predecessor-version":[{"id":93773,"href":"https:\/\/vocesparalelas.com.ar\/sitio\/wp-json\/wp\/v2\/posts\/93769\/revisions\/93773"}],"wp:featuredmedia":[{"embeddable":true,"href":"https:\/\/vocesparalelas.com.ar\/sitio\/wp-json\/wp\/v2\/media\/93772"}],"wp:attachment":[{"href":"https:\/\/vocesparalelas.com.ar\/sitio\/wp-json\/wp\/v2\/media?parent=93769"}],"wp:term":[{"taxonomy":"category","embeddable":true,"href":"https:\/\/vocesparalelas.com.ar\/sitio\/wp-json\/wp\/v2\/categories?post=93769"},{"taxonomy":"post_tag","embeddable":true,"href":"https:\/\/vocesparalelas.com.ar\/sitio\/wp-json\/wp\/v2\/tags?post=93769"}],"curies":[{"name":"wp","href":"https:\/\/api.w.org\/{rel}","templated":true}]}}