{"id":93765,"date":"2025-11-11T20:41:51","date_gmt":"2025-11-11T23:41:51","guid":{"rendered":"https:\/\/vocesparalelas.com.ar\/sitio\/?p=93765"},"modified":"2025-11-12T10:29:54","modified_gmt":"2025-11-12T13:29:54","slug":"nueva-propuesta-salarial-docentes-del-gobierno-de-san-juan","status":"publish","type":"post","link":"https:\/\/vocesparalelas.com.ar\/sitio\/nueva-propuesta-salarial-docentes-del-gobierno-de-san-juan\/","title":{"rendered":"Nueva propuesta salarial docentes del Gobierno de San Juan"},"content":{"rendered":"<p>En la sala del Ministerio de Educaci\u00f3n del Gobierno de San Juan se reuni\u00f3 la Secretaria de Educaci\u00f3n Lic. Mariela Lueje, el Ministro de Econom\u00eda, Finanzas y Hacienda CPN Roberto Guti\u00e9rrez y los representantes de los Gremios Docentes UDAP, UDA y AMET.<\/p>\n<p>La Secretaria de Educaci\u00f3n, Lic. Mariela Lueje dio la bienvenida a las partes y cedi\u00f3 la palabra al Ministro de Econom\u00eda, Finanzas y Hacienda CPN Roberto Guti\u00e9rrez, quien expuso frente a la mesa con detalles, la situaci\u00f3n econ\u00f3mica actual del pa\u00eds, donde se denota un estancamiento general, que repercute directamente en la situaci\u00f3n econ\u00f3mica de la Provincia de San Juan. A\u00fan, el Gobierno provincial se hizo cargo de gastos que antes soportaba Naci\u00f3n, sobre todo en materia docente. Y con menos herramientas que en gestiones de gobierno anteriores, mejor\u00f3 en muchos aspectos la situaci\u00f3n del sector docente<\/p>\n<p><span style=\"color: #ff6600;\"><strong>Acto seguido comenz\u00f3 un arduo debate que deviene en la siguiente propuesta por parte del Gobierno consistente en:<\/strong><\/span><\/p>\n<ul>\n<li>Incrementar el valor \u00cdndice, para Noviembre 2025, aplicando el coeficiente de variaci\u00f3n mensual del \u00cdndice I.P.C &#8211; \u00cdndice de Precios al Consumidor &#8211; publicado por INDEC, del mes anterior.<\/li>\n<li>Incrementar 2 puntos a todos los cargos del nomenclador docente en el mes de Noviembre.<\/li>\n<li>Incrementar el valor \u00cdndice, para diciembre 2025, aplicando el coeficiente de variaci\u00f3n mensual del \u00cdndice I.P.C &#8211; \u00cdndice de Precios al Consumidor &#8211; publicado por INDEC, del mes anterior.<\/li>\n<li>Incrementar 2 puntos a todos los cargos del nomenclador docente en el mes de diciembre.<\/li>\n<\/ul>\n<p>La parte sindical manifest\u00f3 que pondr\u00e1 en consideraci\u00f3n de las bases la propuesta salarial formulada por el Gobierno. Sin perjuicio de ello, ratifica todos y cada uno de los puntos requeridos por esta parte en la sesi\u00f3n anterior.<\/p>\n<p>Las partes deciden pasar a un cuarto intermedio para el Jueves, 13 de Noviembre.<\/p>\n<p>&nbsp;<\/p>\n<p><img loading=\"lazy\" decoding=\"async\" class=\"alignnone size-full wp-image-65642\" src=\"https:\/\/vocesparalelas.com.ar\/sitio\/wp-content\/uploads\/2023\/11\/GOBIERNO-SAN-JUAN.jpg\" alt=\"\" width=\"800\" height=\"600\" srcset=\"https:\/\/vocesparalelas.com.ar\/sitio\/wp-content\/uploads\/2023\/11\/GOBIERNO-SAN-JUAN.jpg 800w, https:\/\/vocesparalelas.com.ar\/sitio\/wp-content\/uploads\/2023\/11\/GOBIERNO-SAN-JUAN-300x225.jpg 300w, https:\/\/vocesparalelas.com.ar\/sitio\/wp-content\/uploads\/2023\/11\/GOBIERNO-SAN-JUAN-768x576.jpg 768w\" sizes=\"auto, (max-width: 800px) 100vw, 800px\" \/><\/p>\n","protected":false},"excerpt":{"rendered":"<p>En la sala del Ministerio de Educaci\u00f3n del Gobierno de San Juan se reuni\u00f3 la Secretaria de Educaci\u00f3n Lic. Mariela<\/p>\n","protected":false},"author":3,"featured_media":93635,"comment_status":"closed","ping_status":"closed","sticky":false,"template":"","format":"standard","meta":{"_acf_changed":false,"_seopress_robots_primary_cat":"none","_seopress_titles_title":"","_seopress_titles_desc":"","_seopress_robots_index":"","colormag_page_container_layout":"default_layout","colormag_page_sidebar_layout":"default_layout","footnotes":""},"categories":[5],"tags":[],"class_list":["post-93765","post","type-post","status-publish","format-standard","has-post-thumbnail","hentry","category-ofrecimientos"],"acf":[],"_links":{"self":[{"href":"https:\/\/vocesparalelas.com.ar\/sitio\/wp-json\/wp\/v2\/posts\/93765","targetHints":{"allow":["GET"]}}],"collection":[{"href":"https:\/\/vocesparalelas.com.ar\/sitio\/wp-json\/wp\/v2\/posts"}],"about":[{"href":"https:\/\/vocesparalelas.com.ar\/sitio\/wp-json\/wp\/v2\/types\/post"}],"author":[{"embeddable":true,"href":"https:\/\/vocesparalelas.com.ar\/sitio\/wp-json\/wp\/v2\/users\/3"}],"replies":[{"embeddable":true,"href":"https:\/\/vocesparalelas.com.ar\/sitio\/wp-json\/wp\/v2\/comments?post=93765"}],"version-history":[{"count":1,"href":"https:\/\/vocesparalelas.com.ar\/sitio\/wp-json\/wp\/v2\/posts\/93765\/revisions"}],"predecessor-version":[{"id":93768,"href":"https:\/\/vocesparalelas.com.ar\/sitio\/wp-json\/wp\/v2\/posts\/93765\/revisions\/93768"}],"wp:featuredmedia":[{"embeddable":true,"href":"https:\/\/vocesparalelas.com.ar\/sitio\/wp-json\/wp\/v2\/media\/93635"}],"wp:attachment":[{"href":"https:\/\/vocesparalelas.com.ar\/sitio\/wp-json\/wp\/v2\/media?parent=93765"}],"wp:term":[{"taxonomy":"category","embeddable":true,"href":"https:\/\/vocesparalelas.com.ar\/sitio\/wp-json\/wp\/v2\/categories?post=93765"},{"taxonomy":"post_tag","embeddable":true,"href":"https:\/\/vocesparalelas.com.ar\/sitio\/wp-json\/wp\/v2\/tags?post=93765"}],"curies":[{"name":"wp","href":"https:\/\/api.w.org\/{rel}","templated":true}]}}