{"id":93759,"date":"2025-11-11T20:21:25","date_gmt":"2025-11-11T23:21:25","guid":{"rendered":"https:\/\/vocesparalelas.com.ar\/sitio\/?p=93759"},"modified":"2025-11-12T22:14:30","modified_gmt":"2025-11-13T01:14:30","slug":"sumate-al-programa-cuentas-claras-en-san-juan","status":"publish","type":"post","link":"https:\/\/vocesparalelas.com.ar\/sitio\/sumate-al-programa-cuentas-claras-en-san-juan\/","title":{"rendered":"Sumate al Programa \u00abCuentas Claras\u00bb en San Juan"},"content":{"rendered":"<p>El Ministerio de Educaci\u00f3n y el Ministerio de Econom\u00eda, Finanzas y Hacienda del Gobierno de San Juan pusieron en marcha el Martes, 11 de Noviembre, el programa \u00abCuentas Claras\u00bb, una propuesta que busca integrar la alfabetizaci\u00f3n financiera en el sistema educativo sanjuanino, transformando los conceptos de econom\u00eda y gesti\u00f3n personal en aprendizajes aplicados dentro del aula.<\/p>\n<p>El acto se realiz\u00f3 en el Centro de Convenciones y fue encabezado por la secretaria de Educaci\u00f3n, Lic. Mariela Lueje, quien destac\u00f3 el valor de esta nueva l\u00ednea de formaci\u00f3n docente que pone a San Juan a la vanguardia en materia de educaci\u00f3n econ\u00f3mica y financiera, a la vez vez que se encuadra en los lineamientos del Plan Provincial de Alfabetizaci\u00f3n \u00abComprendo y Aprendo\u00bb.<\/p>\n<p>\u201cLa educaci\u00f3n financiera estaba cargo de creadores de contenido en redes sociales. Por eso nos propusimos crear este programa. Educar en finanzas es tambi\u00e9n educar para la vida, ayudando a que los estudiantes comprendan c\u00f3mo planificar, decidir y construir su futuro con responsabilidad\u201d, indic\u00f3 Lueje.<\/p>\n<p>Durante la jornada inicial se dict\u00f3 el M\u00f3dulo 1: \u201cPlanificaci\u00f3n financiera\u201d, a cargo del magister Rub\u00e9n Eduardo Savall, quien es gerente de Compras y Abastecimiento, Auditor Interno y Analista de Costos en el Grupo Dumandzic y docente en la Universidad Cat\u00f3lica de Cuyo, donde dicta las c\u00e1tedras T\u00e9cnicas Contables II y An\u00e1lisis de Estados Contables.<\/p>\n<p>Esta formaci\u00f3n docente, que se extender\u00e1 hasta 2026, est\u00e1 conformada por seis m\u00f3dulos dictados bajo modalidad bimodal (presencial y virtual). Cuenta con resoluci\u00f3n ministerial y materiales elaborados por la Universidad Cat\u00f3lica de Cuyo.<\/p>\n<p>El programa \u00abCuentas Claras\u00bb est\u00e1 destinado a docentes de escuelas secundarias orientadas, art\u00edsticas, t\u00e9cnicas, de j\u00f3venes y adultos, de capacitaci\u00f3n laboral y de educaci\u00f3n superior.<\/p>\n<p><span style=\"color: #ff6600;\"><strong>Objetivos<\/strong><\/span><\/p>\n<ul>\n<li>Fortalecer las capacidades financieras de los docentes mediante el desarrollo de conocimientos, habilidades y actitudes basadas en el an\u00e1lisis cr\u00edtico de situaciones reales.<\/li>\n<li>Brindar herramientas financieras y material did\u00e1ctico para insertar la educaci\u00f3n financiera en las aulas, en los espacios curriculares de Econom\u00eda y \u00e1reas afines y\/o en proyectos interdisciplinarios.<\/li>\n<li>Generar un impacto inmediato en la gesti\u00f3n de las finanzas personales y en la formaci\u00f3n de los estudiantes, contribuyendo a la toma de decisiones cr\u00edticas, informadas y responsables que favorecen el bienestar financiero y crecimiento econ\u00f3mico de la comunidad.<\/li>\n<\/ul>\n<p>Con este lanzamiento, San Juan abre un nuevo cap\u00edtulo en la alfabetizaci\u00f3n escolar, apostando a una educaci\u00f3n que combina conocimiento, autonom\u00eda y bienestar, y que prepara a los j\u00f3venes para desenvolverse con criterio y seguridad en los desaf\u00edos del mundo actual.<\/p>\n<p><img loading=\"lazy\" decoding=\"async\" class=\"alignnone size-full wp-image-65642\" src=\"https:\/\/vocesparalelas.com.ar\/sitio\/wp-content\/uploads\/2023\/11\/GOBIERNO-SAN-JUAN.jpg\" alt=\"\" width=\"800\" height=\"600\" srcset=\"https:\/\/vocesparalelas.com.ar\/sitio\/wp-content\/uploads\/2023\/11\/GOBIERNO-SAN-JUAN.jpg 800w, https:\/\/vocesparalelas.com.ar\/sitio\/wp-content\/uploads\/2023\/11\/GOBIERNO-SAN-JUAN-300x225.jpg 300w, https:\/\/vocesparalelas.com.ar\/sitio\/wp-content\/uploads\/2023\/11\/GOBIERNO-SAN-JUAN-768x576.jpg 768w\" sizes=\"auto, (max-width: 800px) 100vw, 800px\" \/><\/p>\n","protected":false},"excerpt":{"rendered":"<p>El Ministerio de Educaci\u00f3n y el Ministerio de Econom\u00eda, Finanzas y Hacienda del Gobierno de San Juan pusieron en marcha<\/p>\n","protected":false},"author":3,"featured_media":93762,"comment_status":"closed","ping_status":"closed","sticky":false,"template":"","format":"standard","meta":{"_acf_changed":false,"_seopress_robots_primary_cat":"none","_seopress_titles_title":"","_seopress_titles_desc":"","_seopress_robots_index":"","colormag_page_container_layout":"default_layout","colormag_page_sidebar_layout":"default_layout","footnotes":""},"categories":[9],"tags":[],"class_list":["post-93759","post","type-post","status-publish","format-standard","has-post-thumbnail","hentry","category-cursos"],"acf":[],"_links":{"self":[{"href":"https:\/\/vocesparalelas.com.ar\/sitio\/wp-json\/wp\/v2\/posts\/93759","targetHints":{"allow":["GET"]}}],"collection":[{"href":"https:\/\/vocesparalelas.com.ar\/sitio\/wp-json\/wp\/v2\/posts"}],"about":[{"href":"https:\/\/vocesparalelas.com.ar\/sitio\/wp-json\/wp\/v2\/types\/post"}],"author":[{"embeddable":true,"href":"https:\/\/vocesparalelas.com.ar\/sitio\/wp-json\/wp\/v2\/users\/3"}],"replies":[{"embeddable":true,"href":"https:\/\/vocesparalelas.com.ar\/sitio\/wp-json\/wp\/v2\/comments?post=93759"}],"version-history":[{"count":2,"href":"https:\/\/vocesparalelas.com.ar\/sitio\/wp-json\/wp\/v2\/posts\/93759\/revisions"}],"predecessor-version":[{"id":93764,"href":"https:\/\/vocesparalelas.com.ar\/sitio\/wp-json\/wp\/v2\/posts\/93759\/revisions\/93764"}],"wp:featuredmedia":[{"embeddable":true,"href":"https:\/\/vocesparalelas.com.ar\/sitio\/wp-json\/wp\/v2\/media\/93762"}],"wp:attachment":[{"href":"https:\/\/vocesparalelas.com.ar\/sitio\/wp-json\/wp\/v2\/media?parent=93759"}],"wp:term":[{"taxonomy":"category","embeddable":true,"href":"https:\/\/vocesparalelas.com.ar\/sitio\/wp-json\/wp\/v2\/categories?post=93759"},{"taxonomy":"post_tag","embeddable":true,"href":"https:\/\/vocesparalelas.com.ar\/sitio\/wp-json\/wp\/v2\/tags?post=93759"}],"curies":[{"name":"wp","href":"https:\/\/api.w.org\/{rel}","templated":true}]}}