{"id":93754,"date":"2025-11-11T20:09:50","date_gmt":"2025-11-11T23:09:50","guid":{"rendered":"https:\/\/vocesparalelas.com.ar\/sitio\/?p=93754"},"modified":"2025-11-11T20:11:53","modified_gmt":"2025-11-11T23:11:53","slug":"definieron-temario-de-la-decimosegunda-sesion-durante-la-labor-parlamentaria-de-san-juan","status":"publish","type":"post","link":"https:\/\/vocesparalelas.com.ar\/sitio\/definieron-temario-de-la-decimosegunda-sesion-durante-la-labor-parlamentaria-de-san-juan\/","title":{"rendered":"Definieron temario de la Decimosegunda sesi\u00f3n durante la Labor Parlamentaria de San Juan"},"content":{"rendered":"<p>El Martes, 11 de Noviembre, los diputados titulares de los bloques que integran la C\u00e1mara de Diputados de San Juan\u00a0 conformaron el Orden del D\u00eda de la Decimosegunda Sesi\u00f3n que se desarrolla el Jueves, 13 de Noviembre, a las 9 horas.<\/p>\n<p>La reuni\u00f3n de labor se llev\u00f3 a cabo en el cuarto piso del edificio Anexo y estuvo presidida por el vicepresidente primero de la Legislatura, diputado Dr. Enzo Cornejo. Participaron adem\u00e1s, el secretario Legislativo, Gustavo Velert; el vicepresidente alterno, Gustavo Deguer; y los presidentes de los siguientes bloques legislativos: Producci\u00f3n y Trabajo, Juan de la Cruz C\u00f3rdoba; Bloquista, legislador Luis Rueda; San Juan Vuelve \u2013 P.T.P., Mario Herrero; UCR, Alejandra Leonardo; Actuar, legislador Gustavo Usin; La Libertad Avanza \u2013 ADN, Fernando Patinella; San Juan Te Quiero, diputado Gabriel S\u00e1nchez; Justicialista, diputado Juan Carlos Quiroga Moyano; bloque Mejor Nosotros, Leopoldo Soler y bloque Crecer, Marta Gramajo.<\/p>\n<p><span style=\"color: #666699;\"><strong>Temas definidos para su tratamiento<\/strong><\/span><\/p>\n<p>Durante la sesi\u00f3n se abordar\u00e1n en el recinto los siguientes expedientes:<\/p>\n<ul>\n<li><strong><span style=\"color: #666699;\">Expediente 1790:<\/span>\u00a0<\/strong>Proyecto de Ley remitido por el Poder Ejecutivo que tiene por objeto establecer en el \u00e1mbito de la Provincia de San Juan la implementaci\u00f3n de la Etiqueta de Eficiencia Energ\u00e9tica de Inmuebles destinados a Vivienda, en el marco del Programa Nacional de Etiquetado de Viviendas (PRONEV), creado a partir de la Resoluci\u00f3n N\u00b05\/2023, promovido por la Subsecretar\u00eda de Transici\u00f3n y Planeamiento Energ\u00e9tico dependiente de la Secretar\u00eda de Energ\u00eda del Ministerio de Econom\u00eda de la Naci\u00f3n en conjunto con el Ministerio de Infraestructura, Agua y Energ\u00eda de nuestra Provincia.<\/li>\n<li><span style=\"color: #666699;\"><strong>Expediente 2221:\u00a0<\/strong><\/span>Proyecto de Ley del Poder Ejecutivo que propone ratificar el convenio \u00abMemor\u00e1ndum de entendimiento para el desarrollo de la colaboraci\u00f3n acad\u00e9mica y en materia de investigaci\u00f3n\u00bb, suscripto el d\u00eda 08 de Septiembre de 2025, entre Curtin University, Perth, Australia Occidental, a trav\u00e9s de su Facultad de Ciencia e Ingenier\u00eda, representada por el Vicerrector Adjunto de Asuntos Globales, Prof. Xiaotian Zhang, por una parte, y por la otra el Gobierno de la Provincia de San Juan, representado por el Gobernador Marcelo Orrego, y el Ministro de Miner\u00eda Juan Pablo Perca Fontivero, ratificado por Decreto Provincial, y cuya copia certificada forma parte de la presente Ley.<\/li>\n<li><strong><span style=\"color: #666699;\">Expediente 2222:<\/span>\u00a0<\/strong>Proyecto de Ley presentado por el Poder Ejecutivo que propone imponer el nombre de \u00abDr. Ram\u00f3n Eduardo Lueje\u00bb, ubicada en el departamento Sarmiento, dependiente de la Direcci\u00f3n de Educaci\u00f3n Secundaria Orientada y Art\u00edstica del Ministerio de Educaci\u00f3n de la Provincia de San Juan, a la Escuela Secundaria Constancio Cecilio Vigil, Turno Ma\u00f1ana y Tarde.<\/li>\n<li><span style=\"color: #666699;\"><strong>Expediente 2402:<\/strong><\/span>\u00a0Proyecto de Ley remitido por el Poder Ejecutivo que propone aprobar el \u00abConvenio Marco de Asistencia y Colaboraci\u00f3n entre el Ministerio de Producci\u00f3n, Trabajo e Innovaci\u00f3n de la Provincia de San Juan y la Fundaci\u00f3n Estudiantes Internacionales Debatiendo por el Saber \u2014 EIDOS\u00bb.<\/li>\n<li><span style=\"color: #666699;\"><strong>Expediente 2403:<\/strong>\u00a0<\/span>Proyecto de Ley del Poder Ejecutivo que propone aprobar el Convenio Marco de Colaboraci\u00f3n suscripto entre el Ministerio de Producci\u00f3n, Trabajo e Innovaci\u00f3n de la Provincia de San Juan y la Universidad Nacional de Cuyo para impulsar el desarrollo y la diversificaci\u00f3n del tejido productivo de la provincia, ya que la experiencia acad\u00e9mica y capacidad de investigaci\u00f3n de la Universidad Nacional de Cuyo permitir\u00e1 aportar soluciones innovadoras y conocimientos especializados a los desaf\u00edos que enfrenta el sector productivo local.<\/li>\n<li><span style=\"color: #666699;\"><strong>Expediente 2414:<\/strong><\/span>\u00a0Comunicaci\u00f3n oficial del Consejo de la Magistratura de la Provincia de San Juan mediante la cual se remite \u00a0la terna para cubrir el cargo vacante a: Fiscal General de la Corte de Justicia. \u00a0La misma est\u00e1 conformada por los siguientes profesionales: Baigorri, Guillermo Francisco; Lozano, Rolando Anibal; y Senatore Mat\u00edas.<\/li>\n<li><span style=\"color: #666699;\"><strong>Expediente 2451:<\/strong><\/span>\u00a0Proyecto de Ley del Ejecutivo que propone ratificar el Convenio celebrado entre el Ministerio de Familia y Desarrollo Humano y AADI-CAPIF ACR, con el objeto fijar para el futuro el monto de los aranceles a abonar por la comunicaci\u00f3n p\u00fablica de fonogramas en los Eventos, realizados en los espacios p\u00fablicos, realizados y\/o producidos exclusivamente por El Ministerio, quedando expresamente excluidos del presente convenio, y sujeto al pago de los aranceles establecidos por la Resoluci\u00f3n 390\/05 SMC, o la que en un futuro la reemplace, todo otro evento realizado, organizado y\/o producido por cualquier persona f\u00edsica o jur\u00eddica diferente a El Ministerio, aunque el evento tuviera auspicios y\/o participaci\u00f3n de \u00e9sta.<\/li>\n<li><strong><span style=\"color: #666699;\">Expediente 2488:<\/span>\u00a0<\/strong>Proyecto de Ley del Poder Ejecutivo que propone modificar la Ley Provincial N\u00b0 2640-A referida a la donaci\u00f3n con cargo de un inmueble de propiedad del Estado Provincial a favor del Arzobispado de San Juan de Cuyo, a fin de adecuar los art\u00edculos 1\u00ba, 2\u00ba, y 3\u00ba de la normativa original al Plano de Mensura vigente.<\/li>\n<\/ul>\n<p><strong><span style=\"color: #666699;\">Proyectos sobre tablas<\/span><\/strong><\/p>\n<p>Por otra parte, en la Decimosegunda sesi\u00f3n la Legislatura tratar\u00e1 sobre tablas los siguientes expedientes:<\/p>\n<ul>\n<li><span style=\"color: #666699;\"><strong>N\u00ba 2589:\u00a0<\/strong><\/span>Proyecto de Ley presentado por el el interbloque Cambia San Juan, por el que se sustituye el art\u00edculo 1\u00ba de la Ley 969-P, sobre el Estado de Emergencia de los Servicios de Seguridad.<\/li>\n<li><span style=\"color: #666699;\"><strong>N\u00ba 2590:<\/strong>\u00a0<\/span>Proyecto de Ley presentado por el el interbloque Cambia San Juan, por el que se modifica la Ley N\u00b0 1266-P, de Emergencia Social.<\/li>\n<li><span style=\"color: #666699;\"><strong>N\u00ba 2591:<\/strong>\u00a0<\/span>Proyecto de Ley presentado por el el interbloque Cambia San Juan, por el que se sustituye el art\u00edculo 1\u00ba de la Ley 1267-P, que suspenden los procedimientos judiciales sobre desocupaci\u00f3n, desalojos, restituci\u00f3n de inmuebles de varios barrios de la Provincia<\/li>\n<li><span style=\"color: #666699;\"><strong>N\u00ba 2592:\u00a0<\/strong><\/span>Provecto de Ley presentado por el el interbloque Cambia San Juan, por el que se sustituye el art\u00edculo 4\u00ba de la Ley 1254-P de regularizaci\u00f3n de obras subrepticias<\/li>\n<li><span style=\"color: #666699;\"><strong>N\u00ba 2593:<\/strong>\u00a0<\/span>Proyecto de Ley presentado por interbloque Cambia San Juan, por el que se sustituye el art\u00edculo 2\u00ba de la Ley N\u00b0 2458-A, de Emergencia de Obra P\u00fablica.<\/li>\n<li><strong><span style=\"color: #666699;\">N\u00ba 2594:<\/span>\u00a0<\/strong>Proyecto de Ley presentado por el interbloque Cambia San Juan, por el que se modifica la Ley N\u00b0 783-A, de Emergencia P\u00fablica.<\/li>\n<li><span style=\"color: #666699;\"><strong>N\u00ba 2595:<\/strong>\u00a0<\/span>Proyecto de Ley presentado por el interbloque Cambia San Juan, por el que se modifica la Ley N\u00b0 2470-L, de Emergencia H\u00eddrica.<\/li>\n<li><span style=\"color: #666699;\"><strong>N\u00ba 2561:<\/strong><\/span>\u00a0Proyecto de Resoluci\u00f3n presentado por el bloque interbloque Cambia San Juan, por el que declara de inter\u00e9s la Jornada Anual de la Comisi\u00f3n de Salud de la Federaci\u00f3n Argentina de Psicopedagogos.<\/li>\n<li><span style=\"color: #666699;\"><strong>N\u00ba 2571:\u00a0<\/strong><\/span>Proyecto de Resoluci\u00f3n presentado por el bloque Justicialista, por el que se declara de inter\u00e9s la Fiesta en Honor a Santa B\u00e1rbara de Mogna, departamento J\u00e1chal.<\/li>\n<li><strong><span style=\"color: #666699;\">N\u00ba 2577:<\/span>\u00a0<\/strong>Proyecto de Resoluci\u00f3n presentado por el bloque Justicialista por el que se declara de inter\u00e9s las Fiestas Patronales en honor a Cristo Rey.<\/li>\n<li><span style=\"color: #666699;\"><strong>N\u00ba 2597:\u00a0<\/strong><\/span>Proyecto de Resoluci\u00f3n presentado por el interbloque Cambia San Juan, por el que se declara de inter\u00e9s el el Juego: Oca con emociones, perteneciente a un proyecto de reciclado denominado Juegos Sustentables, perteneciente a la C\u00e1mara de Diputados.<\/li>\n<li><strong><span style=\"color: #666699;\">N\u00ba 2598:<\/span>\u00a0<\/strong>Proyecto de Resoluci\u00f3n presentado por el interbloque Cambia San Juan, por el que se declara de inter\u00e9s el evento denominado 2\u00ba Encuentro Provincial ONCO SAN JUAN.<\/li>\n<li><strong><span style=\"color: #666699;\">N\u00ba 2605:<\/span>\u00a0<\/strong>Proyecto de Resoluci\u00f3n presentado por el interbloque Justicialista por el que se declara de inter\u00e9s la XVI Fiesta Provincial de la Diversidad y Marcha del Orgullo.<\/li>\n<li><strong><span style=\"color: #666699;\">N\u00ba 2616:<\/span>\u00a0<\/strong>Proyecto de Resoluci\u00f3n presentado por interbloque Cambia San Juan, por el que se declara de inter\u00e9s la Fiesta de la Patria y Tradici\u00f3n de Cienaguita.<\/li>\n<li><span style=\"color: #666699;\"><strong>N\u00ba 2631<\/strong>:<\/span> Proyecto de Resoluci\u00f3n que tiene por objeto declarar de inter\u00e9s la \u00abJornada Sanjuanina sobre Hipertensi\u00f3n Pulmonar\u00bb a desarrollarse el 15 de Noviembre de 2025, en el sal\u00f3n de reuniones del Hospital Dr. Marcial Quiroga, en el marco del \u00abD\u00eda Provincial de la Hipertensi\u00f3n Pulmonar\u00bb.<\/li>\n<\/ul>\n<figure id=\"attachment_37951\" aria-describedby=\"caption-attachment-37951\" style=\"width: 800px\" class=\"wp-caption alignnone\"><img loading=\"lazy\" decoding=\"async\" class=\"size-full wp-image-37951\" src=\"https:\/\/vocesparalelas.com.ar\/sitio\/wp-content\/uploads\/2021\/05\/CAMARA-EDIFICIO.jpg\" alt=\"\" width=\"800\" height=\"515\" srcset=\"https:\/\/vocesparalelas.com.ar\/sitio\/wp-content\/uploads\/2021\/05\/CAMARA-EDIFICIO.jpg 800w, https:\/\/vocesparalelas.com.ar\/sitio\/wp-content\/uploads\/2021\/05\/CAMARA-EDIFICIO-300x193.jpg 300w, https:\/\/vocesparalelas.com.ar\/sitio\/wp-content\/uploads\/2021\/05\/CAMARA-EDIFICIO-768x494.jpg 768w\" sizes=\"auto, (max-width: 800px) 100vw, 800px\" \/><figcaption id=\"caption-attachment-37951\" class=\"wp-caption-text\">Legislatura Provincial de San Juan, Rep\u00fablica Argentina<\/figcaption><\/figure>\n","protected":false},"excerpt":{"rendered":"<p>El Martes, 11 de Noviembre, los diputados titulares de los bloques que integran la C\u00e1mara de Diputados de San Juan\u00a0<\/p>\n","protected":false},"author":3,"featured_media":93757,"comment_status":"closed","ping_status":"closed","sticky":false,"template":"","format":"standard","meta":{"_acf_changed":false,"_seopress_robots_primary_cat":"none","_seopress_titles_title":"","_seopress_titles_desc":"","_seopress_robots_index":"","colormag_page_container_layout":"default_layout","colormag_page_sidebar_layout":"default_layout","footnotes":""},"categories":[1],"tags":[],"class_list":["post-93754","post","type-post","status-publish","format-standard","has-post-thumbnail","hentry","category-destacadas"],"acf":[],"_links":{"self":[{"href":"https:\/\/vocesparalelas.com.ar\/sitio\/wp-json\/wp\/v2\/posts\/93754","targetHints":{"allow":["GET"]}}],"collection":[{"href":"https:\/\/vocesparalelas.com.ar\/sitio\/wp-json\/wp\/v2\/posts"}],"about":[{"href":"https:\/\/vocesparalelas.com.ar\/sitio\/wp-json\/wp\/v2\/types\/post"}],"author":[{"embeddable":true,"href":"https:\/\/vocesparalelas.com.ar\/sitio\/wp-json\/wp\/v2\/users\/3"}],"replies":[{"embeddable":true,"href":"https:\/\/vocesparalelas.com.ar\/sitio\/wp-json\/wp\/v2\/comments?post=93754"}],"version-history":[{"count":1,"href":"https:\/\/vocesparalelas.com.ar\/sitio\/wp-json\/wp\/v2\/posts\/93754\/revisions"}],"predecessor-version":[{"id":93758,"href":"https:\/\/vocesparalelas.com.ar\/sitio\/wp-json\/wp\/v2\/posts\/93754\/revisions\/93758"}],"wp:featuredmedia":[{"embeddable":true,"href":"https:\/\/vocesparalelas.com.ar\/sitio\/wp-json\/wp\/v2\/media\/93757"}],"wp:attachment":[{"href":"https:\/\/vocesparalelas.com.ar\/sitio\/wp-json\/wp\/v2\/media?parent=93754"}],"wp:term":[{"taxonomy":"category","embeddable":true,"href":"https:\/\/vocesparalelas.com.ar\/sitio\/wp-json\/wp\/v2\/categories?post=93754"},{"taxonomy":"post_tag","embeddable":true,"href":"https:\/\/vocesparalelas.com.ar\/sitio\/wp-json\/wp\/v2\/tags?post=93754"}],"curies":[{"name":"wp","href":"https:\/\/api.w.org\/{rel}","templated":true}]}}