{"id":93744,"date":"2025-11-11T19:52:13","date_gmt":"2025-11-11T22:52:13","guid":{"rendered":"https:\/\/vocesparalelas.com.ar\/sitio\/?p=93744"},"modified":"2025-11-12T09:10:40","modified_gmt":"2025-11-12T12:10:40","slug":"62-familias-con-su-casa-propia-en-el-barrio-tres-marias-en-san-juan","status":"publish","type":"post","link":"https:\/\/vocesparalelas.com.ar\/sitio\/62-familias-con-su-casa-propia-en-el-barrio-tres-marias-en-san-juan\/","title":{"rendered":"62 familias con su casa propia en el Barrio Tres Mar\u00edas en San Juan"},"content":{"rendered":"<p>El Martes, 11 de Noviembre, el gobernador de San Juan, Dr. Marcelo Orrego presidi\u00f3 la entrega de las 62 casas del\u00a0 Barrio Tres Mar\u00edas, Pedro Yanelli y Avenida Benav\u00eddez, Departamento Chimbas.<\/p>\n<p>En este contexto, el gobernador de San Juan, Dr. Marcelo Orrego se\u00f1al\u00f3 que \u201ccada vez que me toca entregar un barrio, la verdad que es un d\u00eda especial porque s\u00e9 que, en cada una de sus miradas, en cada una de sus acciones, el objeto es tener ese techo propio, ese techo tan ansiado, que es lo que nos da dignidad, poder tener la oportunidad de que nuestros hijos se cr\u00eden en condiciones favorables\u00bb.<\/p>\n<p><iframe loading=\"lazy\" title=\"El gobernador Orrego entrego viviendas en Chimbas\" width=\"800\" height=\"450\" src=\"https:\/\/www.youtube.com\/embed\/Ox2kpQNUzxY?feature=oembed\" frameborder=\"0\" allow=\"accelerometer; autoplay; clipboard-write; encrypted-media; gyroscope; picture-in-picture; web-share\" referrerpolicy=\"strict-origin-when-cross-origin\" allowfullscreen><\/iframe><\/p>\n<p>\u00abEstar me pone muy feliz porque en definitiva lo que estoy haciendo es cumplir con la palabra, es entregar cada una de las viviendas que me compromet\u00ed el a\u00f1o pasado. Me toc\u00f3 gobernar en el momento m\u00e1s dif\u00edcil de la historia argentina, en la fase m\u00e1s profunda de la historia argentina, sobre todo en la econ\u00f3mica. Y la verdad que lejos de decir \u2018vamos a mirar por el espejo retrovisor\u2019, decidimos mirar por ese parabrisa bien amplio que tiene que ver con nuestro futuro\u00bb.<\/p>\n<p>\u00abSan Juan fue la primera provincia del pa\u00eds el a\u00f1o pasado en reabrir la obra p\u00fablica, con la consigna de administrar con much\u00edsima austeridad. Fuimos valientes en conformar el presupuesto de este a\u00f1o con un 40% m\u00e1s de viviendas que en 2024\u00bb.<\/p>\n<p>\u00abEstamos cumpliendo, nos quedan 7 barrios, son m\u00e1s de 600 viviendas, con estas 62 menos, van a ser 540 viviendas m\u00e1s de muchos sanjuaninos que van a poder usar su casa. Esto se hace con el esfuerzo de cada uno de los sanjuaninos\u00bb.<\/p>\n<p>\u00abinvito a los nuevos adjudicatarios a transformar la vivienda en un verdadero hogar: Esta estructura es una casa que es bell\u00edsima. Ahora se va a transformar en un hogar porque el sentimiento se lo van a imprimir ustedes, gracias a Dios, van a pasar momentos muy lindos, aniversarios, cumplea\u00f1os, los chicos van a jugar en la plaza\u00bb.<\/p>\n<p>\u00abEl car\u00e1cter solidario del sistema del IPV con el pago de la cuota, para seguir haciendo realidad el sue\u00f1o de la casa propia para muchas m\u00e1s familias de San Juan\u00bb &#8211; sintetiz\u00f3 el gobernador de San Juan, Dr. Marcelo Orrego.<\/p>\n<p><img loading=\"lazy\" decoding=\"async\" class=\"alignnone size-full wp-image-93747\" src=\"https:\/\/vocesparalelas.com.ar\/sitio\/wp-content\/uploads\/2025\/11\/CIMBAS-CASAS-01.jpg\" alt=\"\" width=\"800\" height=\"449\" srcset=\"https:\/\/vocesparalelas.com.ar\/sitio\/wp-content\/uploads\/2025\/11\/CIMBAS-CASAS-01.jpg 800w, https:\/\/vocesparalelas.com.ar\/sitio\/wp-content\/uploads\/2025\/11\/CIMBAS-CASAS-01-300x168.jpg 300w, https:\/\/vocesparalelas.com.ar\/sitio\/wp-content\/uploads\/2025\/11\/CIMBAS-CASAS-01-768x431.jpg 768w\" sizes=\"auto, (max-width: 800px) 100vw, 800px\" \/><\/p>\n<p><span style=\"color: #ff6600;\"><strong>Un espacio para fortalecer la comunidad<\/strong><\/span><\/p>\n<p>El barrio Tres Mar\u00edas, construido por la empresa DMF Construcciones SRL, no es solo un conjunto de casas, sino un verdadero espacio pensado para el desarrollo familiar. Costeadas con fondos netamente provinciales, las 62 viviendas entregadas est\u00e1n realizadas bajo el sistema constructivo tradicional, lo que garantiza su solidez.<\/p>\n<p>Cada familia recibi\u00f3 una casa muy funcional: incluye dos dormitorios c\u00f3modos, un ba\u00f1o completo y un ambiente integrado que une la cocina y el comedor. Las unidades prev\u00e9n un espacio para una futura ampliaci\u00f3n, ideal para sumar un tercer dormitorio. Adem\u00e1s, para disfrutar del aire libre, cuentan con un \u00e1rea de expansi\u00f3n que incluye una p\u00e9rgola met\u00e1lica.<\/p>\n<p>Las viviendas disponen de red de cloaca, red de agua potable, red el\u00e9ctrica a\u00e9rea y, algo fundamental, la red de gas natural. Para el confort de los vecinos, las calles son enripiadas y cuentan con cordones cuneta de hormig\u00f3n, y las veredas de hormig\u00f3n simple garantizan accesibilidad.<\/p>\n<p>El barrio fue dotado de un espacio verde resuelto con distintas texturas en sus solados, totalmente equipado con asientos, juegos, luminarias y canteros. Este rinc\u00f3n es esencial para que los ni\u00f1os puedan jugar con tranquilidad y los vecinos se conozcan y puedan formar una comunidad unida. Para embellecer el entorno, se utiliz\u00f3 el sistema de riego para mantener el arbolado p\u00fablico, con especies de fresno americano frente a cada vivienda.<\/p>\n<p>&nbsp;<\/p>\n<p><img loading=\"lazy\" decoding=\"async\" class=\"alignnone size-full wp-image-65642\" src=\"https:\/\/vocesparalelas.com.ar\/sitio\/wp-content\/uploads\/2023\/11\/GOBIERNO-SAN-JUAN.jpg\" alt=\"\" width=\"800\" height=\"600\" srcset=\"https:\/\/vocesparalelas.com.ar\/sitio\/wp-content\/uploads\/2023\/11\/GOBIERNO-SAN-JUAN.jpg 800w, https:\/\/vocesparalelas.com.ar\/sitio\/wp-content\/uploads\/2023\/11\/GOBIERNO-SAN-JUAN-300x225.jpg 300w, https:\/\/vocesparalelas.com.ar\/sitio\/wp-content\/uploads\/2023\/11\/GOBIERNO-SAN-JUAN-768x576.jpg 768w\" sizes=\"auto, (max-width: 800px) 100vw, 800px\" \/><\/p>\n","protected":false},"excerpt":{"rendered":"<p>El Martes, 11 de Noviembre, el gobernador de San Juan, Dr. Marcelo Orrego presidi\u00f3 la entrega de las 62 casas<\/p>\n","protected":false},"author":3,"featured_media":93748,"comment_status":"closed","ping_status":"closed","sticky":false,"template":"","format":"standard","meta":{"_acf_changed":false,"_seopress_robots_primary_cat":"none","_seopress_titles_title":"","_seopress_titles_desc":"","_seopress_robots_index":"","colormag_page_container_layout":"default_layout","colormag_page_sidebar_layout":"default_layout","footnotes":""},"categories":[1,7],"tags":[],"class_list":["post-93744","post","type-post","status-publish","format-standard","has-post-thumbnail","hentry","category-destacadas","category-videos"],"acf":[],"_links":{"self":[{"href":"https:\/\/vocesparalelas.com.ar\/sitio\/wp-json\/wp\/v2\/posts\/93744","targetHints":{"allow":["GET"]}}],"collection":[{"href":"https:\/\/vocesparalelas.com.ar\/sitio\/wp-json\/wp\/v2\/posts"}],"about":[{"href":"https:\/\/vocesparalelas.com.ar\/sitio\/wp-json\/wp\/v2\/types\/post"}],"author":[{"embeddable":true,"href":"https:\/\/vocesparalelas.com.ar\/sitio\/wp-json\/wp\/v2\/users\/3"}],"replies":[{"embeddable":true,"href":"https:\/\/vocesparalelas.com.ar\/sitio\/wp-json\/wp\/v2\/comments?post=93744"}],"version-history":[{"count":2,"href":"https:\/\/vocesparalelas.com.ar\/sitio\/wp-json\/wp\/v2\/posts\/93744\/revisions"}],"predecessor-version":[{"id":93791,"href":"https:\/\/vocesparalelas.com.ar\/sitio\/wp-json\/wp\/v2\/posts\/93744\/revisions\/93791"}],"wp:featuredmedia":[{"embeddable":true,"href":"https:\/\/vocesparalelas.com.ar\/sitio\/wp-json\/wp\/v2\/media\/93748"}],"wp:attachment":[{"href":"https:\/\/vocesparalelas.com.ar\/sitio\/wp-json\/wp\/v2\/media?parent=93744"}],"wp:term":[{"taxonomy":"category","embeddable":true,"href":"https:\/\/vocesparalelas.com.ar\/sitio\/wp-json\/wp\/v2\/categories?post=93744"},{"taxonomy":"post_tag","embeddable":true,"href":"https:\/\/vocesparalelas.com.ar\/sitio\/wp-json\/wp\/v2\/tags?post=93744"}],"curies":[{"name":"wp","href":"https:\/\/api.w.org\/{rel}","templated":true}]}}