{"id":93700,"date":"2025-11-10T22:17:18","date_gmt":"2025-11-11T01:17:18","guid":{"rendered":"https:\/\/vocesparalelas.com.ar\/sitio\/?p=93700"},"modified":"2025-11-11T21:46:10","modified_gmt":"2025-11-12T00:46:10","slug":"la-pagina-web-de-obra-social-provincia-de-san-juan-al-servicio-de-sus-afiliados","status":"publish","type":"post","link":"https:\/\/vocesparalelas.com.ar\/sitio\/la-pagina-web-de-obra-social-provincia-de-san-juan-al-servicio-de-sus-afiliados\/","title":{"rendered":"La p\u00e1gina web de Obra Social Provincia de San Juan al servicio de sus afiliados"},"content":{"rendered":"<p>La p\u00e1gina web de Obra Social Provincia del Ministerio de Salud del\u00a0Gobierno de San Juan contin\u00faa consolid\u00e1ndose como una herramienta clave para que los afiliados puedan acceder de manera r\u00e1pida y sencilla a la informaci\u00f3n y los servicios que ofrece.<\/p>\n<p>Desde su lanzamiento, el sitio web ha sido dise\u00f1ado para mejorar la experiencia de los usuarios y facilitar la gesti\u00f3n de tr\u00e1mites desde cualquier dispositivo, sin necesidad de trasladarse.<\/p>\n<p><strong><span style=\"color: #ff0000;\">En la web se puede realizar los siguientes tr\u00e1mites:<\/span><\/strong><\/p>\n<ul>\n<li><span style=\"color: #ff0000;\"><strong>Consultar la cobertura:<\/strong>\u00a0<\/span>accede a informaci\u00f3n detallada sobre prestaciones m\u00e9dicas, medicamentos y tratamientos.<\/li>\n<li><span style=\"color: #ff0000;\"><strong>Conocer los programas de prevenci\u00f3n y cuidado:<\/strong><\/span>\u00a0Iniciativas que promueven la salud y el bienestar.<\/li>\n<li><span style=\"color: #ff0000;\"><strong>Buscar prestadores y farmacias:<\/strong><\/span>\u00a0Se puede consultar la cartilla completa seg\u00fan tu localidad y especialidad.<\/li>\n<li><span style=\"color: #ff0000;\"><strong>Realizar tr\u00e1mites y descargar formularios:<\/strong>\u00a0<\/span>los afiliados pueden consultar su documentaci\u00f3n de manera pr\u00e1ctica y \u00e1gil.<\/li>\n<li><span style=\"color: #ff0000;\"><strong>Mantenerse informado:<\/strong><\/span> en la p\u00e1gina Web los afiliados puede consultar las \u00faltimas novedades, beneficios y actividades de la instituci\u00f3n.<\/li>\n<\/ul>\n<p><span style=\"color: #ff0000;\"><strong>Para poder conocer estos beneficios deben acceder a\u00a0<\/strong><\/span><\/p>\n<p><a href=\"https:\/\/obrasocial.sanjuan.gob.ar\/\">obrasocial.sanjuan.gob.ar<\/a><\/p>\n<p>&nbsp;<\/p>\n<p><img loading=\"lazy\" decoding=\"async\" class=\"alignnone size-full wp-image-53683\" src=\"https:\/\/vocesparalelas.com.ar\/sitio\/wp-content\/uploads\/2022\/10\/OSP-EDIFICIO.jpg\" alt=\"\" width=\"800\" height=\"600\" srcset=\"https:\/\/vocesparalelas.com.ar\/sitio\/wp-content\/uploads\/2022\/10\/OSP-EDIFICIO.jpg 800w, https:\/\/vocesparalelas.com.ar\/sitio\/wp-content\/uploads\/2022\/10\/OSP-EDIFICIO-300x225.jpg 300w, https:\/\/vocesparalelas.com.ar\/sitio\/wp-content\/uploads\/2022\/10\/OSP-EDIFICIO-768x576.jpg 768w\" sizes=\"auto, (max-width: 800px) 100vw, 800px\" \/><\/p>\n","protected":false},"excerpt":{"rendered":"<p>La p\u00e1gina web de Obra Social Provincia del Ministerio de Salud del\u00a0Gobierno de San Juan contin\u00faa consolid\u00e1ndose como una herramienta<\/p>\n","protected":false},"author":3,"featured_media":93703,"comment_status":"closed","ping_status":"closed","sticky":false,"template":"","format":"standard","meta":{"_acf_changed":false,"_seopress_robots_primary_cat":"none","_seopress_titles_title":"","_seopress_titles_desc":"","_seopress_robots_index":"","colormag_page_container_layout":"default_layout","colormag_page_sidebar_layout":"default_layout","footnotes":""},"categories":[5],"tags":[],"class_list":["post-93700","post","type-post","status-publish","format-standard","has-post-thumbnail","hentry","category-ofrecimientos"],"acf":[],"_links":{"self":[{"href":"https:\/\/vocesparalelas.com.ar\/sitio\/wp-json\/wp\/v2\/posts\/93700","targetHints":{"allow":["GET"]}}],"collection":[{"href":"https:\/\/vocesparalelas.com.ar\/sitio\/wp-json\/wp\/v2\/posts"}],"about":[{"href":"https:\/\/vocesparalelas.com.ar\/sitio\/wp-json\/wp\/v2\/types\/post"}],"author":[{"embeddable":true,"href":"https:\/\/vocesparalelas.com.ar\/sitio\/wp-json\/wp\/v2\/users\/3"}],"replies":[{"embeddable":true,"href":"https:\/\/vocesparalelas.com.ar\/sitio\/wp-json\/wp\/v2\/comments?post=93700"}],"version-history":[{"count":2,"href":"https:\/\/vocesparalelas.com.ar\/sitio\/wp-json\/wp\/v2\/posts\/93700\/revisions"}],"predecessor-version":[{"id":93705,"href":"https:\/\/vocesparalelas.com.ar\/sitio\/wp-json\/wp\/v2\/posts\/93700\/revisions\/93705"}],"wp:featuredmedia":[{"embeddable":true,"href":"https:\/\/vocesparalelas.com.ar\/sitio\/wp-json\/wp\/v2\/media\/93703"}],"wp:attachment":[{"href":"https:\/\/vocesparalelas.com.ar\/sitio\/wp-json\/wp\/v2\/media?parent=93700"}],"wp:term":[{"taxonomy":"category","embeddable":true,"href":"https:\/\/vocesparalelas.com.ar\/sitio\/wp-json\/wp\/v2\/categories?post=93700"},{"taxonomy":"post_tag","embeddable":true,"href":"https:\/\/vocesparalelas.com.ar\/sitio\/wp-json\/wp\/v2\/tags?post=93700"}],"curies":[{"name":"wp","href":"https:\/\/api.w.org\/{rel}","templated":true}]}}