{"id":93688,"date":"2025-11-10T21:16:03","date_gmt":"2025-11-11T00:16:03","guid":{"rendered":"https:\/\/vocesparalelas.com.ar\/sitio\/?p=93688"},"modified":"2025-11-12T23:36:48","modified_gmt":"2025-11-13T02:36:48","slug":"una-reunion-para-fortalecer-el-desarrollo-de-la-provincia-de-san-juan","status":"publish","type":"post","link":"https:\/\/vocesparalelas.com.ar\/sitio\/una-reunion-para-fortalecer-el-desarrollo-de-la-provincia-de-san-juan\/","title":{"rendered":"Una reuni\u00f3n para fortalecer el desarrollo de la Provincia de San Juan"},"content":{"rendered":"<p>El gobernador de San Juan, Dr. Marcelo Orrego, mantuvo el Lunes, 10 de Noviembre, un encuentro con Diego Santilli, quien se prepara para asumir formalmente como ministro del Interior el Martes, 11 de Noviembre, en la Casa Rosada, quien ratific\u00f3 el compromiso de trabajar por el desarrollo provincial.<\/p>\n<p>Esta reuni\u00f3n se dio en Buenos Aires y en el marco de una ronda de di\u00e1logo que Diego Santilli inici\u00f3 con mandatarios provinciales justo antes de su juramento, buscando establecer puentes de comunicaci\u00f3n antes de que se inicien las sesiones extraordinarias en el Congreso.<\/p>\n<p>El gobernador de San Juan, Dr. Marcelo Orrego aport\u00f3 en el encuentro temas de gran inter\u00e9s para el desarrollo provincial, que requieren coordinaci\u00f3n con el Gobierno Nacional.<\/p>\n<p><iframe loading=\"lazy\" title=\"ORREGO, GOBERNADOR DE SAN JUAN, TRAS LA REUNI\u00d3N CON ADORNI Y SANTILLI\" width=\"563\" height=\"1000\" src=\"https:\/\/www.youtube.com\/embed\/Ulk85_QSmQk?feature=oembed\" frameborder=\"0\" allow=\"accelerometer; autoplay; clipboard-write; encrypted-media; gyroscope; picture-in-picture; web-share\" referrerpolicy=\"strict-origin-when-cross-origin\" allowfullscreen><\/iframe><\/p>\n<p>Al salir del encuentro, en rueda de prensa, el gobernador de San Juan, Dr. Marcelo Orrego abord\u00f3 diversos temas, desde la relaci\u00f3n de San Juan con la Naci\u00f3n hasta su postura sobre las reformas que se debaten.<\/p>\n<p>\u00abDeseo \u00e9xito al futuro ministro, recordando el v\u00ednculo que los une. Yo le deseo que tenga toda la suerte al mundo, Conservo una relaci\u00f3n de respeto por haber sido legisladores nacionales de manera contempor\u00e1nea.<\/p>\n<p>\u00abLa misi\u00f3n federal que debe asumir Diego Santilli por que debe tener claramente una misi\u00f3n muy s\u00f3lida, que tener ese v\u00ednculo con cada uno de los gobernadores, porque el ministro del Interior es, en definitiva, el que tiene que tener esa mirada federal, el que tiene que conocer de primera mano los problemas que existen en cada una las provincias\u00bb.<\/p>\n<p>\u00abSe trat\u00f3 distintos temas que son muy oportunos en estos tiempos como Vaca Muerta y la miner\u00eda. Puso un foco especial en la posici\u00f3n de San Juan dentro de la agenda nacional de recursos estrat\u00e9gicos: \u00abnos posicionamos mucho en estos \u00faltimos puntos que les puedo comentar que tiene que ver con la transici\u00f3n energ\u00e9tica, donde hay dos minerales que son cr\u00edticos, uno es el litio y otro es el cobre\u00bb.<\/p>\n<p>\u00abEl litio es t\u00e1ctico y el cobre es estrat\u00e9gico. Los diez proyectos de cobre que existen en la Argentina, seis se encuentran en San Juan y muchos est\u00e1n en un estado de gestaci\u00f3n avanzada. Soy optimista en que estos proyectos se concretar\u00e1n porque la macro ha mejorado, todos lo sabemos, el mundo lo sabe. Hoy hay seguridad fiscal, seguridad jur\u00eddica y estabilidad fiscal\u00bb.<\/p>\n<p>\u00abA\u00fan es necesario terminar de concluir un circuito que tiene que ver con la legislaci\u00f3n de glaciares. Detall\u00f3 que hace falta un decreto reglamentario de la Ley de Glaciares o una nueva ley que establezca que sean las provincias la autoridad de aplicaci\u00f3n para determinar lo que es glaciar o periglaciar\u00bb.<\/p>\n<p>\u00abEn cuanto al apoyo legislativo al Gobierno Nacional, si bien no hablaron de manera particular del presupuesto, es indispensable que el presidente cuente con las herramientas para generar esa hoja de ruta y garantizar la gobernabilidad. Se\u00f1al\u00f3 que esa hoja de ruta nacional \u00abnos da la oportunidad a los gobernadores a poder tambi\u00e9n tener nuestros propios presupuestos\u00bb.<\/p>\n<p>\u00abEl v\u00ednculo Naci\u00f3n-Provincias es el mejor socio, el mejor aliado que puede tener el presidente claramente son los gobernadores porque tienen la misma responsabilidad administrativa, que es administrar prioridades absolutamente todos los d\u00edas\u00bb.<\/p>\n<p>\u00abLa reforma laboral, considero que es una reforma m\u00e1s profunda que quiere llevar adelante el Gobierno. Califico como oportuno hablar de una reforma laboral donde todos sabemos que es una hoy las leyes que nos rigen son arcaicas, son retr\u00f3gradas, y precisamos tener una modernizaci\u00f3n de la legislaci\u00f3n laboral\u00bb.<\/p>\n<p>\u00abDefiendo el concepto detr\u00e1s de la modernizaci\u00f3n laboral que va a favor de los trabajadores. \u00c9l habla de los conceptos generales, los pilares, que le han mencionado los funcionarios del Gobierno Nacional, pero que a\u00fan necesita ver absolutamente toda la letra de la ley\u00bb.<\/p>\n<p>&nbsp;<\/p>\n<p><img loading=\"lazy\" decoding=\"async\" class=\"alignnone size-full wp-image-65642\" src=\"https:\/\/vocesparalelas.com.ar\/sitio\/wp-content\/uploads\/2023\/11\/GOBIERNO-SAN-JUAN.jpg\" alt=\"\" width=\"800\" height=\"600\" srcset=\"https:\/\/vocesparalelas.com.ar\/sitio\/wp-content\/uploads\/2023\/11\/GOBIERNO-SAN-JUAN.jpg 800w, https:\/\/vocesparalelas.com.ar\/sitio\/wp-content\/uploads\/2023\/11\/GOBIERNO-SAN-JUAN-300x225.jpg 300w, https:\/\/vocesparalelas.com.ar\/sitio\/wp-content\/uploads\/2023\/11\/GOBIERNO-SAN-JUAN-768x576.jpg 768w\" sizes=\"auto, (max-width: 800px) 100vw, 800px\" \/><\/p>\n","protected":false},"excerpt":{"rendered":"<p>El gobernador de San Juan, Dr. Marcelo Orrego, mantuvo el Lunes, 10 de Noviembre, un encuentro con Diego Santilli, quien<\/p>\n","protected":false},"author":3,"featured_media":93691,"comment_status":"closed","ping_status":"closed","sticky":false,"template":"","format":"standard","meta":{"_acf_changed":false,"_seopress_robots_primary_cat":"none","_seopress_titles_title":"","_seopress_titles_desc":"","_seopress_robots_index":"","colormag_page_container_layout":"default_layout","colormag_page_sidebar_layout":"default_layout","footnotes":""},"categories":[10,7],"tags":[],"class_list":["post-93688","post","type-post","status-publish","format-standard","has-post-thumbnail","hentry","category-opiniones","category-videos"],"acf":[],"_links":{"self":[{"href":"https:\/\/vocesparalelas.com.ar\/sitio\/wp-json\/wp\/v2\/posts\/93688","targetHints":{"allow":["GET"]}}],"collection":[{"href":"https:\/\/vocesparalelas.com.ar\/sitio\/wp-json\/wp\/v2\/posts"}],"about":[{"href":"https:\/\/vocesparalelas.com.ar\/sitio\/wp-json\/wp\/v2\/types\/post"}],"author":[{"embeddable":true,"href":"https:\/\/vocesparalelas.com.ar\/sitio\/wp-json\/wp\/v2\/users\/3"}],"replies":[{"embeddable":true,"href":"https:\/\/vocesparalelas.com.ar\/sitio\/wp-json\/wp\/v2\/comments?post=93688"}],"version-history":[{"count":3,"href":"https:\/\/vocesparalelas.com.ar\/sitio\/wp-json\/wp\/v2\/posts\/93688\/revisions"}],"predecessor-version":[{"id":93725,"href":"https:\/\/vocesparalelas.com.ar\/sitio\/wp-json\/wp\/v2\/posts\/93688\/revisions\/93725"}],"wp:featuredmedia":[{"embeddable":true,"href":"https:\/\/vocesparalelas.com.ar\/sitio\/wp-json\/wp\/v2\/media\/93691"}],"wp:attachment":[{"href":"https:\/\/vocesparalelas.com.ar\/sitio\/wp-json\/wp\/v2\/media?parent=93688"}],"wp:term":[{"taxonomy":"category","embeddable":true,"href":"https:\/\/vocesparalelas.com.ar\/sitio\/wp-json\/wp\/v2\/categories?post=93688"},{"taxonomy":"post_tag","embeddable":true,"href":"https:\/\/vocesparalelas.com.ar\/sitio\/wp-json\/wp\/v2\/tags?post=93688"}],"curies":[{"name":"wp","href":"https:\/\/api.w.org\/{rel}","templated":true}]}}