{"id":93680,"date":"2025-11-10T11:58:30","date_gmt":"2025-11-10T14:58:30","guid":{"rendered":"https:\/\/vocesparalelas.com.ar\/sitio\/?p=93680"},"modified":"2025-11-12T00:13:18","modified_gmt":"2025-11-12T03:13:18","slug":"concurso-mejor-vidriera-navidena-2025-en-rivadavia","status":"publish","type":"post","link":"https:\/\/vocesparalelas.com.ar\/sitio\/concurso-mejor-vidriera-navidena-2025-en-rivadavia\/","title":{"rendered":"Concurso \u201cMejor Vidriera Navide\u00f1a 2025\u201d en Rivadavia"},"content":{"rendered":"<div>La Municipalidad de Rivadavia, a trav\u00e9s de la Oficina de Comercio invita a los comerciantes a sumarse al Concurso \u201cMejor Vidriera Navide\u00f1a 2025\u201d, una iniciativa que busca promover el comercio local, dinamizar las ventas de fin de a\u00f1o y potenciar la creatividad.<\/div>\n<div><\/div>\n<div>La propuesta invita a todos los locales comerciales del departamento a decorar sus vidrieras con tem\u00e1tica navide\u00f1a, utilizando materiales y estilos libres. El objetivo es que cada negocio pueda generar experiencias visuales atractivas, que inspiren a los vecinos a recorrer y comprar en el departamento durante una de las temporadas m\u00e1s importantes del a\u00f1o.<\/div>\n<div><\/div>\n<div>El intendente de la Municipalidad de Rivadavia, Sergio Miodowsky puntualiz\u00f3 que \u00abel Concurso es una forma de acompa\u00f1ar y visibilizar el esfuerzo diario de nuestros comerciantes, impulsando un movimiento econ\u00f3mico positivo para el sector y reforzando el esp\u00edritu navide\u00f1o. Este tipo de acciones son en base a acompa\u00f1ar al comercio del Rivadavia, como lo venimos haciendo por ejemplo con la reciente inauguraci\u00f3n del primer polo comercial del departamento\u201d.<\/div>\n<div><\/div>\n<div><span style=\"color: #008000;\"><strong>\u00bfQui\u00e9nes pueden participar?<\/strong><\/span><\/div>\n<div><\/div>\n<div>Todos los comercios inscriptos en la oficina de Industrial y Comercio, y ubicados en Rivadavia podr\u00e1n sumarse. No tiene costo de inscripci\u00f3n.<\/div>\n<div><\/div>\n<div>La inscripci\u00f3n cierra el 19 de Diciembre de 2025 a las 12 hs.<\/div>\n<div><\/div>\n<div><strong><span style=\"color: #008000;\">\u00bfC\u00f3mo inscribirse?<\/span><\/strong><\/div>\n<div><\/div>\n<div>Los comerciantes deber\u00e1n enviar sus datos y una foto de la vidriera ya decorada al:<\/div>\n<ul>\n<li>Mail:\u00a0<a href=\"comercio@rivadavia.gob.ar\">comercio@rivadavia.gob.ar<\/a><\/li>\n<li>WhatsApp: 264 561 4594<\/li>\n<\/ul>\n<div><span style=\"color: #008000;\"><strong>Datos a enviar<\/strong><\/span><\/div>\n<ul>\n<li>Nombre del titular del comercio<\/li>\n<li>Nombre de fantas\u00eda<\/li>\n<li>Rubro y direcci\u00f3n<\/li>\n<li>Foto de la vidriera terminada<\/li>\n<\/ul>\n<div><strong><span style=\"color: #008000;\">Criterios de evaluaci\u00f3n<\/span><\/strong><\/div>\n<div><\/div>\n<div>Un jurado especializado tiene en cuenta<\/div>\n<ul>\n<li>Creatividad<\/li>\n<li>Originalidad<\/li>\n<li>Uso del espacio<\/li>\n<li>Materiales utilizados<\/li>\n<li>Iluminaci\u00f3n<\/li>\n<li>Innovaci\u00f3n<\/li>\n<\/ul>\n<div>Adem\u00e1s, las fotos ser\u00e1n compartidas en las redes sociales oficiales del municipio, donde la votaci\u00f3n del p\u00fablico tambi\u00e9n sumar\u00e1 puntos.<\/div>\n<div><\/div>\n<div><strong><span style=\"color: #008000;\">Premios<\/span><\/strong><\/div>\n<div><\/div>\n<div>Los comercios que resulten destacados reciben<\/div>\n<ul>\n<li>1\u00b0 Premio: Notebook<\/li>\n<li>2\u00b0 Premio: Impresora<\/li>\n<li>3\u00b0 Premio: Cafetera<\/li>\n<\/ul>\n<div><span style=\"color: #008000;\"><strong>Vigencia<\/strong><\/span><\/div>\n<ul>\n<li>Decoraci\u00f3n y visibilizaci\u00f3n: 20\/11 al 19\/12<\/li>\n<li>Selecci\u00f3n final: 22\/12<\/li>\n<\/ul>\n<div><\/div>\n<div><img loading=\"lazy\" decoding=\"async\" class=\"alignnone size-full wp-image-66896\" src=\"https:\/\/vocesparalelas.com.ar\/sitio\/wp-content\/uploads\/2023\/12\/RIVADAVIA-LOGO-NUEVO.jpg\" alt=\"\" width=\"800\" height=\"533\" srcset=\"https:\/\/vocesparalelas.com.ar\/sitio\/wp-content\/uploads\/2023\/12\/RIVADAVIA-LOGO-NUEVO.jpg 800w, https:\/\/vocesparalelas.com.ar\/sitio\/wp-content\/uploads\/2023\/12\/RIVADAVIA-LOGO-NUEVO-300x200.jpg 300w, https:\/\/vocesparalelas.com.ar\/sitio\/wp-content\/uploads\/2023\/12\/RIVADAVIA-LOGO-NUEVO-768x512.jpg 768w\" sizes=\"auto, (max-width: 800px) 100vw, 800px\" \/><\/div>\n<div><\/div>\n","protected":false},"excerpt":{"rendered":"<p>La Municipalidad de Rivadavia, a trav\u00e9s de la Oficina de Comercio invita a los comerciantes a sumarse al Concurso \u201cMejor<\/p>\n","protected":false},"author":3,"featured_media":17519,"comment_status":"closed","ping_status":"closed","sticky":false,"template":"","format":"standard","meta":{"_acf_changed":false,"_seopress_robots_primary_cat":"none","_seopress_titles_title":"","_seopress_titles_desc":"","_seopress_robots_index":"","colormag_page_container_layout":"default_layout","colormag_page_sidebar_layout":"default_layout","footnotes":""},"categories":[8],"tags":[],"class_list":["post-93680","post","type-post","status-publish","format-standard","has-post-thumbnail","hentry","category-concursos"],"acf":[],"_links":{"self":[{"href":"https:\/\/vocesparalelas.com.ar\/sitio\/wp-json\/wp\/v2\/posts\/93680","targetHints":{"allow":["GET"]}}],"collection":[{"href":"https:\/\/vocesparalelas.com.ar\/sitio\/wp-json\/wp\/v2\/posts"}],"about":[{"href":"https:\/\/vocesparalelas.com.ar\/sitio\/wp-json\/wp\/v2\/types\/post"}],"author":[{"embeddable":true,"href":"https:\/\/vocesparalelas.com.ar\/sitio\/wp-json\/wp\/v2\/users\/3"}],"replies":[{"embeddable":true,"href":"https:\/\/vocesparalelas.com.ar\/sitio\/wp-json\/wp\/v2\/comments?post=93680"}],"version-history":[{"count":1,"href":"https:\/\/vocesparalelas.com.ar\/sitio\/wp-json\/wp\/v2\/posts\/93680\/revisions"}],"predecessor-version":[{"id":93683,"href":"https:\/\/vocesparalelas.com.ar\/sitio\/wp-json\/wp\/v2\/posts\/93680\/revisions\/93683"}],"wp:featuredmedia":[{"embeddable":true,"href":"https:\/\/vocesparalelas.com.ar\/sitio\/wp-json\/wp\/v2\/media\/17519"}],"wp:attachment":[{"href":"https:\/\/vocesparalelas.com.ar\/sitio\/wp-json\/wp\/v2\/media?parent=93680"}],"wp:term":[{"taxonomy":"category","embeddable":true,"href":"https:\/\/vocesparalelas.com.ar\/sitio\/wp-json\/wp\/v2\/categories?post=93680"},{"taxonomy":"post_tag","embeddable":true,"href":"https:\/\/vocesparalelas.com.ar\/sitio\/wp-json\/wp\/v2\/tags?post=93680"}],"curies":[{"name":"wp","href":"https:\/\/api.w.org\/{rel}","templated":true}]}}