{"id":93642,"date":"2025-11-08T21:55:44","date_gmt":"2025-11-09T00:55:44","guid":{"rendered":"https:\/\/vocesparalelas.com.ar\/sitio\/?p=93642"},"modified":"2025-11-10T00:22:33","modified_gmt":"2025-11-10T03:22:33","slug":"el-papa-leon-xiv-y-seis-meses-de-pontificado","status":"publish","type":"post","link":"https:\/\/vocesparalelas.com.ar\/sitio\/el-papa-leon-xiv-y-seis-meses-de-pontificado\/","title":{"rendered":"El Papa Le\u00f3n XIV y seis meses de Pontificado"},"content":{"rendered":"<p>Por el Arzobispo de San Juan de Cuyo, Monse\u00f1or Jorge Lozano<\/p>\n<p>El 8 de mayo de 2025 quedar\u00e1 grabado en la memoria de los cat\u00f3licos como el d\u00eda en que el Esp\u00edritu Santo, en su infinita sabidur\u00eda, inspir\u00f3 la elecci\u00f3n del Papa Le\u00f3n XIV. Mientras en la Argentina celebr\u00e1bamos la Solemnidad de la Virgen de Luj\u00e1n, el nuevo sucesor de Pedro nos deseaba la Paz: \u201cEsta es la paz de Cristo resucitado, una paz desarmada y una paz desarmante, humilde y perseverante. Proviene de Dios, Dios que nos ama a todos incondicionalmente\u201d. Desde su primer saludo, el nuevo Pont\u00edfice transmiti\u00f3 una renovada esperanza, abrazando a la comunidad mundial con palabras sencillas y profundas que resonaron en este tiempo de jubileo: \u201cqueremos ser una Iglesia sinodal, una Iglesia que camina, una Iglesia que busca siempre la paz, que busca siempre la caridad, que busca siempre estar cerca especialmente de aquellos que sufren\u201d.<\/p>\n<p>En estos seis meses, la labor pastoral del Papa Le\u00f3n XIV ha sido un verdadero testimonio de amor y servicio. Su entrega diaria, marcada por la oraci\u00f3n y el discernimiento, ha guiado a la Iglesia por caminos de unidad y di\u00e1logo.<\/p>\n<p>Su constante llamado a invocar al Esp\u00edritu Santo como fuente de inspiraci\u00f3n y renovaci\u00f3n anima a confiar en la acci\u00f3n de Dios en la historia. En la predicaci\u00f3n de la Vigilia de la Solemne espera del Esp\u00edritu Santo nos dec\u00eda: \u201cEn Pentecost\u00e9s, Mar\u00eda, los Ap\u00f3stoles, las disc\u00edpulas y los disc\u00edpulos que con ellos fueron colmados con un Esp\u00edritu de unidad, que radicaba para siempre sus diversidades en el \u00fanico Se\u00f1or Jesucristo. No muchas misiones, sino una \u00fanica misi\u00f3n. No introvertidos y belicosos, sino extrovertidos y luminosos\u201d (7 de junio 2025, Vigilia de Pentecost\u00e9s).<\/p>\n<p>A los j\u00f3venes les propuso: \u201caspiramos continuamente a un \u2018m\u00e1s\u2019 que ninguna realidad creada nos puede dar; sentimos una sed tan grande y abrasadora, que ninguna bebida de este mundo puede saciar. No enga\u00f1emos nuestro coraz\u00f3n ante esta sed, buscando satisfacerla con suced\u00e1neos ineficaces. M\u00e1s bien, escuch\u00e9mosla\u201d. Y respecto de la amistad con Jes\u00fas les dijo que \u201ces hermoso, tambi\u00e9n con veinte a\u00f1os, abrirle de par en par el coraz\u00f3n, permitirle entrar, para despu\u00e9s aventurarnos con \u00c9l hacia espacios eternos del infinito\u201d (Predicaci\u00f3n en la misa del Jubileo de los J\u00f3venes, Roma, 5 de agosto 2025).<\/p>\n<p>En el Encuentro Jubilar con los Educadores reconoci\u00f3 que \u201choy, en nuestros contextos educativos, preocupa ver crecer los s\u00edntomas de una fragilidad interior generalizada, en todas las edades. No podemos cerrar los<\/p>\n<p>ojos ante estos reclamos silenciosos de auxilio; al contrario, debemos esforzarnos por identificar sus causas profundas\u201d (Plaza San Pedro, 31 de octubre 2025).\u00a0Public\u00f3 la hermosa Carta Apost\u00f3lica \u201cDise\u00f1ar nuevos mapas de esperanza\u201d, que ya desde el t\u00edtulo es muy sugerente y nos llama a reflexionar (27 de octubre de 2025).<\/p>\n<p>En esa Carta Apost\u00f3lica nos ense\u00f1a que \u201cel punto clave no es la tecnolog\u00eda, sino el uso que hacemos de ella. La inteligencia artificial y los entornos digitales deben orientarse a la protecci\u00f3n de la dignidad, la justicia y el trabajo; deben regirse por criterios de \u00e9tica p\u00fablica y participaci\u00f3n; deben ir acompa\u00f1ados de una reflexi\u00f3n teol\u00f3gica y filos\u00f3fica a la altura\u201d.<\/p>\n<p>Le\u00f3n XIV ha dialogado activamente con los movimientos populares, valorando su contribuci\u00f3n a la justicia y la paz. \u201cEste caminar juntos da testimonio de la vitalidad de los movimientos populares como constructores de solidaridad en la diversidad. La Iglesia debe estar con ustedes: una Iglesia pobre para los pobres, una Iglesia que se acerca, que se arriesga, que es valiente, prof\u00e9tica y alegre\u201d (Encuentro Mundial de Movimientos Populares, Roma, 23 de octubre 2025).<\/p>\n<p>En la Exhortaci\u00f3n Apost\u00f3lica Dilexi Te el Papa nos recuerda la ense\u00f1anza de Jes\u00fas: \u00abCada vez que lo hicieron con el m\u00e1s peque\u00f1o de mis hermanos, lo hicieron conmigo\u00bb (Mt 25,40). Y concluye: \u201cNo estamos en el horizonte de la beneficencia, sino de la Revelaci\u00f3n; el contacto con quien no tiene poder ni grandeza es un modo fundamental de encuentro con el Se\u00f1or de la historia. En los pobres \u00c9l sigue teniendo algo que decirnos\u201d (DT 5).<\/p>\n<p>Al cumplirse seis meses desde la elecci\u00f3n del Papa Le\u00f3n XIV, hagamos una oraci\u00f3n agradecida por su ministerio y pidamos que el Esp\u00edritu Santo siga iluminando sus pasos. En este tiempo de jubileo, celebramos la presencia de un pastor que, con humildad y valent\u00eda, gu\u00eda a la Iglesia hacia una nueva etapa de fidelidad evang\u00e9lica y compromiso con el mundo.<\/p>\n<p><iframe loading=\"lazy\" title=\"SAN JUAN MONSE\u00d1OR JORGE LOZANO \" width=\"800\" height=\"450\" src=\"https:\/\/www.youtube.com\/embed\/w-qEqswPgns?feature=oembed\" frameborder=\"0\" allow=\"accelerometer; autoplay; clipboard-write; encrypted-media; gyroscope; picture-in-picture; web-share\" referrerpolicy=\"strict-origin-when-cross-origin\" allowfullscreen><\/iframe><\/p>\n<p>&nbsp;<\/p>\n<p><img loading=\"lazy\" decoding=\"async\" class=\"alignnone size-full wp-image-61416\" src=\"https:\/\/vocesparalelas.com.ar\/sitio\/wp-content\/uploads\/2023\/07\/ARZOBISPADO-EDIFICIO.jpg\" alt=\"\" width=\"800\" height=\"600\" srcset=\"https:\/\/vocesparalelas.com.ar\/sitio\/wp-content\/uploads\/2023\/07\/ARZOBISPADO-EDIFICIO.jpg 800w, https:\/\/vocesparalelas.com.ar\/sitio\/wp-content\/uploads\/2023\/07\/ARZOBISPADO-EDIFICIO-300x225.jpg 300w, https:\/\/vocesparalelas.com.ar\/sitio\/wp-content\/uploads\/2023\/07\/ARZOBISPADO-EDIFICIO-768x576.jpg 768w\" sizes=\"auto, (max-width: 800px) 100vw, 800px\" \/><\/p>\n","protected":false},"excerpt":{"rendered":"<p>Por el Arzobispo de San Juan de Cuyo, Monse\u00f1or Jorge Lozano El 8 de mayo de 2025 quedar\u00e1 grabado en<\/p>\n","protected":false},"author":3,"featured_media":81112,"comment_status":"closed","ping_status":"closed","sticky":false,"template":"","format":"standard","meta":{"_acf_changed":false,"_seopress_robots_primary_cat":"none","_seopress_titles_title":"","_seopress_titles_desc":"","_seopress_robots_index":"","colormag_page_container_layout":"default_layout","colormag_page_sidebar_layout":"default_layout","footnotes":""},"categories":[10,7],"tags":[],"class_list":["post-93642","post","type-post","status-publish","format-standard","has-post-thumbnail","hentry","category-opiniones","category-videos"],"acf":[],"_links":{"self":[{"href":"https:\/\/vocesparalelas.com.ar\/sitio\/wp-json\/wp\/v2\/posts\/93642","targetHints":{"allow":["GET"]}}],"collection":[{"href":"https:\/\/vocesparalelas.com.ar\/sitio\/wp-json\/wp\/v2\/posts"}],"about":[{"href":"https:\/\/vocesparalelas.com.ar\/sitio\/wp-json\/wp\/v2\/types\/post"}],"author":[{"embeddable":true,"href":"https:\/\/vocesparalelas.com.ar\/sitio\/wp-json\/wp\/v2\/users\/3"}],"replies":[{"embeddable":true,"href":"https:\/\/vocesparalelas.com.ar\/sitio\/wp-json\/wp\/v2\/comments?post=93642"}],"version-history":[{"count":1,"href":"https:\/\/vocesparalelas.com.ar\/sitio\/wp-json\/wp\/v2\/posts\/93642\/revisions"}],"predecessor-version":[{"id":93645,"href":"https:\/\/vocesparalelas.com.ar\/sitio\/wp-json\/wp\/v2\/posts\/93642\/revisions\/93645"}],"wp:featuredmedia":[{"embeddable":true,"href":"https:\/\/vocesparalelas.com.ar\/sitio\/wp-json\/wp\/v2\/media\/81112"}],"wp:attachment":[{"href":"https:\/\/vocesparalelas.com.ar\/sitio\/wp-json\/wp\/v2\/media?parent=93642"}],"wp:term":[{"taxonomy":"category","embeddable":true,"href":"https:\/\/vocesparalelas.com.ar\/sitio\/wp-json\/wp\/v2\/categories?post=93642"},{"taxonomy":"post_tag","embeddable":true,"href":"https:\/\/vocesparalelas.com.ar\/sitio\/wp-json\/wp\/v2\/tags?post=93642"}],"curies":[{"name":"wp","href":"https:\/\/api.w.org\/{rel}","templated":true}]}}