{"id":93632,"date":"2025-11-07T23:26:10","date_gmt":"2025-11-08T02:26:10","guid":{"rendered":"https:\/\/vocesparalelas.com.ar\/sitio\/?p=93632"},"modified":"2025-11-10T23:54:41","modified_gmt":"2025-11-11T02:54:41","slug":"los-gremios-docentes-rechazaron-el-aumento-salarial-del-gobierno-de-san-juan","status":"publish","type":"post","link":"https:\/\/vocesparalelas.com.ar\/sitio\/los-gremios-docentes-rechazaron-el-aumento-salarial-del-gobierno-de-san-juan\/","title":{"rendered":"Los gremios Docentes rechazaron el aumento salarial del Gobierno de San Juan"},"content":{"rendered":"<p>El Viernes, 7 de Noviembre de 2025, se reuni\u00f3 representantes del Gobierno de San Juan, la Ministro de Educaci\u00f3n Lic. Silvia Fuentes, el Ministro de Econom\u00eda, Finanzas y Hacienda CPN Roberto Guti\u00e9rrez y dem\u00e1s autoridades con los Gremios Docentes UDAP, UDA y AMET sus integrantes.<\/p>\n<p><iframe loading=\"lazy\" title=\"SAN JUAN PARITARIA DOCENTE NOVIEMBRE 2025\" width=\"800\" height=\"450\" src=\"https:\/\/www.youtube.com\/embed\/nVl5x_0Fm4E?feature=oembed\" frameborder=\"0\" allow=\"accelerometer; autoplay; clipboard-write; encrypted-media; gyroscope; picture-in-picture; web-share\" referrerpolicy=\"strict-origin-when-cross-origin\" allowfullscreen><\/iframe><\/p>\n<p>Se dio iniciada la sesi\u00f3n, la Ministra de Educaci\u00f3n, Lic. Silvia Fuentes dio la bienvenida a las partes y acto seguido cedi\u00f3 la palabra al Ministro de Econom\u00eda, Finanzas y Hacienda CPN Roberto Guti\u00e9rrez, quien expuso con datos precisos y certeros, la pol\u00edtica salarial de gobierno llevada a cabo desde comienzos de la gesti\u00f3n actual de Gobierno de San Juan, manifestando de forma clara y contundente, la mejora salarial promedio por encima de la inflaci\u00f3n que han tenido los docentes.<\/p>\n<p>Luego, las partes comenzaron a deliberar diversos temas vinculados al sector docente. El Gobierno informa n\u00fameros de expedientes de la Titularizaci\u00f3n del a\u00f1o 2020 al 30 de Septiembre de 2025: cantidades sin reserva, expedientes generados 3388, expedientes con resoluci\u00f3n 3149; expedientes en Junta Media y Superior 48; expedientes en Junta Rama T\u00e9cnica 13; en Sala de Copias 115; en otras oficinas del Ministerio de Educaci\u00f3n 115. Expedientes iniciados con reservas 457, con resoluci\u00f3n 52, en Juntas 382 y en el resto de oficinas 23. Las partes quedan de acuerdo en reunirse el Mi\u00e9rcoles 12 de Noviembre, a las 14 hs, para tratar Titularizaci\u00f3n docente en paritaria pedag\u00f3gica.<\/p>\n<p><strong><span style=\"color: #ff6600;\">La parte sindical manifest\u00f3 que deja constancia de los siguientes puntos de tratamiento urgente:<\/span><\/strong><\/p>\n<ul>\n<li>IPC a partir de noviembre m\u00e1s 4 puntos a todos los cargos del nomenclador docente para completar los 500 al cargo testigo.<\/li>\n<li>Elevar los puntos del E60 y ampliar los tramos del E66.<\/li>\n<li>Radios: Incrementar los radios 4, 5, 6 y 7.<\/li>\n<li>Concurso de ascenso. Compromiso al tratamiento del mismo.<\/li>\n<li>Gabinetes T\u00e9cnicos e Interdisciplinarios. Aplicaci\u00f3n de la normativa vigente.<\/li>\n<li>Reiteraron lo solicitado en actas anteriores respecto al mal funcionamiento de la Obra Social Provincia.<\/li>\n<li>Asignaciones familiares. Adecuaci\u00f3n de montos y tramos.<\/li>\n<\/ul>\n<p>La parte sindical manifest\u00f3 que los puntos requeridos expresan la situaci\u00f3n actual que vive el sector docente, en cuanto a la devaluaci\u00f3n del poder adquisitivo. Y representan un m\u00ednimo de necesidades a tratar en esta paritaria.<\/p>\n<p>El Gobierno expres\u00f3 que, en relaci\u00f3n con el tratamiento del Nomenclador Docente &#8211; Decreto 1890 y sus modificaciones -, se contin\u00faa trabajando activamente en el tema mediante reuniones peri\u00f3dicas entre la parte empleadora, el sector sindical y los equipos t\u00e9cnicos. Gracias a este trabajo conjunto, se han logrado importantes avances y se prev\u00e9 concluir el an\u00e1lisis del mismo.<\/p>\n<p>En cuanto a los puntos vinculados a los \u00edtems salariales, se inform\u00f3 que ser\u00e1n evaluados con el objetivo de proponer mejoras acordes a las posibilidades financieras de la Provincia, conforme a lo dispuesto por la Ley de Presupuesto Provincial, en los pr\u00f3ximos meses.<\/p>\n<p>Por \u00faltimo, en lo referente a las prestaciones de la Obra Social, se remitir\u00e1n los reclamos correspondientes y se continuar\u00e1 gestionando las acciones necesarias para su resoluci\u00f3n.<\/p>\n<p>Mostrando con esto la parte gubernamental, que cumple con las peticiones planteadas de acuerdo a las posibilidades presupuestarias.<\/p>\n<p><strong><span style=\"color: #ff6600;\">Acto seguido comenz\u00f3 un arduo debate que deviene en la siguiente propuesta por parte del Gobierno de San Juan consistente en:<\/span><\/strong><\/p>\n<ul>\n<li>Incrementar el valor \u00edndice, en el mes de Noviembre 2025, en un 1,5%.<\/li>\n<li>Incrementar el valor \u00edndice, en el mes de Diciembre 2025, en un 1,5%.<\/li>\n<\/ul>\n<p>La parte sindical manifest\u00f3 que rechaza la proposici\u00f3n del Gobierno, esperando una nueva propuesta superadora que recepte los puntos preestablecidos. Y que espera por parte del Gobierno, para la pr\u00f3xima sesi\u00f3n, una fecha de finalizaci\u00f3n del tratamiento del Decreto 1890, sobre todos los cargos del nomenclador.<\/p>\n<p>Siendo las 21 hs, las partes deciden pasar a un cuarto intermedio para el Martes, 11 de Noviembre 2025 a las 14:00 hs..<\/p>\n<p><img loading=\"lazy\" decoding=\"async\" class=\"alignnone size-full wp-image-65642\" src=\"https:\/\/vocesparalelas.com.ar\/sitio\/wp-content\/uploads\/2023\/11\/GOBIERNO-SAN-JUAN.jpg\" alt=\"\" width=\"800\" height=\"600\" srcset=\"https:\/\/vocesparalelas.com.ar\/sitio\/wp-content\/uploads\/2023\/11\/GOBIERNO-SAN-JUAN.jpg 800w, https:\/\/vocesparalelas.com.ar\/sitio\/wp-content\/uploads\/2023\/11\/GOBIERNO-SAN-JUAN-300x225.jpg 300w, https:\/\/vocesparalelas.com.ar\/sitio\/wp-content\/uploads\/2023\/11\/GOBIERNO-SAN-JUAN-768x576.jpg 768w\" sizes=\"auto, (max-width: 800px) 100vw, 800px\" \/><\/p>\n<p>&nbsp;<\/p>\n","protected":false},"excerpt":{"rendered":"<p>El Viernes, 7 de Noviembre de 2025, se reuni\u00f3 representantes del Gobierno de San Juan, la Ministro de Educaci\u00f3n Lic.<\/p>\n","protected":false},"author":3,"featured_media":93635,"comment_status":"closed","ping_status":"closed","sticky":false,"template":"","format":"standard","meta":{"_acf_changed":false,"_seopress_robots_primary_cat":"none","_seopress_titles_title":"","_seopress_titles_desc":"","_seopress_robots_index":"","colormag_page_container_layout":"default_layout","colormag_page_sidebar_layout":"default_layout","footnotes":""},"categories":[5,7],"tags":[],"class_list":["post-93632","post","type-post","status-publish","format-standard","has-post-thumbnail","hentry","category-ofrecimientos","category-videos"],"acf":[],"_links":{"self":[{"href":"https:\/\/vocesparalelas.com.ar\/sitio\/wp-json\/wp\/v2\/posts\/93632","targetHints":{"allow":["GET"]}}],"collection":[{"href":"https:\/\/vocesparalelas.com.ar\/sitio\/wp-json\/wp\/v2\/posts"}],"about":[{"href":"https:\/\/vocesparalelas.com.ar\/sitio\/wp-json\/wp\/v2\/types\/post"}],"author":[{"embeddable":true,"href":"https:\/\/vocesparalelas.com.ar\/sitio\/wp-json\/wp\/v2\/users\/3"}],"replies":[{"embeddable":true,"href":"https:\/\/vocesparalelas.com.ar\/sitio\/wp-json\/wp\/v2\/comments?post=93632"}],"version-history":[{"count":3,"href":"https:\/\/vocesparalelas.com.ar\/sitio\/wp-json\/wp\/v2\/posts\/93632\/revisions"}],"predecessor-version":[{"id":93638,"href":"https:\/\/vocesparalelas.com.ar\/sitio\/wp-json\/wp\/v2\/posts\/93632\/revisions\/93638"}],"wp:featuredmedia":[{"embeddable":true,"href":"https:\/\/vocesparalelas.com.ar\/sitio\/wp-json\/wp\/v2\/media\/93635"}],"wp:attachment":[{"href":"https:\/\/vocesparalelas.com.ar\/sitio\/wp-json\/wp\/v2\/media?parent=93632"}],"wp:term":[{"taxonomy":"category","embeddable":true,"href":"https:\/\/vocesparalelas.com.ar\/sitio\/wp-json\/wp\/v2\/categories?post=93632"},{"taxonomy":"post_tag","embeddable":true,"href":"https:\/\/vocesparalelas.com.ar\/sitio\/wp-json\/wp\/v2\/tags?post=93632"}],"curies":[{"name":"wp","href":"https:\/\/api.w.org\/{rel}","templated":true}]}}