{"id":93594,"date":"2025-11-07T12:50:45","date_gmt":"2025-11-07T15:50:45","guid":{"rendered":"https:\/\/vocesparalelas.com.ar\/sitio\/?p=93594"},"modified":"2025-11-08T22:12:42","modified_gmt":"2025-11-09T01:12:42","slug":"colectivos-de-la-redtulum-gratis-para-disfrutar-la-fns-2025-san-juan-mi-tierra-querida","status":"publish","type":"post","link":"https:\/\/vocesparalelas.com.ar\/sitio\/colectivos-de-la-redtulum-gratis-para-disfrutar-la-fns-2025-san-juan-mi-tierra-querida\/","title":{"rendered":"Colectivos de la RedTulum gratis para disfrutar la FNS 2025 \u00abSan Juan, mi tierra querida\u00bb\u00a0"},"content":{"rendered":"<p>El Ministerio de Gobierno inform\u00f3 que la Fiesta Nacional del Sol 2025 \u00abSan Juan, mi tierra querida\u00bb el 20; 21 y 22 de Noviembre, cuenta con boleto gratuito para trasladarse en las unidades destinadas de la RedTulum hacia el Estadio del Bicentenario y su retorno.<\/p>\n<p><img loading=\"lazy\" decoding=\"async\" class=\"alignnone size-full wp-image-90510\" src=\"https:\/\/vocesparalelas.com.ar\/sitio\/wp-content\/uploads\/2025\/08\/FNS-2025-01.jpg\" alt=\"\" width=\"800\" height=\"450\" srcset=\"https:\/\/vocesparalelas.com.ar\/sitio\/wp-content\/uploads\/2025\/08\/FNS-2025-01.jpg 800w, https:\/\/vocesparalelas.com.ar\/sitio\/wp-content\/uploads\/2025\/08\/FNS-2025-01-300x169.jpg 300w, https:\/\/vocesparalelas.com.ar\/sitio\/wp-content\/uploads\/2025\/08\/FNS-2025-01-768x432.jpg 768w\" sizes=\"auto, (max-width: 800px) 100vw, 800px\" \/><\/p>\n<p>En esta oportunidad, distribuy\u00f3 23 puntos de partida estrat\u00e9gicamente distribuidos en los distintos departamentos de San Juan, con el objetivo de facilitar el traslado de los asistentes y promover una participaci\u00f3n masiva y segura.<\/p>\n<p><strong><span style=\"color: #ff6600;\">Los lugares designados se agrupan por colores, para facilitar su identificaci\u00f3n<\/span><\/strong><\/p>\n<p><iframe loading=\"lazy\" title=\"FNS 2025 REDTULUM SAN JUAN\" width=\"800\" height=\"450\" src=\"https:\/\/www.youtube.com\/embed\/tSbOIdrCVPo?feature=oembed\" frameborder=\"0\" allow=\"accelerometer; autoplay; clipboard-write; encrypted-media; gyroscope; picture-in-picture; web-share\" referrerpolicy=\"strict-origin-when-cross-origin\" allowfullscreen><\/iframe><\/p>\n<ul>\n<li><strong><span style=\"color: #ff6600;\">Grupo Magenta: Departamentos Capital y Rivadavia: <\/span><\/strong>Puntos de partida: Estaci\u00f3n C\u00f3rdoba, Parque de Rivadavia, Cipolletti y Benav\u00eddez, La Bebida (calles Comercio y Yornet) y Marquesado (Parador del Ciclista).<\/li>\n<li><span style=\"color: #ff6600;\"><strong>Grupo Verde: Departamentos Chimbas y Albard\u00f3n:\u00a0<\/strong><\/span>Puntos de partida: Plaza de Chimbas, Parque de Chimbas y Plaza de Albard\u00f3n.<\/li>\n<li><span style=\"color: #ff6600;\"><strong>Grupo Cian: Departamentos Santa Luc\u00eda, Caucete y 9 de Julio; <\/strong><\/span>Puntos de partida: Plaza de Santa Luc\u00eda, Plaza de Alto de Sierra, Col\u00f3n y San Lorenzo, Terminal de Caucete, Plaza de Caucete, Plaza de 9 de Julio y Las Chacritas.<\/li>\n<li><span style=\"color: #ff6600;\"><strong>Grupo Amarillo: Departamentos Rawson, Pocito y Sarmiento:\u00a0<\/strong><\/span>Puntos de partida: Plaza de Villa Krause, San Miguel y Rep\u00fablica del L\u00edbano, Plaza de Pocito, Carpinter\u00eda, La Rinconada, Plaza de Media Agua y Los Berros.<\/li>\n<\/ul>\n<p><img loading=\"lazy\" decoding=\"async\" class=\"alignnone size-full wp-image-74417\" src=\"https:\/\/vocesparalelas.com.ar\/sitio\/wp-content\/uploads\/2024\/07\/REDTULUM-LOGO.jpg\" alt=\"\" width=\"800\" height=\"600\" srcset=\"https:\/\/vocesparalelas.com.ar\/sitio\/wp-content\/uploads\/2024\/07\/REDTULUM-LOGO.jpg 800w, https:\/\/vocesparalelas.com.ar\/sitio\/wp-content\/uploads\/2024\/07\/REDTULUM-LOGO-300x225.jpg 300w, https:\/\/vocesparalelas.com.ar\/sitio\/wp-content\/uploads\/2024\/07\/REDTULUM-LOGO-768x576.jpg 768w\" sizes=\"auto, (max-width: 800px) 100vw, 800px\" \/><\/p>\n<p>El operativo cuenta con 100 unidades que brindar\u00e1n servicio de ida de 18:00 a 22:00 horas hacia el Estadio del Bicentenario, y regreso desde las 19:00 hasta la finalizaci\u00f3n del \u00faltimo espect\u00e1culo art\u00edstico.<\/p>\n<p>El sistema de transporte gratuito busca garantizar una movilidad c\u00f3moda, segura y accesible para los asistentes, asegurando que cada uno pueda disfrutar plenamente de la principal celebraci\u00f3n cultural de la provincia de San Juan.<\/p>\n<p><iframe loading=\"lazy\" title=\"SAN JUAN FNS 2025\" width=\"800\" height=\"450\" src=\"https:\/\/www.youtube.com\/embed\/hG6JPSqgl-k?feature=oembed\" frameborder=\"0\" allow=\"accelerometer; autoplay; clipboard-write; encrypted-media; gyroscope; picture-in-picture; web-share\" referrerpolicy=\"strict-origin-when-cross-origin\" allowfullscreen><\/iframe><\/p>\n<p>&nbsp;<\/p>\n","protected":false},"excerpt":{"rendered":"<p>El Ministerio de Gobierno inform\u00f3 que la Fiesta Nacional del Sol 2025 \u00abSan Juan, mi tierra querida\u00bb el 20; 21<\/p>\n","protected":false},"author":3,"featured_media":83510,"comment_status":"closed","ping_status":"closed","sticky":false,"template":"","format":"standard","meta":{"_acf_changed":false,"_seopress_robots_primary_cat":"none","_seopress_titles_title":"","_seopress_titles_desc":"","_seopress_robots_index":"","colormag_page_container_layout":"default_layout","colormag_page_sidebar_layout":"default_layout","footnotes":""},"categories":[5,7],"tags":[],"class_list":["post-93594","post","type-post","status-publish","format-standard","has-post-thumbnail","hentry","category-ofrecimientos","category-videos"],"acf":[],"_links":{"self":[{"href":"https:\/\/vocesparalelas.com.ar\/sitio\/wp-json\/wp\/v2\/posts\/93594","targetHints":{"allow":["GET"]}}],"collection":[{"href":"https:\/\/vocesparalelas.com.ar\/sitio\/wp-json\/wp\/v2\/posts"}],"about":[{"href":"https:\/\/vocesparalelas.com.ar\/sitio\/wp-json\/wp\/v2\/types\/post"}],"author":[{"embeddable":true,"href":"https:\/\/vocesparalelas.com.ar\/sitio\/wp-json\/wp\/v2\/users\/3"}],"replies":[{"embeddable":true,"href":"https:\/\/vocesparalelas.com.ar\/sitio\/wp-json\/wp\/v2\/comments?post=93594"}],"version-history":[{"count":2,"href":"https:\/\/vocesparalelas.com.ar\/sitio\/wp-json\/wp\/v2\/posts\/93594\/revisions"}],"predecessor-version":[{"id":93614,"href":"https:\/\/vocesparalelas.com.ar\/sitio\/wp-json\/wp\/v2\/posts\/93594\/revisions\/93614"}],"wp:featuredmedia":[{"embeddable":true,"href":"https:\/\/vocesparalelas.com.ar\/sitio\/wp-json\/wp\/v2\/media\/83510"}],"wp:attachment":[{"href":"https:\/\/vocesparalelas.com.ar\/sitio\/wp-json\/wp\/v2\/media?parent=93594"}],"wp:term":[{"taxonomy":"category","embeddable":true,"href":"https:\/\/vocesparalelas.com.ar\/sitio\/wp-json\/wp\/v2\/categories?post=93594"},{"taxonomy":"post_tag","embeddable":true,"href":"https:\/\/vocesparalelas.com.ar\/sitio\/wp-json\/wp\/v2\/tags?post=93594"}],"curies":[{"name":"wp","href":"https:\/\/api.w.org\/{rel}","templated":true}]}}