{"id":93586,"date":"2025-11-06T23:46:03","date_gmt":"2025-11-07T02:46:03","guid":{"rendered":"https:\/\/vocesparalelas.com.ar\/sitio\/?p=93586"},"modified":"2025-11-07T00:47:10","modified_gmt":"2025-11-07T03:47:10","slug":"se-impulsa-la-renovacion-integral-de-la-escuela-17-de-agosto-departamento-iglesia-con-una-inversion-superior-a-765-millones-del-gobierno-de-san-juan","status":"publish","type":"post","link":"https:\/\/vocesparalelas.com.ar\/sitio\/se-impulsa-la-renovacion-integral-de-la-escuela-17-de-agosto-departamento-iglesia-con-una-inversion-superior-a-765-millones-del-gobierno-de-san-juan\/","title":{"rendered":"Se impulsa la renovaci\u00f3n integral de la Escuela 17 de Agosto, Departamento Iglesia con una inversi\u00f3n superior a $765 millones del Gobierno de San Juan"},"content":{"rendered":"<div>El Ministerio de Miner\u00eda del Gobierno de San Juan financiar\u00e1 una importante obra de mejora integral en la Escuela 17 de Agosto, Departamento Iglesia, con una inversi\u00f3n superior a los 765 millones de pesos con un plazo de 180 d\u00edas corridos.<\/div>\n<div><\/div>\n<div>La iniciativa se concretar\u00e1 a trav\u00e9s del Fideicomiso Veladero y estar\u00e1 a cargo del Ministerio de Infraestructura, de Infraestructura, Agua y Energ\u00eda del Gobierno de San Juan.<\/div>\n<div><\/div>\n<div>El proyecto contempla la ampliaci\u00f3n, refacci\u00f3n y refuncionalizaci\u00f3n del edificio escolar, con el prop\u00f3sito de mejorar la funcionalidad, accesibilidad y adaptabilidad del espacio educativo. Se busca as\u00ed promover un entorno m\u00e1s adecuado para la ense\u00f1anza, el aprendizaje y la convivencia escolar.<\/div>\n<div><\/div>\n<div>Los fideicomisos mineros son instrumentos que administran fondos aportados por las empresas mineras en producci\u00f3n, quienes destinan un porcentaje de sus exportaciones a este fin. Estos recursos tienen un destino exclusivo: financiar obras de infraestructura en los departamentos con influencia directa de la miner\u00eda, como Iglesia, J\u00e1chal y Calingasta, promoviendo el desarrollo local y la mejora de la calidad de vida de sus comunidades.<\/div>\n<div><\/div>\n<div><span style=\"color: #ff6600;\"><strong> intervenciones previstas en la Escuela 17 de Agosto<\/strong><\/span><\/div>\n<ul>\n<li>Cierre de galer\u00edas semicubiertas: se cerrar\u00e1n mediante carpinter\u00edas y mamposter\u00eda para optimizar la protecci\u00f3n frente a las inclemencias clim\u00e1ticas y ordenar las circulaciones internas.<\/li>\n<li>Techado del patio c\u00edvico: se construir\u00e1 una cubierta con chapas perforadas de colores, sostenida por una estructura mixta de hormig\u00f3n armado y met\u00e1lica, lo que permitir\u00e1 utilizar el espacio como \u00e1rea de actividades f\u00edsicas y recreativas.<\/li>\n<li>Reubicaci\u00f3n de aulas y nueva infraestructura: se proyecta una nueva ala con tres aulas, a ejecutar en dos etapas. En esta primera, se construir\u00e1 la Sala de Usos M\u00faltiples (SUM), que funcionar\u00e1 provisoriamente como Sala de Rob\u00f3tica. La segunda etapa \u2014no incluida en esta licitaci\u00f3n\u2014 contempla la construcci\u00f3n de una nueva Sala de Rob\u00f3tica y un aula de nivel primario.<\/li>\n<li>Refuncionalizaci\u00f3n de espacios existentes: la actual Sala de Inform\u00e1tica, hoy ubicada en el sector de gobierno, ser\u00e1 trasladada a un nuevo espacio dentro de la galer\u00eda del SUM, con su correspondiente equipamiento.<\/li>\n<\/ul>\n<div>\u00a0<img loading=\"lazy\" decoding=\"async\" class=\"alignnone size-large wp-image-93590\" src=\"https:\/\/vocesparalelas.com.ar\/sitio\/wp-content\/uploads\/2025\/11\/SAN-JUAN-ESCUELA-02.jpg\" alt=\"\" width=\"800\" height=\"450\" srcset=\"https:\/\/vocesparalelas.com.ar\/sitio\/wp-content\/uploads\/2025\/11\/SAN-JUAN-ESCUELA-02.jpg 800w, https:\/\/vocesparalelas.com.ar\/sitio\/wp-content\/uploads\/2025\/11\/SAN-JUAN-ESCUELA-02-300x169.jpg 300w, https:\/\/vocesparalelas.com.ar\/sitio\/wp-content\/uploads\/2025\/11\/SAN-JUAN-ESCUELA-02-768x432.jpg 768w\" sizes=\"auto, (max-width: 800px) 100vw, 800px\" \/><\/div>\n<div><\/div>\n<div>El dise\u00f1o arquitect\u00f3nico de las nuevas construcciones mantendr\u00e1 la coherencia con el edificio existente, integr\u00e1ndose mediante galer\u00edas cubiertas que garanticen continuidad funcional y est\u00e9tica.<\/div>\n<div><\/div>\n<div>Esta obra reafirma el compromiso del Gobierno de San Juan con la mejora de la infraestructura educativa en zonas mineras, articulando inversi\u00f3n productiva con desarrollo social y territorial, y fortaleciendo el v\u00ednculo entre la miner\u00eda responsable y la educaci\u00f3n p\u00fablica de calidad.<\/div>\n<div><\/div>\n<div><img loading=\"lazy\" decoding=\"async\" class=\"alignnone size-full wp-image-65642\" src=\"https:\/\/vocesparalelas.com.ar\/sitio\/wp-content\/uploads\/2023\/11\/GOBIERNO-SAN-JUAN.jpg\" alt=\"\" width=\"800\" height=\"600\" srcset=\"https:\/\/vocesparalelas.com.ar\/sitio\/wp-content\/uploads\/2023\/11\/GOBIERNO-SAN-JUAN.jpg 800w, https:\/\/vocesparalelas.com.ar\/sitio\/wp-content\/uploads\/2023\/11\/GOBIERNO-SAN-JUAN-300x225.jpg 300w, https:\/\/vocesparalelas.com.ar\/sitio\/wp-content\/uploads\/2023\/11\/GOBIERNO-SAN-JUAN-768x576.jpg 768w\" sizes=\"auto, (max-width: 800px) 100vw, 800px\" \/><\/div>\n","protected":false},"excerpt":{"rendered":"<p>El Ministerio de Miner\u00eda del Gobierno de San Juan financiar\u00e1 una importante obra de mejora integral en la Escuela 17<\/p>\n","protected":false},"author":3,"featured_media":93589,"comment_status":"closed","ping_status":"closed","sticky":false,"template":"","format":"standard","meta":{"_acf_changed":false,"_seopress_robots_primary_cat":"none","_seopress_titles_title":"","_seopress_titles_desc":"","_seopress_robots_index":"","colormag_page_container_layout":"default_layout","colormag_page_sidebar_layout":"default_layout","footnotes":""},"categories":[1],"tags":[],"class_list":["post-93586","post","type-post","status-publish","format-standard","has-post-thumbnail","hentry","category-destacadas"],"acf":[],"_links":{"self":[{"href":"https:\/\/vocesparalelas.com.ar\/sitio\/wp-json\/wp\/v2\/posts\/93586","targetHints":{"allow":["GET"]}}],"collection":[{"href":"https:\/\/vocesparalelas.com.ar\/sitio\/wp-json\/wp\/v2\/posts"}],"about":[{"href":"https:\/\/vocesparalelas.com.ar\/sitio\/wp-json\/wp\/v2\/types\/post"}],"author":[{"embeddable":true,"href":"https:\/\/vocesparalelas.com.ar\/sitio\/wp-json\/wp\/v2\/users\/3"}],"replies":[{"embeddable":true,"href":"https:\/\/vocesparalelas.com.ar\/sitio\/wp-json\/wp\/v2\/comments?post=93586"}],"version-history":[{"count":1,"href":"https:\/\/vocesparalelas.com.ar\/sitio\/wp-json\/wp\/v2\/posts\/93586\/revisions"}],"predecessor-version":[{"id":93591,"href":"https:\/\/vocesparalelas.com.ar\/sitio\/wp-json\/wp\/v2\/posts\/93586\/revisions\/93591"}],"wp:featuredmedia":[{"embeddable":true,"href":"https:\/\/vocesparalelas.com.ar\/sitio\/wp-json\/wp\/v2\/media\/93589"}],"wp:attachment":[{"href":"https:\/\/vocesparalelas.com.ar\/sitio\/wp-json\/wp\/v2\/media?parent=93586"}],"wp:term":[{"taxonomy":"category","embeddable":true,"href":"https:\/\/vocesparalelas.com.ar\/sitio\/wp-json\/wp\/v2\/categories?post=93586"},{"taxonomy":"post_tag","embeddable":true,"href":"https:\/\/vocesparalelas.com.ar\/sitio\/wp-json\/wp\/v2\/tags?post=93586"}],"curies":[{"name":"wp","href":"https:\/\/api.w.org\/{rel}","templated":true}]}}