{"id":93576,"date":"2025-11-06T20:47:17","date_gmt":"2025-11-06T23:47:17","guid":{"rendered":"https:\/\/vocesparalelas.com.ar\/sitio\/?p=93576"},"modified":"2025-11-07T21:07:03","modified_gmt":"2025-11-08T00:07:03","slug":"k-pop-en-el-conte-grand-de-san-juan","status":"publish","type":"post","link":"https:\/\/vocesparalelas.com.ar\/sitio\/k-pop-en-el-conte-grand-de-san-juan\/","title":{"rendered":"K-pop en el Conte Grand de San Juan"},"content":{"rendered":"<p>El Centro Cultural Conte Grand del Ministerio de Turismo, Cultura y Deporte del\u00a0Gobierno de San Juan invita a disfrutar el Encuentro Multiverso K-pop que promete m\u00fasica, baile, color y mucha energ\u00eda, el S\u00e1bado, 8 de Noviembre, de 15:00 a 20:30 hs, con entrada libre y gratuita, para celebrar la cultura pop coreana en todas sus expresiones.<\/p>\n<p>A lo largo de la tarde, el p\u00fablico puede disfrutar de una feria con m\u00e1s de 40 emprendedores locales vinculados al universo K-pop y kawaii, adem\u00e1s de participar en concursos de baile en categor\u00edas solista y grupal, juegos, trivia y un random dance abierto para todos los que se animen a mover al ritmo de sus bandas favoritas.<\/p>\n<p>Entre las actividades destacadas, se realiza un workshop con Dysty, integrante de Shadows, quien comparte su experiencia en la escena del K-pop local. Pero sin dudas, el gran atractivo del d\u00eda es la presentaci\u00f3n de cosplayers que interpretan a Rumi y los Saja Boys, los personajes principales de la exitosa pel\u00edcula Las Guerreras K-pop, que viene causando sensaci\u00f3n entre los fans.<\/p>\n<p>La programaci\u00f3n incluye propuestas para todo el p\u00fablico desde las 15 horas, con juegos, batallas de baile, concursos y shows. El cierre est\u00e1 a cargo de la entrega de premios a los ganadores, en un clima de alegr\u00eda y comunidad que caracteriza al fandom K-pop.<\/p>\n<p><span style=\"color: #ff6600;\"><strong>Cronograma<\/strong><\/span><\/p>\n<ul>\n<li>15.00 hs \u2013 Apertura<\/li>\n<li>15.30\u00a0hs\u00a0\u2013 Trivia K-pop<\/li>\n<li>15.50\u00a0hs\u00a0 \u2013 Juego Moon Run SeokJin<\/li>\n<li>16.00\u00a0hs\u00a0\u2013 Batalla de baile Stray Kids<\/li>\n<li>16.30\u00a0hs\u00a0\u2013 Random dance<\/li>\n<li>17.00\u00a0hs\u00a0\u2013 Concurso K-pop solista<\/li>\n<li>18.00\u00a0hs\u00a0\u2013 Workshop con Dysty<\/li>\n<li>19.00\u00a0hs \u2013 Show Rumi<\/li>\n<li>19.10 hs\u00a0\u2013 Show Saja Boys<\/li>\n<li>19.15\u00a0hs\u00a0\u2013 Concurso K-pop grupal<\/li>\n<li>20.10\u00a0hs\u00a0\u2013 Entrega de premios<\/li>\n<\/ul>\n<p>De esta forma, el Centro Cultural Conte Grand contin\u00faa apostando por propuestas culturales diversas, que impulsan el talento joven y fomenta la creatividad en la provincia.<\/p>\n<p><img loading=\"lazy\" decoding=\"async\" class=\"alignnone size-large wp-image-14197\" src=\"https:\/\/vocesparalelas.com.ar\/sitio\/wp-content\/uploads\/2018\/08\/CENTRO-CULTURAL-AMADEO-CONTE-GRAND-800x497.jpg\" alt=\"\" width=\"800\" height=\"497\" srcset=\"https:\/\/vocesparalelas.com.ar\/sitio\/wp-content\/uploads\/2018\/08\/CENTRO-CULTURAL-AMADEO-CONTE-GRAND-800x497.jpg 800w, https:\/\/vocesparalelas.com.ar\/sitio\/wp-content\/uploads\/2018\/08\/CENTRO-CULTURAL-AMADEO-CONTE-GRAND-300x186.jpg 300w, https:\/\/vocesparalelas.com.ar\/sitio\/wp-content\/uploads\/2018\/08\/CENTRO-CULTURAL-AMADEO-CONTE-GRAND-768x477.jpg 768w, https:\/\/vocesparalelas.com.ar\/sitio\/wp-content\/uploads\/2018\/08\/CENTRO-CULTURAL-AMADEO-CONTE-GRAND.jpg 1000w\" sizes=\"auto, (max-width: 800px) 100vw, 800px\" \/><\/p>\n","protected":false},"excerpt":{"rendered":"<p>El Centro Cultural Conte Grand del Ministerio de Turismo, Cultura y Deporte del\u00a0Gobierno de San Juan invita a disfrutar el<\/p>\n","protected":false},"author":3,"featured_media":93579,"comment_status":"closed","ping_status":"closed","sticky":false,"template":"","format":"standard","meta":{"_acf_changed":false,"_seopress_robots_primary_cat":"none","_seopress_titles_title":"","_seopress_titles_desc":"","_seopress_robots_index":"","colormag_page_container_layout":"default_layout","colormag_page_sidebar_layout":"default_layout","footnotes":""},"categories":[20],"tags":[],"class_list":["post-93576","post","type-post","status-publish","format-standard","has-post-thumbnail","hentry","category-cartelera"],"acf":[],"_links":{"self":[{"href":"https:\/\/vocesparalelas.com.ar\/sitio\/wp-json\/wp\/v2\/posts\/93576","targetHints":{"allow":["GET"]}}],"collection":[{"href":"https:\/\/vocesparalelas.com.ar\/sitio\/wp-json\/wp\/v2\/posts"}],"about":[{"href":"https:\/\/vocesparalelas.com.ar\/sitio\/wp-json\/wp\/v2\/types\/post"}],"author":[{"embeddable":true,"href":"https:\/\/vocesparalelas.com.ar\/sitio\/wp-json\/wp\/v2\/users\/3"}],"replies":[{"embeddable":true,"href":"https:\/\/vocesparalelas.com.ar\/sitio\/wp-json\/wp\/v2\/comments?post=93576"}],"version-history":[{"count":1,"href":"https:\/\/vocesparalelas.com.ar\/sitio\/wp-json\/wp\/v2\/posts\/93576\/revisions"}],"predecessor-version":[{"id":93580,"href":"https:\/\/vocesparalelas.com.ar\/sitio\/wp-json\/wp\/v2\/posts\/93576\/revisions\/93580"}],"wp:featuredmedia":[{"embeddable":true,"href":"https:\/\/vocesparalelas.com.ar\/sitio\/wp-json\/wp\/v2\/media\/93579"}],"wp:attachment":[{"href":"https:\/\/vocesparalelas.com.ar\/sitio\/wp-json\/wp\/v2\/media?parent=93576"}],"wp:term":[{"taxonomy":"category","embeddable":true,"href":"https:\/\/vocesparalelas.com.ar\/sitio\/wp-json\/wp\/v2\/categories?post=93576"},{"taxonomy":"post_tag","embeddable":true,"href":"https:\/\/vocesparalelas.com.ar\/sitio\/wp-json\/wp\/v2\/tags?post=93576"}],"curies":[{"name":"wp","href":"https:\/\/api.w.org\/{rel}","templated":true}]}}