{"id":93572,"date":"2025-11-06T23:28:57","date_gmt":"2025-11-07T02:28:57","guid":{"rendered":"https:\/\/vocesparalelas.com.ar\/sitio\/?p=93572"},"modified":"2025-11-06T23:28:57","modified_gmt":"2025-11-07T02:28:57","slug":"frente-a-la-alerta-meteorologica-cuida-el-agua-potable-en-san-juan","status":"publish","type":"post","link":"https:\/\/vocesparalelas.com.ar\/sitio\/frente-a-la-alerta-meteorologica-cuida-el-agua-potable-en-san-juan\/","title":{"rendered":"Frente a la alerta meteorol\u00f3gica cuida el Agua Potable en San Juan"},"content":{"rendered":"<p>Obras Sanitarias Sociedad del Estado de San Juan informa a los usuarios del servicio de Agua Potable<\/p>\n<p>.Debido al alerta por vientos fuertes en la provincia de San Juan se refuerzan las guardias de mantenimiento, servicios y centro de atenci\u00f3n al usuario para asegurar la continuidad del servicio de Agua Potable en caso de que se presente alg\u00fan inconveniente<\/p>\n<p>Las fuertes r\u00e1fagas de viento pueden ocasionar la interrupci\u00f3n del suministro el\u00e9ctrico u obstrucciones en las tomas de agua cruda afectando el normal funcionamiento sistemas de agua potable.<\/p>\n<p>Sugerimos extremar el cuidado de la reserva del tanque domiciliario, priorizando el consumo de agua potable para actividades b\u00e1sicas de bebida, higiene y alimentaci\u00f3n<\/p>\n<p><strong><span style=\"color: #0000ff;\">N\u00famero de Informe<\/span><\/strong><\/p>\n<ul>\n<li>300\/2025<\/li>\n<li>264 506 4444<\/li>\n<li>0800-222-6773<\/li>\n<\/ul>\n<p><img loading=\"lazy\" decoding=\"async\" class=\"alignnone size-full wp-image-62349\" src=\"https:\/\/vocesparalelas.com.ar\/sitio\/wp-content\/uploads\/2023\/08\/OSSE-EDIFICIO.jpg\" alt=\"\" width=\"800\" height=\"600\" srcset=\"https:\/\/vocesparalelas.com.ar\/sitio\/wp-content\/uploads\/2023\/08\/OSSE-EDIFICIO.jpg 800w, https:\/\/vocesparalelas.com.ar\/sitio\/wp-content\/uploads\/2023\/08\/OSSE-EDIFICIO-300x225.jpg 300w, https:\/\/vocesparalelas.com.ar\/sitio\/wp-content\/uploads\/2023\/08\/OSSE-EDIFICIO-768x576.jpg 768w\" sizes=\"auto, (max-width: 800px) 100vw, 800px\" \/><\/p>\n","protected":false},"excerpt":{"rendered":"<p>Obras Sanitarias Sociedad del Estado de San Juan informa a los usuarios del servicio de Agua Potable .Debido al alerta<\/p>\n","protected":false},"author":3,"featured_media":87993,"comment_status":"closed","ping_status":"closed","sticky":false,"template":"","format":"standard","meta":{"_acf_changed":false,"_seopress_robots_primary_cat":"none","_seopress_titles_title":"","_seopress_titles_desc":"","_seopress_robots_index":"","colormag_page_container_layout":"default_layout","colormag_page_sidebar_layout":"default_layout","footnotes":""},"categories":[1],"tags":[],"class_list":["post-93572","post","type-post","status-publish","format-standard","has-post-thumbnail","hentry","category-destacadas"],"acf":[],"_links":{"self":[{"href":"https:\/\/vocesparalelas.com.ar\/sitio\/wp-json\/wp\/v2\/posts\/93572","targetHints":{"allow":["GET"]}}],"collection":[{"href":"https:\/\/vocesparalelas.com.ar\/sitio\/wp-json\/wp\/v2\/posts"}],"about":[{"href":"https:\/\/vocesparalelas.com.ar\/sitio\/wp-json\/wp\/v2\/types\/post"}],"author":[{"embeddable":true,"href":"https:\/\/vocesparalelas.com.ar\/sitio\/wp-json\/wp\/v2\/users\/3"}],"replies":[{"embeddable":true,"href":"https:\/\/vocesparalelas.com.ar\/sitio\/wp-json\/wp\/v2\/comments?post=93572"}],"version-history":[{"count":1,"href":"https:\/\/vocesparalelas.com.ar\/sitio\/wp-json\/wp\/v2\/posts\/93572\/revisions"}],"predecessor-version":[{"id":93575,"href":"https:\/\/vocesparalelas.com.ar\/sitio\/wp-json\/wp\/v2\/posts\/93572\/revisions\/93575"}],"wp:featuredmedia":[{"embeddable":true,"href":"https:\/\/vocesparalelas.com.ar\/sitio\/wp-json\/wp\/v2\/media\/87993"}],"wp:attachment":[{"href":"https:\/\/vocesparalelas.com.ar\/sitio\/wp-json\/wp\/v2\/media?parent=93572"}],"wp:term":[{"taxonomy":"category","embeddable":true,"href":"https:\/\/vocesparalelas.com.ar\/sitio\/wp-json\/wp\/v2\/categories?post=93572"},{"taxonomy":"post_tag","embeddable":true,"href":"https:\/\/vocesparalelas.com.ar\/sitio\/wp-json\/wp\/v2\/tags?post=93572"}],"curies":[{"name":"wp","href":"https:\/\/api.w.org\/{rel}","templated":true}]}}