{"id":93560,"date":"2025-11-06T23:04:41","date_gmt":"2025-11-07T02:04:41","guid":{"rendered":"https:\/\/vocesparalelas.com.ar\/sitio\/?p=93560"},"modified":"2025-11-07T21:07:44","modified_gmt":"2025-11-08T00:07:44","slug":"se-desarrollan-las-xv-jornadas-hospitalarias-dr-jorge-oliva-del-hospital-dr-marcial-quiroga-de-san-juan","status":"publish","type":"post","link":"https:\/\/vocesparalelas.com.ar\/sitio\/se-desarrollan-las-xv-jornadas-hospitalarias-dr-jorge-oliva-del-hospital-dr-marcial-quiroga-de-san-juan\/","title":{"rendered":"Se desarrollan las \u00abXV Jornadas Hospitalarias Dr. Jorge Oliva\u00bb del Hospital Dr. Marcial Quiroga de San Juan"},"content":{"rendered":"<p>El Directorio y el Comit\u00e9 de Docencia e Investigaci\u00f3n del Hospital Dr. Marcial Quiroga del Ministerio de Salud del Gobierno de San Juan de car\u00e1cter presencial de las \u201cXV Jornadas Hospitalarias Dr. Jorge Oliva\u201d \u00abAtenci\u00f3n Sanitaria centrada en el paciente<strong>\u201d,<\/strong>\u00a0el evento cient\u00edfico m\u00e1s importante de 2025,\u00a0 el Jueves, 6, a las 10.30 hs, y el Viernes, 7 de Noviembre, a las 8.45 hs. en el sal\u00f3n de actos Dr. Alberto Baistrocchi.<\/p>\n<p><span style=\"color: #ff0000;\"><strong>Disertaciones<\/strong><\/span><\/p>\n<ul>\n<li>Doctora en Ciencias Humanas, Anal\u00eda Ochiuzzi<\/li>\n<li>Psic\u00f3loga cl\u00ednica y laboral, Romina L\u00f3pez Cuenca,\u00a0 Ezequiel Garc\u00eda Elorrio<\/li>\n<li>M\u00e9dico internista y fundador del Instituto de Efectividad Cl\u00ednica y Sanitaria en Argentina<\/li>\n<li>Doctor en Ciencias Biol\u00f3gicas y Licenciado en Bioqu\u00edmica, Agust\u00edn Bolontrade<\/li>\n<li>Licenciados en Kinesiolog\u00eda y Fisioterapia, Nuria Messina y Gustavo Oviedo<\/li>\n<\/ul>\n<p>Em este contexto, Voces Paralelas desarroll\u00f3 una entrevista Period\u00edstica al Coordinador del Comit\u00e9 de Docencia e Investigaci\u00f3n del Hospital Dr. Marcial Quiroga del Ministerio de Salud del Gobierno de San Juan, Dr. Andr\u00e9s Escudero, quien describi\u00f3 el sentido de las \u201cXV Jornadas Hospitalarias Dr. Jorge Oliva\u201d \u00abAtenci\u00f3n Sanitaria centrada en el paciente<strong>\u201d <\/strong>en el Hospital Dr. Marcial Quiroga.<\/p>\n<figure id=\"attachment_93565\" aria-describedby=\"caption-attachment-93565\" style=\"width: 800px\" class=\"wp-caption alignnone\"><img loading=\"lazy\" decoding=\"async\" class=\"size-full wp-image-93565\" src=\"https:\/\/vocesparalelas.com.ar\/sitio\/wp-content\/uploads\/2025\/11\/HMQ-PACIENTES-02-DR-ANDRES-ESCUDERO.jpg\" alt=\"\" width=\"800\" height=\"533\" srcset=\"https:\/\/vocesparalelas.com.ar\/sitio\/wp-content\/uploads\/2025\/11\/HMQ-PACIENTES-02-DR-ANDRES-ESCUDERO.jpg 800w, https:\/\/vocesparalelas.com.ar\/sitio\/wp-content\/uploads\/2025\/11\/HMQ-PACIENTES-02-DR-ANDRES-ESCUDERO-300x200.jpg 300w, https:\/\/vocesparalelas.com.ar\/sitio\/wp-content\/uploads\/2025\/11\/HMQ-PACIENTES-02-DR-ANDRES-ESCUDERO-768x512.jpg 768w\" sizes=\"auto, (max-width: 800px) 100vw, 800px\" \/><figcaption id=\"caption-attachment-93565\" class=\"wp-caption-text\">Coordinador del Comit\u00e9 de Docencia e Investigaci\u00f3n del Hospital Dr. Marcial Quiroga del Ministerio de Salud del Gobierno de San Juan, Dr. Andr\u00e9s Escudero<\/figcaption><\/figure>\n<p>&nbsp;<\/p>\n<p><iframe loading=\"lazy\" title=\"SAN JUAN HMQ DR. \" width=\"800\" height=\"450\" src=\"https:\/\/www.youtube.com\/embed\/bkhu1pigfmY?feature=oembed\" frameborder=\"0\" allow=\"accelerometer; autoplay; clipboard-write; encrypted-media; gyroscope; picture-in-picture; web-share\" referrerpolicy=\"strict-origin-when-cross-origin\" allowfullscreen><\/iframe><\/p>\n<p>Finalizada la exposici\u00f3n de la Doctora en Ciencias Humanas, Anal\u00eda Ochiuzzi, quien explic\u00f3 su propuesta y que fue aplaudida por sus aportes de los profesionales presentes.<\/p>\n<figure id=\"attachment_93566\" aria-describedby=\"caption-attachment-93566\" style=\"width: 800px\" class=\"wp-caption alignnone\"><img loading=\"lazy\" decoding=\"async\" class=\"size-full wp-image-93566\" src=\"https:\/\/vocesparalelas.com.ar\/sitio\/wp-content\/uploads\/2025\/11\/DRA-ANALIA.jpg\" alt=\"\" width=\"800\" height=\"533\" srcset=\"https:\/\/vocesparalelas.com.ar\/sitio\/wp-content\/uploads\/2025\/11\/DRA-ANALIA.jpg 800w, https:\/\/vocesparalelas.com.ar\/sitio\/wp-content\/uploads\/2025\/11\/DRA-ANALIA-300x200.jpg 300w, https:\/\/vocesparalelas.com.ar\/sitio\/wp-content\/uploads\/2025\/11\/DRA-ANALIA-768x512.jpg 768w\" sizes=\"auto, (max-width: 800px) 100vw, 800px\" \/><figcaption id=\"caption-attachment-93566\" class=\"wp-caption-text\">Doctora en Ciencias Humanas, Anal\u00eda Ochiuzzi en las XV Jornadas Hospitalarias Dr. Jorge Oliva del Hospital Dr. Marcial Quiroga de San Juan<\/figcaption><\/figure>\n<p>&nbsp;<\/p>\n<p><iframe loading=\"lazy\" title=\"SAN JUAN HMQ DRA ANALIA OCHIUZZI\" width=\"800\" height=\"450\" src=\"https:\/\/www.youtube.com\/embed\/Py-PQ6fxv5A?feature=oembed\" frameborder=\"0\" allow=\"accelerometer; autoplay; clipboard-write; encrypted-media; gyroscope; picture-in-picture; web-share\" referrerpolicy=\"strict-origin-when-cross-origin\" allowfullscreen><\/iframe><\/p>\n<p>Para cerrar, el Director del Hospital Dr. Marcial Quiroga del Ministerio de Salud del Gobierno de San Juan, Dr.\u00a0 Juan Manuel Campayo, quien ponder\u00f3 la iniciativa porque permite conocer otras miradas sobre la Atenci\u00f3n Sanitaria del paciente que cada vez aumenta en los\u00a0 Hospitales porque no posee Obra Social.<\/p>\n<p>&nbsp;<\/p>\n<p><iframe loading=\"lazy\" title=\"SAN JUAN HMQ DIRECTOR DR JUAN MANUEL CAMPAYO \" width=\"800\" height=\"450\" src=\"https:\/\/www.youtube.com\/embed\/Kr7fYBsY-I0?feature=oembed\" frameborder=\"0\" allow=\"accelerometer; autoplay; clipboard-write; encrypted-media; gyroscope; picture-in-picture; web-share\" referrerpolicy=\"strict-origin-when-cross-origin\" allowfullscreen><\/iframe><\/p>\n<p>&nbsp;<\/p>\n<figure id=\"attachment_93564\" aria-describedby=\"caption-attachment-93564\" style=\"width: 800px\" class=\"wp-caption alignnone\"><img loading=\"lazy\" decoding=\"async\" class=\"size-full wp-image-93564\" src=\"https:\/\/vocesparalelas.com.ar\/sitio\/wp-content\/uploads\/2025\/11\/HMQ-PACIENTES-01.jpg\" alt=\"\" width=\"800\" height=\"455\" srcset=\"https:\/\/vocesparalelas.com.ar\/sitio\/wp-content\/uploads\/2025\/11\/HMQ-PACIENTES-01.jpg 800w, https:\/\/vocesparalelas.com.ar\/sitio\/wp-content\/uploads\/2025\/11\/HMQ-PACIENTES-01-300x171.jpg 300w, https:\/\/vocesparalelas.com.ar\/sitio\/wp-content\/uploads\/2025\/11\/HMQ-PACIENTES-01-768x437.jpg 768w\" sizes=\"auto, (max-width: 800px) 100vw, 800px\" \/><figcaption id=\"caption-attachment-93564\" class=\"wp-caption-text\">Equipo de acreditaci\u00f3n de las XV Jornadas Hospitalarias Dr. Jorge Oliva del Hospital Dr. Marcial Quiroga de San Juan<\/figcaption><\/figure>\n<p><img loading=\"lazy\" decoding=\"async\" class=\"alignnone size-full wp-image-50515\" src=\"https:\/\/vocesparalelas.com.ar\/sitio\/wp-content\/uploads\/2022\/07\/HMQ-FRENTE.jpg\" alt=\"\" width=\"800\" height=\"600\" srcset=\"https:\/\/vocesparalelas.com.ar\/sitio\/wp-content\/uploads\/2022\/07\/HMQ-FRENTE.jpg 800w, https:\/\/vocesparalelas.com.ar\/sitio\/wp-content\/uploads\/2022\/07\/HMQ-FRENTE-300x225.jpg 300w, https:\/\/vocesparalelas.com.ar\/sitio\/wp-content\/uploads\/2022\/07\/HMQ-FRENTE-768x576.jpg 768w\" sizes=\"auto, (max-width: 800px) 100vw, 800px\" \/><\/p>\n<p>&nbsp;<\/p>\n","protected":false},"excerpt":{"rendered":"<p>El Directorio y el Comit\u00e9 de Docencia e Investigaci\u00f3n del Hospital Dr. Marcial Quiroga del Ministerio de Salud del Gobierno<\/p>\n","protected":false},"author":3,"featured_media":93567,"comment_status":"closed","ping_status":"closed","sticky":false,"template":"","format":"standard","meta":{"_acf_changed":false,"_seopress_robots_primary_cat":"none","_seopress_titles_title":"","_seopress_titles_desc":"","_seopress_robots_index":"","colormag_page_container_layout":"default_layout","colormag_page_sidebar_layout":"default_layout","footnotes":""},"categories":[15,7],"tags":[],"class_list":["post-93560","post","type-post","status-publish","format-standard","has-post-thumbnail","hentry","category-posgrados","category-videos"],"acf":[],"_links":{"self":[{"href":"https:\/\/vocesparalelas.com.ar\/sitio\/wp-json\/wp\/v2\/posts\/93560","targetHints":{"allow":["GET"]}}],"collection":[{"href":"https:\/\/vocesparalelas.com.ar\/sitio\/wp-json\/wp\/v2\/posts"}],"about":[{"href":"https:\/\/vocesparalelas.com.ar\/sitio\/wp-json\/wp\/v2\/types\/post"}],"author":[{"embeddable":true,"href":"https:\/\/vocesparalelas.com.ar\/sitio\/wp-json\/wp\/v2\/users\/3"}],"replies":[{"embeddable":true,"href":"https:\/\/vocesparalelas.com.ar\/sitio\/wp-json\/wp\/v2\/comments?post=93560"}],"version-history":[{"count":1,"href":"https:\/\/vocesparalelas.com.ar\/sitio\/wp-json\/wp\/v2\/posts\/93560\/revisions"}],"predecessor-version":[{"id":93568,"href":"https:\/\/vocesparalelas.com.ar\/sitio\/wp-json\/wp\/v2\/posts\/93560\/revisions\/93568"}],"wp:featuredmedia":[{"embeddable":true,"href":"https:\/\/vocesparalelas.com.ar\/sitio\/wp-json\/wp\/v2\/media\/93567"}],"wp:attachment":[{"href":"https:\/\/vocesparalelas.com.ar\/sitio\/wp-json\/wp\/v2\/media?parent=93560"}],"wp:term":[{"taxonomy":"category","embeddable":true,"href":"https:\/\/vocesparalelas.com.ar\/sitio\/wp-json\/wp\/v2\/categories?post=93560"},{"taxonomy":"post_tag","embeddable":true,"href":"https:\/\/vocesparalelas.com.ar\/sitio\/wp-json\/wp\/v2\/tags?post=93560"}],"curies":[{"name":"wp","href":"https:\/\/api.w.org\/{rel}","templated":true}]}}