{"id":93531,"date":"2025-11-06T20:33:34","date_gmt":"2025-11-06T23:33:34","guid":{"rendered":"https:\/\/vocesparalelas.com.ar\/sitio\/?p=93531"},"modified":"2025-11-07T22:22:52","modified_gmt":"2025-11-08T01:22:52","slug":"expo-tecnica-san-juan-2025-la-tecnica-nos-une-abre-caminos-y-construye-futuro","status":"publish","type":"post","link":"https:\/\/vocesparalelas.com.ar\/sitio\/expo-tecnica-san-juan-2025-la-tecnica-nos-une-abre-caminos-y-construye-futuro\/","title":{"rendered":"Expo T\u00e9cnica San Juan 2025 \u201cLa t\u00e9cnica nos une, abre caminos y construye futuro\u201d"},"content":{"rendered":"<p>El Ministerio de Educaci\u00f3n del Gobierno de San Juan, a trav\u00e9s de la Direcci\u00f3n de Educaci\u00f3n T\u00e9cnica y Formaci\u00f3n Profesional, realiza la Expo T\u00e9cnica San Juan 2025, bajo el lema \u201cLa t\u00e9cnica nos une, abre caminos y construye futuro\u201d, el Viernes, 7 de Noviembre, de 18 a 23 s.; en la EPET N\u00b07, Barrio Aramburu, Departamento Rivadavia.<\/p>\n<p>En esta edici\u00f3n se desarrolla el 1\u00b0 Encuentro de Vinculaci\u00f3n Socio Productiva Sustentable, que propone articular la educaci\u00f3n t\u00e9cnica con los sectores de miner\u00eda, energ\u00edas renovables e industria del conocimiento.<\/p>\n<p>\u201cLa educaci\u00f3n t\u00e9cnica implica una manera de pensar el futuro desde el hacer. En cada escuela t\u00e9cnica hay j\u00f3venes que crean, dise\u00f1an y resuelven con ideas propias, y eso es un enorme orgullo para San Juan. La Expo T\u00e9cnica nos permitir\u00e1 ver ese talento en acci\u00f3n y entender que cuando la educaci\u00f3n y la producci\u00f3n se encuentran, el futuro empieza a tomar forma\u201d, se\u00f1al\u00f3 la ministra de Educaci\u00f3n, Lic. Silvia Fuentes.<\/p>\n<p>La muestra ofrece demostraciones en vivo, prototipos innovadores, experiencias inmersivas, simulaciones digitales, y talleres participativos creados por estudiantes y docentes de escuelas t\u00e9cnicas, centros de formaci\u00f3n profesional y misiones monot\u00e9cnicas de extensi\u00f3n cultural y rural.<\/p>\n<p>Uno de los momentos destacados ser\u00e1 la inauguraci\u00f3n de la planta fotovoltaica did\u00e1ctica de la EPET N\u00b07, un proyecto educativo sobre generaci\u00f3n de energ\u00eda solar, sustentabilidad y eficiencia energ\u00e9tica.<\/p>\n<p>La Expo T\u00e9cnica 2025 busca acercar a la comunidad los avances y aportes de la educaci\u00f3n t\u00e9cnica sanjuanina, que combina formaci\u00f3n, innovaci\u00f3n y desarrollo productivo con mirada de futuro.<\/p>\n<p>&nbsp;<\/p>\n<p><img loading=\"lazy\" decoding=\"async\" class=\"alignnone size-full wp-image-28629\" src=\"https:\/\/vocesparalelas.com.ar\/sitio\/wp-content\/uploads\/2020\/05\/MINISTERIO-EDUCACION-SJ.jpg\" alt=\"\" width=\"800\" height=\"533\" srcset=\"https:\/\/vocesparalelas.com.ar\/sitio\/wp-content\/uploads\/2020\/05\/MINISTERIO-EDUCACION-SJ.jpg 800w, https:\/\/vocesparalelas.com.ar\/sitio\/wp-content\/uploads\/2020\/05\/MINISTERIO-EDUCACION-SJ-300x200.jpg 300w, https:\/\/vocesparalelas.com.ar\/sitio\/wp-content\/uploads\/2020\/05\/MINISTERIO-EDUCACION-SJ-768x512.jpg 768w\" sizes=\"auto, (max-width: 800px) 100vw, 800px\" \/><\/p>\n","protected":false},"excerpt":{"rendered":"<p>El Ministerio de Educaci\u00f3n del Gobierno de San Juan, a trav\u00e9s de la Direcci\u00f3n de Educaci\u00f3n T\u00e9cnica y Formaci\u00f3n Profesional,<\/p>\n","protected":false},"author":3,"featured_media":29983,"comment_status":"closed","ping_status":"closed","sticky":false,"template":"","format":"standard","meta":{"_acf_changed":false,"_seopress_robots_primary_cat":"none","_seopress_titles_title":"","_seopress_titles_desc":"","_seopress_robots_index":"","colormag_page_container_layout":"default_layout","colormag_page_sidebar_layout":"default_layout","footnotes":""},"categories":[5],"tags":[],"class_list":["post-93531","post","type-post","status-publish","format-standard","has-post-thumbnail","hentry","category-ofrecimientos"],"acf":[],"_links":{"self":[{"href":"https:\/\/vocesparalelas.com.ar\/sitio\/wp-json\/wp\/v2\/posts\/93531","targetHints":{"allow":["GET"]}}],"collection":[{"href":"https:\/\/vocesparalelas.com.ar\/sitio\/wp-json\/wp\/v2\/posts"}],"about":[{"href":"https:\/\/vocesparalelas.com.ar\/sitio\/wp-json\/wp\/v2\/types\/post"}],"author":[{"embeddable":true,"href":"https:\/\/vocesparalelas.com.ar\/sitio\/wp-json\/wp\/v2\/users\/3"}],"replies":[{"embeddable":true,"href":"https:\/\/vocesparalelas.com.ar\/sitio\/wp-json\/wp\/v2\/comments?post=93531"}],"version-history":[{"count":1,"href":"https:\/\/vocesparalelas.com.ar\/sitio\/wp-json\/wp\/v2\/posts\/93531\/revisions"}],"predecessor-version":[{"id":93534,"href":"https:\/\/vocesparalelas.com.ar\/sitio\/wp-json\/wp\/v2\/posts\/93531\/revisions\/93534"}],"wp:featuredmedia":[{"embeddable":true,"href":"https:\/\/vocesparalelas.com.ar\/sitio\/wp-json\/wp\/v2\/media\/29983"}],"wp:attachment":[{"href":"https:\/\/vocesparalelas.com.ar\/sitio\/wp-json\/wp\/v2\/media?parent=93531"}],"wp:term":[{"taxonomy":"category","embeddable":true,"href":"https:\/\/vocesparalelas.com.ar\/sitio\/wp-json\/wp\/v2\/categories?post=93531"},{"taxonomy":"post_tag","embeddable":true,"href":"https:\/\/vocesparalelas.com.ar\/sitio\/wp-json\/wp\/v2\/tags?post=93531"}],"curies":[{"name":"wp","href":"https:\/\/api.w.org\/{rel}","templated":true}]}}