{"id":93525,"date":"2025-11-05T19:57:00","date_gmt":"2025-11-05T22:57:00","guid":{"rendered":"https:\/\/vocesparalelas.com.ar\/sitio\/?p=93525"},"modified":"2025-11-07T00:50:56","modified_gmt":"2025-11-07T03:50:56","slug":"escenas-moviles-para-disfrutar-en-la-fns-2025-san-juan-mi-tierra-querida","status":"publish","type":"post","link":"https:\/\/vocesparalelas.com.ar\/sitio\/escenas-moviles-para-disfrutar-en-la-fns-2025-san-juan-mi-tierra-querida\/","title":{"rendered":"Escenas m\u00f3viles para disfrutar en la FNS 2025 \u00abSan Juan, mi tierra querida\u00bb"},"content":{"rendered":"<p>La Fiesta Nacional del Sol 2025 \u00abSan Juan, mi tierra querida\u00bb ofrece en el escenario de un espect\u00e1culo art\u00edstico que recorre la feria; desde el Skate Park hasta el Vel\u00f3dromo Vicente Chancay.<\/p>\n<p>Se trata del equipo de artistas m\u00e1s multidisciplinario de esta edici\u00f3n que integra teatro, ensamble de percusi\u00f3n y viento, clown y circo y otras expresiones art\u00edsticas que suceder\u00e1n en escenas m\u00f3viles, breves y de gran potencia esc\u00e9nica el 20; 21 y 22 de Noviembre.<\/p>\n<p><img loading=\"lazy\" decoding=\"async\" class=\"alignnone size-full wp-image-90510\" src=\"https:\/\/vocesparalelas.com.ar\/sitio\/wp-content\/uploads\/2025\/08\/FNS-2025-01.jpg\" alt=\"\" width=\"800\" height=\"450\" srcset=\"https:\/\/vocesparalelas.com.ar\/sitio\/wp-content\/uploads\/2025\/08\/FNS-2025-01.jpg 800w, https:\/\/vocesparalelas.com.ar\/sitio\/wp-content\/uploads\/2025\/08\/FNS-2025-01-300x169.jpg 300w, https:\/\/vocesparalelas.com.ar\/sitio\/wp-content\/uploads\/2025\/08\/FNS-2025-01-768x432.jpg 768w\" sizes=\"auto, (max-width: 800px) 100vw, 800px\" \/><\/p>\n<p>Estas intervenciones est\u00e1n inspiradas en la tem\u00e1tica de esta edici\u00f3n de la FNS \u201cSan Juan, mi Tierra Querida\u201d, cuyo eje creativo es \u201cRelatos de mi Tierra\u201d, celebrando la memoria viva de San Juan.<\/p>\n<p>La propuesta sucede en distintos puntos de manera simult\u00e1nea y alterna, generando encuentros inesperados con el p\u00fablico. As\u00ed, la interacci\u00f3n de los 80 artistas ser\u00e1 directa ya que los asistentes ser\u00e1n invitados a detenerse, contemplar y dejarse atravesar por estas expresiones que emergen del paisaje festivo con fuerza po\u00e9tica y territorial.<\/p>\n<p>Las escenas teatrales se desarrollan a partir de las 20:30 hs, en la antesala del Vel\u00f3dromo Vicente Chancay. Los artistas invitan al p\u00fablico al show \u201cSan Juan, mi tierra querida\u201d. El recorrido del elenco contin\u00faa con varias intervenciones en distintos horarios y puntos de la Feria y culmina con una puesta en el espacio federal, donde se ubican los stands de los 19 municipios.<\/p>\n<p><img loading=\"lazy\" decoding=\"async\" class=\"alignnone size-full wp-image-93529\" src=\"https:\/\/vocesparalelas.com.ar\/sitio\/wp-content\/uploads\/2025\/11\/FNS-MOVILES-02.jpg\" alt=\"\" width=\"800\" height=\"463\" srcset=\"https:\/\/vocesparalelas.com.ar\/sitio\/wp-content\/uploads\/2025\/11\/FNS-MOVILES-02.jpg 800w, https:\/\/vocesparalelas.com.ar\/sitio\/wp-content\/uploads\/2025\/11\/FNS-MOVILES-02-300x174.jpg 300w, https:\/\/vocesparalelas.com.ar\/sitio\/wp-content\/uploads\/2025\/11\/FNS-MOVILES-02-768x444.jpg 768w\" sizes=\"auto, (max-width: 800px) 100vw, 800px\" \/><\/p>\n<p>A trav\u00e9s de una propuesta basada en el teatro f\u00edsico, se evocar\u00e1n mitos, leyendas, tradiciones y costumbres de los distintos departamentos de la provincia, en relatos breves que rescatan la identidad local.<\/p>\n<p>Cabe destacar que este espect\u00e1culo busca preservar y revitalizar las historias que definen a los sanjuaninos, asegurando que los relatos populares no se pierdan, sino que sigan vivos en la voz de la gente, transmiti\u00e9ndose de generaci\u00f3n en generaci\u00f3n como parte esencial de nuestro patrimonio cultural.<\/p>\n<p>Para adquirir las entradas de la FNS 2025 \u00abSan Juan, mi tierra querida\u00bb, los interesados pueden adquirirlas en la plataforma<\/p>\n<p><a href=\"http:\/\/www.autoentrada.com\">http:\/\/www.autoentrada.com<\/a><\/p>\n<p>y de manera presencial en boleter\u00eda del Teatro del Bicentenario.<\/p>\n<p>Los valores van desde $10.000 hasta $35.000, seg\u00fan el sector elegido dentro del Estadio San Juan del Bicentenario, mientras que la entrada m\u00e1s econ\u00f3mica, de $5.000, permite acceder a la Feria y al show del Vel\u00f3dromo.<br \/>\nTodos los tickets incluyen acceso a la Feria y al show del Vel\u00f3dromo Vicente Chancay.<\/p>\n<p>Adem\u00e1s, quienes compren con tarjetas Visa o Mastercard del Banco San Juan podr\u00e1n hacerlo en tres cuotas sin inter\u00e9s, con un m\u00e1ximo de cinco entradas por persona.<\/p>\n<p><iframe loading=\"lazy\" title=\"SAN JUAN FNS 2025\" width=\"800\" height=\"450\" src=\"https:\/\/www.youtube.com\/embed\/hG6JPSqgl-k?feature=oembed\" frameborder=\"0\" allow=\"accelerometer; autoplay; clipboard-write; encrypted-media; gyroscope; picture-in-picture; web-share\" referrerpolicy=\"strict-origin-when-cross-origin\" allowfullscreen><\/iframe><\/p>\n<p>&nbsp;<\/p>\n","protected":false},"excerpt":{"rendered":"<p>La Fiesta Nacional del Sol 2025 \u00abSan Juan, mi tierra querida\u00bb ofrece en el escenario de un espect\u00e1culo art\u00edstico que<\/p>\n","protected":false},"author":3,"featured_media":93528,"comment_status":"closed","ping_status":"closed","sticky":false,"template":"","format":"standard","meta":{"_acf_changed":false,"_seopress_robots_primary_cat":"none","_seopress_titles_title":"","_seopress_titles_desc":"","_seopress_robots_index":"","colormag_page_container_layout":"default_layout","colormag_page_sidebar_layout":"default_layout","footnotes":""},"categories":[2,7],"tags":[],"class_list":["post-93525","post","type-post","status-publish","format-standard","has-post-thumbnail","hentry","category-convocatorias","category-videos"],"acf":[],"_links":{"self":[{"href":"https:\/\/vocesparalelas.com.ar\/sitio\/wp-json\/wp\/v2\/posts\/93525","targetHints":{"allow":["GET"]}}],"collection":[{"href":"https:\/\/vocesparalelas.com.ar\/sitio\/wp-json\/wp\/v2\/posts"}],"about":[{"href":"https:\/\/vocesparalelas.com.ar\/sitio\/wp-json\/wp\/v2\/types\/post"}],"author":[{"embeddable":true,"href":"https:\/\/vocesparalelas.com.ar\/sitio\/wp-json\/wp\/v2\/users\/3"}],"replies":[{"embeddable":true,"href":"https:\/\/vocesparalelas.com.ar\/sitio\/wp-json\/wp\/v2\/comments?post=93525"}],"version-history":[{"count":1,"href":"https:\/\/vocesparalelas.com.ar\/sitio\/wp-json\/wp\/v2\/posts\/93525\/revisions"}],"predecessor-version":[{"id":93530,"href":"https:\/\/vocesparalelas.com.ar\/sitio\/wp-json\/wp\/v2\/posts\/93525\/revisions\/93530"}],"wp:featuredmedia":[{"embeddable":true,"href":"https:\/\/vocesparalelas.com.ar\/sitio\/wp-json\/wp\/v2\/media\/93528"}],"wp:attachment":[{"href":"https:\/\/vocesparalelas.com.ar\/sitio\/wp-json\/wp\/v2\/media?parent=93525"}],"wp:term":[{"taxonomy":"category","embeddable":true,"href":"https:\/\/vocesparalelas.com.ar\/sitio\/wp-json\/wp\/v2\/categories?post=93525"},{"taxonomy":"post_tag","embeddable":true,"href":"https:\/\/vocesparalelas.com.ar\/sitio\/wp-json\/wp\/v2\/tags?post=93525"}],"curies":[{"name":"wp","href":"https:\/\/api.w.org\/{rel}","templated":true}]}}