{"id":93511,"date":"2025-11-06T14:28:44","date_gmt":"2025-11-06T17:28:44","guid":{"rendered":"https:\/\/vocesparalelas.com.ar\/sitio\/?p=93511"},"modified":"2025-11-10T00:25:03","modified_gmt":"2025-11-10T03:25:03","slug":"actividades-academicas-culturales-y-de-encuentro-en-la-faud-de-la-unsj","status":"publish","type":"post","link":"https:\/\/vocesparalelas.com.ar\/sitio\/actividades-academicas-culturales-y-de-encuentro-en-la-faud-de-la-unsj\/","title":{"rendered":"Actividades acad\u00e9micas, culturales y de encuentro en la FAUD de la UNSJ"},"content":{"rendered":"<div>\n<p>La Facultad de Arquitectura, Urbanismo y Dise\u00f1o de la Universidad Nacional de San Juan desarrolla durante Noviembre de 2026 una agenda de actividades acad\u00e9micas, culturales y de encuentro destinadas a la comunidad universitaria.<\/p>\n<p><strong><span style=\"color: #ff6600;\">Programa<\/span><\/strong><\/p>\n<ul>\n<li>Viernes, 7 de Noviembre, desde las\u00a08:30 hs, con la jornada\u00a0\u00abMetele Dise\u00f1o\u00bb, un espacio que re\u00fane talleres, ponencias, charlas, intervenciones y actividades recreativas. La propuesta busca promover la participaci\u00f3n de estudiantes y docentes, generando un \u00e1mbito de intercambio y trabajo colaborativo en torno al dise\u00f1o.<\/li>\n<li>Lunes, 10 de Noviembre, a las\u00a019:00 hs, se desarrolla el Acto Conmemorativo del 42\u00ba aniversario de la FAUD de la UNSJ, en el\u00a0Aula Magna. En esta oportunidad se reconoce a quienes cumplen 25 a\u00f1os de labor, as\u00ed como a\u00a0docentes y nodocentes jubilados\u00a0durante el per\u00edodo\u00a02024\u20132025.<\/li>\n<li>Martes, 11 de Noviembre, a las\u00a017:00 hs, se realiza el Acto Acad\u00e9mico de Colaci\u00f3n de Pregrado, Grado y Posgrado, correspondiente a las promociones\u00a02024\u20132025, en el\u00a0Centro de Convenciones Guillermo Barrena Guzm\u00e1n.<\/li>\n<\/ul>\n<\/div>\n<p><img loading=\"lazy\" decoding=\"async\" class=\"alignnone size-full wp-image-59158\" src=\"https:\/\/vocesparalelas.com.ar\/sitio\/wp-content\/uploads\/2023\/05\/FAUD-LOGO-03.jpg\" alt=\"\" width=\"800\" height=\"471\" srcset=\"https:\/\/vocesparalelas.com.ar\/sitio\/wp-content\/uploads\/2023\/05\/FAUD-LOGO-03.jpg 800w, https:\/\/vocesparalelas.com.ar\/sitio\/wp-content\/uploads\/2023\/05\/FAUD-LOGO-03-300x177.jpg 300w, https:\/\/vocesparalelas.com.ar\/sitio\/wp-content\/uploads\/2023\/05\/FAUD-LOGO-03-768x452.jpg 768w\" sizes=\"auto, (max-width: 800px) 100vw, 800px\" \/><\/p>\n<div>\n<div class=\"v1gmail_signature\" dir=\"ltr\">\n<div dir=\"ltr\"><\/div>\n<\/div>\n<\/div>\n","protected":false},"excerpt":{"rendered":"<p>La Facultad de Arquitectura, Urbanismo y Dise\u00f1o de la Universidad Nacional de San Juan desarrolla durante Noviembre de 2026 una<\/p>\n","protected":false},"author":3,"featured_media":43789,"comment_status":"closed","ping_status":"closed","sticky":false,"template":"","format":"standard","meta":{"_acf_changed":false,"_seopress_robots_primary_cat":"none","_seopress_titles_title":"","_seopress_titles_desc":"","_seopress_robots_index":"","colormag_page_container_layout":"default_layout","colormag_page_sidebar_layout":"default_layout","footnotes":""},"categories":[6],"tags":[],"class_list":["post-93511","post","type-post","status-publish","format-standard","has-post-thumbnail","hentry","category-eventos"],"acf":[],"_links":{"self":[{"href":"https:\/\/vocesparalelas.com.ar\/sitio\/wp-json\/wp\/v2\/posts\/93511","targetHints":{"allow":["GET"]}}],"collection":[{"href":"https:\/\/vocesparalelas.com.ar\/sitio\/wp-json\/wp\/v2\/posts"}],"about":[{"href":"https:\/\/vocesparalelas.com.ar\/sitio\/wp-json\/wp\/v2\/types\/post"}],"author":[{"embeddable":true,"href":"https:\/\/vocesparalelas.com.ar\/sitio\/wp-json\/wp\/v2\/users\/3"}],"replies":[{"embeddable":true,"href":"https:\/\/vocesparalelas.com.ar\/sitio\/wp-json\/wp\/v2\/comments?post=93511"}],"version-history":[{"count":1,"href":"https:\/\/vocesparalelas.com.ar\/sitio\/wp-json\/wp\/v2\/posts\/93511\/revisions"}],"predecessor-version":[{"id":93514,"href":"https:\/\/vocesparalelas.com.ar\/sitio\/wp-json\/wp\/v2\/posts\/93511\/revisions\/93514"}],"wp:featuredmedia":[{"embeddable":true,"href":"https:\/\/vocesparalelas.com.ar\/sitio\/wp-json\/wp\/v2\/media\/43789"}],"wp:attachment":[{"href":"https:\/\/vocesparalelas.com.ar\/sitio\/wp-json\/wp\/v2\/media?parent=93511"}],"wp:term":[{"taxonomy":"category","embeddable":true,"href":"https:\/\/vocesparalelas.com.ar\/sitio\/wp-json\/wp\/v2\/categories?post=93511"},{"taxonomy":"post_tag","embeddable":true,"href":"https:\/\/vocesparalelas.com.ar\/sitio\/wp-json\/wp\/v2\/tags?post=93511"}],"curies":[{"name":"wp","href":"https:\/\/api.w.org\/{rel}","templated":true}]}}