{"id":93473,"date":"2025-11-04T11:33:45","date_gmt":"2025-11-04T14:33:45","guid":{"rendered":"https:\/\/vocesparalelas.com.ar\/sitio\/?p=93473"},"modified":"2025-11-05T21:20:37","modified_gmt":"2025-11-06T00:20:37","slug":"programa-noviembre-2025-del-ciclo-de-cine-de-la-ffha-de-la-unsj","status":"publish","type":"post","link":"https:\/\/vocesparalelas.com.ar\/sitio\/programa-noviembre-2025-del-ciclo-de-cine-de-la-ffha-de-la-unsj\/","title":{"rendered":"Programa \u201cNoviembre 2025\u201d del Ciclo de Cine de la FFHA de la UNSJ"},"content":{"rendered":"<p>La Facultad de Filosof\u00eda, Humanidades y Arte de la Universidad Nacional de San Juan ofrece el Ciclo de Cine \u00a0\u201cOctubre 2025\u201d con entrada Libre y gratuita los Mi\u00e9rcoles, a las 20:30 hs.; en el Aula Magna de la Unidad Acad\u00e9mica.<\/p>\n<p>La coordinaci\u00f3n del Cineasta Carlos Cerlmedo y la Secretaria de Extensi\u00f3n Universitaria de la FFHA de la UNSJ, desde hace 28 a\u00f1os consecutivos.<\/p>\n<figure id=\"attachment_59222\" aria-describedby=\"caption-attachment-59222\" style=\"width: 800px\" class=\"wp-caption alignnone\"><img loading=\"lazy\" decoding=\"async\" class=\"size-full wp-image-59222\" src=\"https:\/\/vocesparalelas.com.ar\/sitio\/wp-content\/uploads\/2023\/05\/FFHA-CARLOS-CERIMEDO-03.jpg\" alt=\"\" width=\"800\" height=\"533\" srcset=\"https:\/\/vocesparalelas.com.ar\/sitio\/wp-content\/uploads\/2023\/05\/FFHA-CARLOS-CERIMEDO-03.jpg 800w, https:\/\/vocesparalelas.com.ar\/sitio\/wp-content\/uploads\/2023\/05\/FFHA-CARLOS-CERIMEDO-03-300x200.jpg 300w, https:\/\/vocesparalelas.com.ar\/sitio\/wp-content\/uploads\/2023\/05\/FFHA-CARLOS-CERIMEDO-03-768x512.jpg 768w\" sizes=\"auto, (max-width: 800px) 100vw, 800px\" \/><figcaption id=\"caption-attachment-59222\" class=\"wp-caption-text\">Cineasta de San Juan, Carlos Cerimedo<\/figcaption><\/figure>\n<p>El ciclo fue creado en Setiembre de 1998 por Carlos Cerlmedo, cuando desde su programa \u00abLuz, c\u00e1mara, Acci\u00f3n\u00bb por Radio Sarmiento, lanza este ciclo.<\/p>\n<p>Este programa es \u00fanico en Argentina \u00a0y en la Provincia de San Juan. Fue declarado de Inter\u00e9s Provincial, Legislativo, Municipal, Universitario, de Inter\u00e9s Cultural Nacional e Hist\u00f3rico Cultural por la C\u00e1mara de Diputados de la Naci\u00f3n.<\/p>\n<p><strong>Programa<\/strong><\/p>\n<p>Mi\u00e9rcoles, 05 de Noviembre, a las 20,30 hs.; \u201cGoldfinger 007\u201d. Protagonistas: Sean Connery, Honor Blackman y otros.<\/p>\n<p><iframe loading=\"lazy\" title=\"Goldfinger Official Trailer #1 - Sean Connery Movie (1964) HD\" width=\"800\" height=\"450\" src=\"https:\/\/www.youtube.com\/embed\/MA65V-oLKa8?feature=oembed\" frameborder=\"0\" allow=\"accelerometer; autoplay; clipboard-write; encrypted-media; gyroscope; picture-in-picture; web-share\" referrerpolicy=\"strict-origin-when-cross-origin\" allowfullscreen><\/iframe><\/p>\n<p>Mi\u00e9rcoles, 12 de Noviembre, a las 20,30 hs.: \u201cLas Cosas del Querer II\u201d, Protagonistas: Angela Molina- Manuel Banderas y otros.<\/p>\n<p><iframe loading=\"lazy\" title=\"LAS COSAS DEL QUERER II de Jaime Chavarri (tr\u00e1iler)  MERCURY FILMS\" width=\"800\" height=\"600\" src=\"https:\/\/www.youtube.com\/embed\/lHbE7fYqAdE?feature=oembed\" frameborder=\"0\" allow=\"accelerometer; autoplay; clipboard-write; encrypted-media; gyroscope; picture-in-picture; web-share\" referrerpolicy=\"strict-origin-when-cross-origin\" allowfullscreen><\/iframe><\/p>\n<p>Mi\u00e9rcoles, 19 de Noviembre, a las 20,30 hs; \u201cMamma Mia\u201d, Protagonistas: Meryl Streep, Pierre Brosnan y otros.<\/p>\n<p><iframe loading=\"lazy\" title=\"MAMMA MIA! UNA Y OTRA VEZ - Tr\u00e1iler Final (Universal Pictures) HD\" width=\"800\" height=\"450\" src=\"https:\/\/www.youtube.com\/embed\/hcgSejNB9Bk?feature=oembed\" frameborder=\"0\" allow=\"accelerometer; autoplay; clipboard-write; encrypted-media; gyroscope; picture-in-picture; web-share\" referrerpolicy=\"strict-origin-when-cross-origin\" allowfullscreen><\/iframe><\/p>\n<p>Mi\u00e9rcoles\u00a0\u00a0\u00a0\u00a0 26 de Noviembre, a las 20,30 hs \u201cEl Espejo de los Otros\u201d, Protagonistas: Graciela Borges y J. D\u00edaz y otros.<\/p>\n<p><iframe loading=\"lazy\" title=\"El espejo de los otros - Tr\u00e1iler\" width=\"800\" height=\"450\" src=\"https:\/\/www.youtube.com\/embed\/Yc-G3DEycj0?feature=oembed\" frameborder=\"0\" allow=\"accelerometer; autoplay; clipboard-write; encrypted-media; gyroscope; picture-in-picture; web-share\" referrerpolicy=\"strict-origin-when-cross-origin\" allowfullscreen><\/iframe><\/p>\n<p><img loading=\"lazy\" decoding=\"async\" class=\"alignnone size-large wp-image-43889\" src=\"https:\/\/vocesparalelas.com.ar\/sitio\/wp-content\/uploads\/2021\/11\/FFHA-FRENTE-1-800x600.jpg\" alt=\"\" width=\"800\" height=\"600\" srcset=\"https:\/\/vocesparalelas.com.ar\/sitio\/wp-content\/uploads\/2021\/11\/FFHA-FRENTE-1-800x600.jpg 800w, https:\/\/vocesparalelas.com.ar\/sitio\/wp-content\/uploads\/2021\/11\/FFHA-FRENTE-1-300x225.jpg 300w, https:\/\/vocesparalelas.com.ar\/sitio\/wp-content\/uploads\/2021\/11\/FFHA-FRENTE-1-768x576.jpg 768w, https:\/\/vocesparalelas.com.ar\/sitio\/wp-content\/uploads\/2021\/11\/FFHA-FRENTE-1.jpg 1024w\" sizes=\"auto, (max-width: 800px) 100vw, 800px\" \/><\/p>\n","protected":false},"excerpt":{"rendered":"<p>La Facultad de Filosof\u00eda, Humanidades y Arte de la Universidad Nacional de San Juan ofrece el Ciclo de Cine \u00a0\u201cOctubre<\/p>\n","protected":false},"author":3,"featured_media":60454,"comment_status":"closed","ping_status":"closed","sticky":false,"template":"","format":"standard","meta":{"_acf_changed":false,"_seopress_robots_primary_cat":"none","_seopress_titles_title":"","_seopress_titles_desc":"","_seopress_robots_index":"","colormag_page_container_layout":"default_layout","colormag_page_sidebar_layout":"default_layout","footnotes":""},"categories":[20,7],"tags":[],"class_list":["post-93473","post","type-post","status-publish","format-standard","has-post-thumbnail","hentry","category-cartelera","category-videos"],"acf":[],"_links":{"self":[{"href":"https:\/\/vocesparalelas.com.ar\/sitio\/wp-json\/wp\/v2\/posts\/93473","targetHints":{"allow":["GET"]}}],"collection":[{"href":"https:\/\/vocesparalelas.com.ar\/sitio\/wp-json\/wp\/v2\/posts"}],"about":[{"href":"https:\/\/vocesparalelas.com.ar\/sitio\/wp-json\/wp\/v2\/types\/post"}],"author":[{"embeddable":true,"href":"https:\/\/vocesparalelas.com.ar\/sitio\/wp-json\/wp\/v2\/users\/3"}],"replies":[{"embeddable":true,"href":"https:\/\/vocesparalelas.com.ar\/sitio\/wp-json\/wp\/v2\/comments?post=93473"}],"version-history":[{"count":1,"href":"https:\/\/vocesparalelas.com.ar\/sitio\/wp-json\/wp\/v2\/posts\/93473\/revisions"}],"predecessor-version":[{"id":93476,"href":"https:\/\/vocesparalelas.com.ar\/sitio\/wp-json\/wp\/v2\/posts\/93473\/revisions\/93476"}],"wp:featuredmedia":[{"embeddable":true,"href":"https:\/\/vocesparalelas.com.ar\/sitio\/wp-json\/wp\/v2\/media\/60454"}],"wp:attachment":[{"href":"https:\/\/vocesparalelas.com.ar\/sitio\/wp-json\/wp\/v2\/media?parent=93473"}],"wp:term":[{"taxonomy":"category","embeddable":true,"href":"https:\/\/vocesparalelas.com.ar\/sitio\/wp-json\/wp\/v2\/categories?post=93473"},{"taxonomy":"post_tag","embeddable":true,"href":"https:\/\/vocesparalelas.com.ar\/sitio\/wp-json\/wp\/v2\/tags?post=93473"}],"curies":[{"name":"wp","href":"https:\/\/api.w.org\/{rel}","templated":true}]}}