{"id":93464,"date":"2025-11-04T10:56:09","date_gmt":"2025-11-04T13:56:09","guid":{"rendered":"https:\/\/vocesparalelas.com.ar\/sitio\/?p=93464"},"modified":"2025-11-05T19:22:25","modified_gmt":"2025-11-05T22:22:25","slug":"uda-san-juan-llama-a-negociaciones-paritarias-y-pide-tratar-la-titularizacion-docente","status":"publish","type":"post","link":"https:\/\/vocesparalelas.com.ar\/sitio\/uda-san-juan-llama-a-negociaciones-paritarias-y-pide-tratar-la-titularizacion-docente\/","title":{"rendered":"UDA San Juan llama a negociaciones paritarias y pide tratar la Titularizaci\u00f3n Docente"},"content":{"rendered":"<p>La UDA Seccional San Juan solicit\u00f3 el Lunes, 27 de Octubre, de manera formal y urgente, la inmediata apertura de la mesa de negociaci\u00f3n paritaria docente.<\/p>\n<p>El objetivo central de esta acci\u00f3n es evitar \u00abliquidaciones salariales arbitrarias o unilaterales\u00bb por parte de las autoridades.<\/p>\n<p>La solicitud fue notificada a la Subsecretar\u00eda de Trabajo, al Ministerio de Educaci\u00f3n y a los gremios UDAP y AMET. El prop\u00f3sito de la urgencia radica en la necesidad de contar con tiempo adecuado para un tratamiento \u00abefectivo y serio\u00bb de las propuestas, ya que UDA enfatiza que la apertura urgente es crucial para garantizar el consenso y la discusi\u00f3n profunda antes de cualquier liquidaci\u00f3n.<\/p>\n<p>Adem\u00e1s, de la discusi\u00f3n salarial, el gremio pide tratar puntos pendientes de gran importancia para el sector, destacando la Titularizaci\u00f3n Docente.<\/p>\n<p><span style=\"color: #0000ff;\"><strong>La nota fue dirigida al Subsecretario de Trabajo de San Juan, Dr. Franco Marchese<\/strong><\/span><\/p>\n<p>La Comisi\u00f3n Directiva de la Uni\u00f3n Docentes Argentinos (UDA) Seccional San Juan, con domicilio constituido en calle Sarmiento N\u00b0 122 Norte-Capital &#8211; San Juan, haciendo uso de las facultades conferidas por el Art\u00edculo 7 del Decreto Paritario N\u00ba 0121-ME-2007, convoca con car\u00e1cter de URGENTE a la Parte Empleadora a sesionar en Comisi\u00f3n Paritaria Negociadora para abordar los siguientes puntos:<\/p>\n<p>Tratamiento Salarial Urgente (con foco en la liquidaci\u00f3n de Noviembre): Se requiere la actualizaci\u00f3n y recomposici\u00f3n inmediata del Salario Docente, cuyo poder adquisitivo se ha visto mermado por el constante aumento de precios. La urgencia radica en la necesidad de contar con tiempo suficiente para una negociaci\u00f3n efectiva y seria antes de la liquidaci\u00f3n salarial del mes de noviembre, crucial para evitar pagos arbitrarios o unilaterales por falta de consenso.<\/p>\n<p>Tratamiento Prioritario de la Paritaria de Titularizaci\u00f3n Docente (Cuesti\u00f3n Pendiente): Se exige la inclusi\u00f3n y el tratamiento inmediato de esta paritaria, solicitada conjunta-mente por los tres gremios en junio de 2025 y a\u00fan sin respuesta o tratamiento efectivo. Se hace hincapi\u00e9 en la necesidad de dar cumplimiento a lo plasmado en el acta de agosto de 2025.<\/p>\n<p>Se notifica que notas de id\u00e9ntico tenor han sido remitidas al Ministerio de Educaci\u00f3n y a las Entidades Sindicales UDAP y AMET.<\/p>\n<p>A la espera de una pronta y urgente convocatoria que asegure el tiempo necesario para la Negociaci\u00f3n, saluda a usted muy atentamente.<\/p>\n<p><img loading=\"lazy\" decoding=\"async\" class=\"alignnone size-full wp-image-86898\" src=\"https:\/\/vocesparalelas.com.ar\/sitio\/wp-content\/uploads\/2025\/05\/UDA-LOGO.jpg\" alt=\"\" width=\"800\" height=\"455\" srcset=\"https:\/\/vocesparalelas.com.ar\/sitio\/wp-content\/uploads\/2025\/05\/UDA-LOGO.jpg 800w, https:\/\/vocesparalelas.com.ar\/sitio\/wp-content\/uploads\/2025\/05\/UDA-LOGO-300x171.jpg 300w, https:\/\/vocesparalelas.com.ar\/sitio\/wp-content\/uploads\/2025\/05\/UDA-LOGO-768x437.jpg 768w\" sizes=\"auto, (max-width: 800px) 100vw, 800px\" \/><\/p>\n","protected":false},"excerpt":{"rendered":"<p>La UDA Seccional San Juan solicit\u00f3 el Lunes, 27 de Octubre, de manera formal y urgente, la inmediata apertura de<\/p>\n","protected":false},"author":3,"featured_media":74657,"comment_status":"closed","ping_status":"closed","sticky":false,"template":"","format":"standard","meta":{"_acf_changed":false,"_seopress_robots_primary_cat":"none","_seopress_titles_title":"","_seopress_titles_desc":"","_seopress_robots_index":"","colormag_page_container_layout":"default_layout","colormag_page_sidebar_layout":"default_layout","footnotes":""},"categories":[5],"tags":[],"class_list":["post-93464","post","type-post","status-publish","format-standard","has-post-thumbnail","hentry","category-ofrecimientos"],"acf":[],"_links":{"self":[{"href":"https:\/\/vocesparalelas.com.ar\/sitio\/wp-json\/wp\/v2\/posts\/93464","targetHints":{"allow":["GET"]}}],"collection":[{"href":"https:\/\/vocesparalelas.com.ar\/sitio\/wp-json\/wp\/v2\/posts"}],"about":[{"href":"https:\/\/vocesparalelas.com.ar\/sitio\/wp-json\/wp\/v2\/types\/post"}],"author":[{"embeddable":true,"href":"https:\/\/vocesparalelas.com.ar\/sitio\/wp-json\/wp\/v2\/users\/3"}],"replies":[{"embeddable":true,"href":"https:\/\/vocesparalelas.com.ar\/sitio\/wp-json\/wp\/v2\/comments?post=93464"}],"version-history":[{"count":3,"href":"https:\/\/vocesparalelas.com.ar\/sitio\/wp-json\/wp\/v2\/posts\/93464\/revisions"}],"predecessor-version":[{"id":93472,"href":"https:\/\/vocesparalelas.com.ar\/sitio\/wp-json\/wp\/v2\/posts\/93464\/revisions\/93472"}],"wp:featuredmedia":[{"embeddable":true,"href":"https:\/\/vocesparalelas.com.ar\/sitio\/wp-json\/wp\/v2\/media\/74657"}],"wp:attachment":[{"href":"https:\/\/vocesparalelas.com.ar\/sitio\/wp-json\/wp\/v2\/media?parent=93464"}],"wp:term":[{"taxonomy":"category","embeddable":true,"href":"https:\/\/vocesparalelas.com.ar\/sitio\/wp-json\/wp\/v2\/categories?post=93464"},{"taxonomy":"post_tag","embeddable":true,"href":"https:\/\/vocesparalelas.com.ar\/sitio\/wp-json\/wp\/v2\/tags?post=93464"}],"curies":[{"name":"wp","href":"https:\/\/api.w.org\/{rel}","templated":true}]}}