{"id":93458,"date":"2025-11-03T20:34:53","date_gmt":"2025-11-03T23:34:53","guid":{"rendered":"https:\/\/vocesparalelas.com.ar\/sitio\/?p=93458"},"modified":"2025-11-04T20:32:57","modified_gmt":"2025-11-04T23:32:57","slug":"registro-provincial-de-emprendedores-de-san-juan","status":"publish","type":"post","link":"https:\/\/vocesparalelas.com.ar\/sitio\/registro-provincial-de-emprendedores-de-san-juan\/","title":{"rendered":"Registro Provincial de Emprendedores de San Juan"},"content":{"rendered":"<p>El Registro Provincial de Emprendedores es un listado oficial de aquellos artesanos y emprendedores propuesto desde la Direcci\u00f3n de Econom\u00eda Social -dependencia del Ministerio de Familia y Desarrollo Humano del Gobierno de San Juan &#8211; no s\u00f3lo para relevar al sector y tener datos actualizados, sino para garantizar la fidelidad de los productos y sus caracter\u00edsticas distintivas, adem\u00e1s del uso de materias primas revalorizando lo aut\u00f3ctono y creativo. Esto es as\u00ed porque cada hacedor que se propone integrarlo pasa por un proceso de fiscalizaci\u00f3n por parte del equipo t\u00e9cnico.<\/p>\n<p>A su vez, sumarse a este registro que fue lanzado en el 2024, implica una serie de beneficios para los emprendedores en cu\u00e1nto a la promoci\u00f3n, actividad y el desarrollo de este sector que motoriza la Econom\u00eda Social de la provincia. El empadronamiento funciona como una base de datos entonces quienes est\u00e1n en el registro son luego seleccionados en las convocatorias a ferias tem\u00e1ticas y espacios de comercializaci\u00f3n que se proponen desde esta direcci\u00f3n. Adem\u00e1s, pueden participar de los diferentes programas de capacitaci\u00f3n, mentor\u00edas y asistencia t\u00e9cnica para fortalecer el ecosistema emprendedor, a partir de cada experiencia. Inclusive vincularlos a trav\u00e9s de rondas de negocios con diferentes empresas e instituciones que buscan impulsar nuevos desarrollos y negocios.<\/p>\n<p>Para inscribirse hay que completar una solicitud de inscripci\u00f3n de manera virtual -en el link\u00a0REGISTRO PROVINCIAL DE EMPRENDEDORES- tanto con datos personales como los que se refieren puntualmente a la iniciativa emprendedora y luego esperar la convocatoria para presentar algunos ejemplos de lo que se produce. No es necesario tener un gran stock, con mostrar unos 5 objetos es suficiente.<\/p>\n<p><a href=\"https:\/\/docs.google.com\/forms\/d\/e\/1FAIpQLSezTaGZbZHTDlqS9k77jwFVSJvkpS1mNcRpS8QorE7oUEwNQw\/viewform\">https:\/\/docs.google.com\/forms\/d\/e\/1FAIpQLSezTaGZbZHTDlqS9k77jwFVSJvkpS1mNcRpS8QorE7oUEwNQw\/viewform<\/a><\/p>\n<p>Los Mates y Jueves, de 7:30 a 13:30 hs, se hace la evaluaci\u00f3n y fiscalizaci\u00f3n de los productos, sin importar el rubro, ni la trayectoria del emprendimiento. Solo en el caso de los emprendedores gastron\u00f3micos, deben presentar el carnet de manipulaci\u00f3n de alimentos vigentes. Lo que se tiene en cuenta es que el producto sea original, se indaga en la forma de trabajo, las herramientas usadas.<\/p>\n<p>Si el interesado prefiere hacer la presentaci\u00f3n de manera presencial, puede consultar en las oficinas de la Direcci\u00f3n de Econom\u00eda Social, en el Centro C\u00edvico, 1\u00b0 Piso, N\u00facleo 2, ingreso 3.<\/p>\n<p>En el Registro Provincial de Emprendedores hay m\u00e1s de 3500 inscriptos, de diferentes departamentos (en su mayor\u00eda son de Capital, Albard\u00f3n, Rivadavia, Santa Luc\u00eda, Chimbas, Rawson, Pocito, Caucete, Angaco, San Mart\u00edn, entre otros).<\/p>\n<p>Participan artesanos y referentes de rubros textiles (incluida costura, bordado, tejidos), orfebrer\u00eda, mosaiquismo y vitrofusi\u00f3n, objetos en cer\u00e1mica, madera, sublimaci\u00f3n, papel, reciclado de materias primas, velas y elementos de perfumer\u00eda y cosm\u00e9tica natural.<\/p>\n<p><img loading=\"lazy\" decoding=\"async\" class=\"alignnone size-full wp-image-65642\" src=\"https:\/\/vocesparalelas.com.ar\/sitio\/wp-content\/uploads\/2023\/11\/GOBIERNO-SAN-JUAN.jpg\" alt=\"\" width=\"800\" height=\"600\" srcset=\"https:\/\/vocesparalelas.com.ar\/sitio\/wp-content\/uploads\/2023\/11\/GOBIERNO-SAN-JUAN.jpg 800w, https:\/\/vocesparalelas.com.ar\/sitio\/wp-content\/uploads\/2023\/11\/GOBIERNO-SAN-JUAN-300x225.jpg 300w, https:\/\/vocesparalelas.com.ar\/sitio\/wp-content\/uploads\/2023\/11\/GOBIERNO-SAN-JUAN-768x576.jpg 768w\" sizes=\"auto, (max-width: 800px) 100vw, 800px\" \/><\/p>\n","protected":false},"excerpt":{"rendered":"<p>El Registro Provincial de Emprendedores es un listado oficial de aquellos artesanos y emprendedores propuesto desde la Direcci\u00f3n de Econom\u00eda<\/p>\n","protected":false},"author":3,"featured_media":42879,"comment_status":"closed","ping_status":"closed","sticky":false,"template":"","format":"standard","meta":{"_acf_changed":false,"_seopress_robots_primary_cat":"none","_seopress_titles_title":"","_seopress_titles_desc":"","_seopress_robots_index":"","colormag_page_container_layout":"default_layout","colormag_page_sidebar_layout":"default_layout","footnotes":""},"categories":[2],"tags":[],"class_list":["post-93458","post","type-post","status-publish","format-standard","has-post-thumbnail","hentry","category-convocatorias"],"acf":[],"_links":{"self":[{"href":"https:\/\/vocesparalelas.com.ar\/sitio\/wp-json\/wp\/v2\/posts\/93458","targetHints":{"allow":["GET"]}}],"collection":[{"href":"https:\/\/vocesparalelas.com.ar\/sitio\/wp-json\/wp\/v2\/posts"}],"about":[{"href":"https:\/\/vocesparalelas.com.ar\/sitio\/wp-json\/wp\/v2\/types\/post"}],"author":[{"embeddable":true,"href":"https:\/\/vocesparalelas.com.ar\/sitio\/wp-json\/wp\/v2\/users\/3"}],"replies":[{"embeddable":true,"href":"https:\/\/vocesparalelas.com.ar\/sitio\/wp-json\/wp\/v2\/comments?post=93458"}],"version-history":[{"count":1,"href":"https:\/\/vocesparalelas.com.ar\/sitio\/wp-json\/wp\/v2\/posts\/93458\/revisions"}],"predecessor-version":[{"id":93461,"href":"https:\/\/vocesparalelas.com.ar\/sitio\/wp-json\/wp\/v2\/posts\/93458\/revisions\/93461"}],"wp:featuredmedia":[{"embeddable":true,"href":"https:\/\/vocesparalelas.com.ar\/sitio\/wp-json\/wp\/v2\/media\/42879"}],"wp:attachment":[{"href":"https:\/\/vocesparalelas.com.ar\/sitio\/wp-json\/wp\/v2\/media?parent=93458"}],"wp:term":[{"taxonomy":"category","embeddable":true,"href":"https:\/\/vocesparalelas.com.ar\/sitio\/wp-json\/wp\/v2\/categories?post=93458"},{"taxonomy":"post_tag","embeddable":true,"href":"https:\/\/vocesparalelas.com.ar\/sitio\/wp-json\/wp\/v2\/tags?post=93458"}],"curies":[{"name":"wp","href":"https:\/\/api.w.org\/{rel}","templated":true}]}}