{"id":93449,"date":"2025-11-03T20:03:49","date_gmt":"2025-11-03T23:03:49","guid":{"rendered":"https:\/\/vocesparalelas.com.ar\/sitio\/?p=93449"},"modified":"2025-11-04T20:35:13","modified_gmt":"2025-11-04T23:35:13","slug":"los-mentidores-se-suman-a-la-fns-2025-san-juan-mi-tierra-querida","status":"publish","type":"post","link":"https:\/\/vocesparalelas.com.ar\/sitio\/los-mentidores-se-suman-a-la-fns-2025-san-juan-mi-tierra-querida\/","title":{"rendered":"Los Mentidores se suman a la FNS 2025 \u00abSan Juan, mi tierra querida\u00bb"},"content":{"rendered":"<p>La Fiesta Nacional del Sol 2025 \u00abSan Juan, mi tierra querida\u00bb es uno de los eventos m\u00e1s convocantes de San Juan, con cinco escenarios donde todos los g\u00e9neros se dan cita durante tres noches. En este marco, la banda de blues cordobesa Los Mentidores se presentar\u00e1 por primera vez en el escenario del Estadio del Bicentenario, el jueves 21 de noviembre. Las entradas pueden adquirirse en Autoentrada<\/p>\n<p><a href=\"https:\/\/ventas.autoentrada.com\/events\/fiesta-nacional-del-sol-2025\">https:\/\/ventas.autoentrada.com\/events\/fiesta-nacional-del-sol-2025<\/a><\/p>\n<p>Los Mentidores es una banda de amigos, aunque suene como un clich\u00e9 dice Palazzo. Empezaron a tocar los d\u00edas martes, porque era el d\u00eda que todos pod\u00edan, en un bar que se llamaba El Mentidero y as\u00ed surgi\u00f3 tambi\u00e9n el nombre de la banda. Despu\u00e9s de tocar un par de veces decidieron grabar el primer disco. Despu\u00e9s de tres a\u00f1os y con colaboraci\u00f3n de varios artistas sacaron el segundo disco y este a\u00f1o grabaron el tercer disco de estudio que se llama Blend, con el que est\u00e1n recorriendo diferentes escenarios del pa\u00eds.<\/p>\n<p>Los Mentidores es una banda de blues conformada por Franco Ronchetti (cantante de 4 al Hilo), el productor Jos\u00e9 Palazzo y su co-equiper Rulo Acu\u00f1a, Daniel Guardia (ex La Barra y luego l\u00edder de Vanguardia), Claudio Grimau (tambi\u00e9n baterista de Gente Negra), Fernando Orme\u00f1o y la joven promesa Iv\u00e1n Singh.<\/p>\n<p>La banda comenz\u00f3 tocando versiones bluseras de cl\u00e1sicos y algunas composiciones propias que uno de los integrantes elige y luego arreglan en conjunto. En 2016 fueron teloneros de Joe Satriani en la Plaza de la M\u00fasica y toc\u00f3 en La Trastienda de Buenos Aires, en el marco de un festival blusero internacional.<\/p>\n<p><iframe loading=\"lazy\" title=\"Los Mentidores ft Juanse - El envidioso (video oficial)\" width=\"800\" height=\"450\" src=\"https:\/\/www.youtube.com\/embed\/aZlyo0D6l8E?feature=oembed\" frameborder=\"0\" allow=\"accelerometer; autoplay; clipboard-write; encrypted-media; gyroscope; picture-in-picture; web-share\" referrerpolicy=\"strict-origin-when-cross-origin\" allowfullscreen><\/iframe><\/p>\n<p><span style=\"color: #ff6600;\"><strong>Cosqu\u00edn Rock<\/strong><\/span><\/p>\n<p>El Cosqu\u00edn Rock es un festival de m\u00fasica que se lleva a cabo anualmente, desde 2001, en la Provincia de C\u00f3rdoba (Argentina), con una duraci\u00f3n promedio de 2 d\u00edas. Se realiza actualmente en el aer\u00f3dromo de Santa Mar\u00eda de Punilla, peque\u00f1a localidad distante 50 km hacia el noroeste de la ciudad de C\u00f3rdoba, sobre la RN 38, y a escasos 3 km al sur de la ciudad de Cosqu\u00edn d\u00f3nde se realizaba originalmente el festival.<\/p>\n<p>A este festival acuden artistas y grupos de m\u00fasica argentinos, as\u00ed como m\u00fasicos de otros pa\u00edses (especialmente hispanoparlantes) como Uruguay, Espa\u00f1a, Estados Unidos y muchos m\u00e1s.<\/p>\n<p>El festival tambi\u00e9n tiene ediciones internacionales en Estados Unidos, M\u00e9xico, Uruguay, Paraguay, Bolivia, Colombia, Per\u00fa y Espa\u00f1a, con importante participaci\u00f3n de artistas del rock argentino.<\/p>\n<p><iframe loading=\"lazy\" title=\"SAN JUAN FNS 2025\" width=\"800\" height=\"450\" src=\"https:\/\/www.youtube.com\/embed\/hG6JPSqgl-k?feature=oembed\" frameborder=\"0\" allow=\"accelerometer; autoplay; clipboard-write; encrypted-media; gyroscope; picture-in-picture; web-share\" referrerpolicy=\"strict-origin-when-cross-origin\" allowfullscreen><\/iframe><\/p>\n<p>&nbsp;<\/p>\n","protected":false},"excerpt":{"rendered":"<p>La Fiesta Nacional del Sol 2025 \u00abSan Juan, mi tierra querida\u00bb es uno de los eventos m\u00e1s convocantes de San<\/p>\n","protected":false},"author":3,"featured_media":93452,"comment_status":"closed","ping_status":"closed","sticky":false,"template":"","format":"standard","meta":{"_acf_changed":false,"_seopress_robots_primary_cat":"none","_seopress_titles_title":"","_seopress_titles_desc":"","_seopress_robots_index":"","colormag_page_container_layout":"default_layout","colormag_page_sidebar_layout":"default_layout","footnotes":""},"categories":[2,7],"tags":[],"class_list":["post-93449","post","type-post","status-publish","format-standard","has-post-thumbnail","hentry","category-convocatorias","category-videos"],"acf":[],"_links":{"self":[{"href":"https:\/\/vocesparalelas.com.ar\/sitio\/wp-json\/wp\/v2\/posts\/93449","targetHints":{"allow":["GET"]}}],"collection":[{"href":"https:\/\/vocesparalelas.com.ar\/sitio\/wp-json\/wp\/v2\/posts"}],"about":[{"href":"https:\/\/vocesparalelas.com.ar\/sitio\/wp-json\/wp\/v2\/types\/post"}],"author":[{"embeddable":true,"href":"https:\/\/vocesparalelas.com.ar\/sitio\/wp-json\/wp\/v2\/users\/3"}],"replies":[{"embeddable":true,"href":"https:\/\/vocesparalelas.com.ar\/sitio\/wp-json\/wp\/v2\/comments?post=93449"}],"version-history":[{"count":1,"href":"https:\/\/vocesparalelas.com.ar\/sitio\/wp-json\/wp\/v2\/posts\/93449\/revisions"}],"predecessor-version":[{"id":93453,"href":"https:\/\/vocesparalelas.com.ar\/sitio\/wp-json\/wp\/v2\/posts\/93449\/revisions\/93453"}],"wp:featuredmedia":[{"embeddable":true,"href":"https:\/\/vocesparalelas.com.ar\/sitio\/wp-json\/wp\/v2\/media\/93452"}],"wp:attachment":[{"href":"https:\/\/vocesparalelas.com.ar\/sitio\/wp-json\/wp\/v2\/media?parent=93449"}],"wp:term":[{"taxonomy":"category","embeddable":true,"href":"https:\/\/vocesparalelas.com.ar\/sitio\/wp-json\/wp\/v2\/categories?post=93449"},{"taxonomy":"post_tag","embeddable":true,"href":"https:\/\/vocesparalelas.com.ar\/sitio\/wp-json\/wp\/v2\/tags?post=93449"}],"curies":[{"name":"wp","href":"https:\/\/api.w.org\/{rel}","templated":true}]}}