{"id":93422,"date":"2025-11-03T20:18:56","date_gmt":"2025-11-03T23:18:56","guid":{"rendered":"https:\/\/vocesparalelas.com.ar\/sitio\/?p=93422"},"modified":"2025-11-03T20:19:11","modified_gmt":"2025-11-03T23:19:11","slug":"alumnos-y-docentes-del-departamento-albardon-de-san-juan-recibieron-las-netbooks","status":"publish","type":"post","link":"https:\/\/vocesparalelas.com.ar\/sitio\/alumnos-y-docentes-del-departamento-albardon-de-san-juan-recibieron-las-netbooks\/","title":{"rendered":"Alumnos y Docentes del Departamento Albard\u00f3n de San Juan recibieron las netbooks"},"content":{"rendered":"<p>El gobernador de San Juan, Dr. Marcelo Orrego junto a la ministra de Educaci\u00f3n, Lic. Silvia Fuentes presidieron el acto de entrega de 1.200 netbooks a estudiantes de 5\u00b0 y 6\u00b0 grado en el marco del Programa \u201cMaestro de Am\u00e9rica, cultivando el futuro\u201d, que promueve la alfabetizaci\u00f3n digital y la innovaci\u00f3n pedag\u00f3gica en las aulas, en la Escuela Juan Mantovani, Departamento Albard\u00f3n.<\/p>\n<p>&nbsp;<\/p>\n<p><iframe loading=\"lazy\" title=\"Orrego entreg\u00f3 computadoras en Albard\u00f3n\" width=\"800\" height=\"450\" src=\"https:\/\/www.youtube.com\/embed\/dHA961u3frw?feature=oembed\" frameborder=\"0\" allow=\"accelerometer; autoplay; clipboard-write; encrypted-media; gyroscope; picture-in-picture; web-share\" referrerpolicy=\"strict-origin-when-cross-origin\" allowfullscreen><\/iframe><\/p>\n<p>&nbsp;<\/p>\n<p>En rigor fueron 1.202 estudiantes de 12 escuelas del Departamento Albard\u00f3n quienes recibieron sus dnetbooks. Con estas acciones, el Ministerio de Educaci\u00f3n y el Ministerio de Econom\u00eda, Finanzas y Hacienda del Gobierno de San Juan llegaron a casi 18.000 netbooks distribuidas en escuelas de gesti\u00f3n estatal, dentro del objetivo total de 25.000 equipos adquiridos por la provincia.<\/p>\n<p>Esta cantidad se alcanz\u00f3 luego de las entregas en los Departamentos Albard\u00f3n, Santa Luc\u00eda, Ullum, Zonda, Pocito, Valle F\u00e9rtil, Angaco, San Mart\u00edn, Chimbas, Caucete, Capital, Rawson, J\u00e1chal, Iglesia y Calingasta; mientras que en los pr\u00f3ximos d\u00edas seguir\u00e1 en el resto de los departamentos.<\/p>\n<p>En este contexto, el gobernador Dr. Marcelo Orrego se\u00f1al\u00f3 que \u00abel futuro de San Juan est\u00e1 definitivamente ligado a la educaci\u00f3n. En apenas veinte meses de gesti\u00f3n, nos toc\u00f3 administrar la provincia en el peor contexto econ\u00f3mico de la Argentina, con solo el 60 % de los recursos de otras administraciones. Aun as\u00ed, seguimos adelante, cubriendo fondos nacionales que ya no llegan, implementando pol\u00edticas como la digitalizaci\u00f3n Domingo Faustino Sarmiento y el boleto educativo gratuito. Porque creemos en la movilidad social ascendente y en que todo comienza en las aulas, donde se forja el porvenir de nuestros hijos y de la provincia\u00bb.<\/p>\n<p>El programa \u201cMaestro de Am\u00e9rica\u201d ya concret\u00f3 la distribuci\u00f3n de m\u00e1s de 5.000 notebooks a docentes de educaci\u00f3n primaria de establecimientos de gesti\u00f3n estatal y privada de la provincia, con el objetivo de acompa\u00f1ar la labor docente con equipamiento y formaci\u00f3n digital de calidad, favoreciendo el trabajo pedag\u00f3gico en el aula.<\/p>\n<p>De esta manera, el acto en la escuela Mantovani tuvo un momento especial cuando se alcanz\u00f3 la entrega n\u00famero 23.000 (sumando las computadoras destinadas a estudiantes y docentes). Una sirena marc\u00f3 el hito y los presentes celebraron con aplausos el avance del programa, que por primera vez en la historia provincial entrega equipamiento tecnol\u00f3gico de forma simult\u00e1nea tanto a maestros como alumnos.<\/p>\n<p>La actividad cont\u00f3 con la presencia de estudiantes de 5\u00b0 y 6\u00b0 grado<\/p>\n<ul>\n<li>Escuelas Vicente L\u00f3pez y Planes,<\/li>\n<li>Escuelas Villicum,<\/li>\n<li>Escuelas Camilo Rojo,<\/li>\n<li>Escuelas Juan Mantovani,<\/li>\n<li>Escuelas Regimiento de Patricios,<\/li>\n<li>Escuelas Vicecomodoro Gustavo Marambio,<\/li>\n<li>Escuelas Benita D\u00e1vila de los R\u00edos,<\/li>\n<li>Escuelas Provincia de Jujuy,<\/li>\n<li>Escuelas Ej\u00e9rcito de los Andes,<\/li>\n<li>Escuelas Jos\u00e9 Mar\u00eda Paz,<\/li>\n<li>Escuelas Ad\u00e1n Quiroga y<\/li>\n<li>Escuelas Juan Gregorio de Las Heras.<\/li>\n<\/ul>\n<p>En tanto, la Direcci\u00f3n de la Ni\u00f1ez recibi\u00f3 12 netbooks para ser distribuidas entre los ni\u00f1os que est\u00e1n bajo su guarda, en las instituciones que dependen del Gobierno provincial.<\/p>\n<p>Las netbooks fueron adquiridas por el Gobierno de San Juan con el acompa\u00f1amiento t\u00e9cnico de la Oficina de las Naciones Unidas de Servicios para Proyectos (UNOPS), que particip\u00f3 en los procesos de compra y control de calidad. Cada equipo incluye m\u00e1s de 30 aplicaciones educativas para Lengua, Matem\u00e1tica, Ciencias, Arte, Rob\u00f3tica e Inclusi\u00f3n, entre ellas LibreOffice, GeoGebra, Scratch, Stellarium, GIMP, OpenShot y Tux Paint, adem\u00e1s de herramientas accesibles como Eviacam, Arasuite y OpenBoard.<\/p>\n<p>Los dispositivos tambi\u00e9n incorporan entornos para explorar Inteligencia Artificial sin conexi\u00f3n (offline) con modelos como Llama3, Phi y Mistral, ofreciendo a los estudiantes la posibilidad de aprender de manera segura y responsable sobre esta tecnolog\u00eda.<\/p>\n<p><span style=\"color: #ff6600;\"><strong>Entrega de anteojos en el Departamento Albard\u00f3n<\/strong><\/span><\/p>\n<p>Durante la misma jornada, el gobernador de San Juan, Dr. Marcelo Orrego tambi\u00e9n particip\u00f3 de la entrega de anteojos, que llev\u00f3 a cabo el Ministerio de Familia y Desarrollo Humano en el Departamento Albard\u00f3n.<\/p>\n<p>En este marco, entregaron 434 anteojos para 318 beneficiarios. Fue en la Uni\u00f3n vecinal La Ca\u00f1ada.<\/p>\n<p>&nbsp;<\/p>\n<p><img loading=\"lazy\" decoding=\"async\" class=\"alignnone size-full wp-image-65642\" src=\"https:\/\/vocesparalelas.com.ar\/sitio\/wp-content\/uploads\/2023\/11\/GOBIERNO-SAN-JUAN.jpg\" alt=\"\" width=\"800\" height=\"600\" srcset=\"https:\/\/vocesparalelas.com.ar\/sitio\/wp-content\/uploads\/2023\/11\/GOBIERNO-SAN-JUAN.jpg 800w, https:\/\/vocesparalelas.com.ar\/sitio\/wp-content\/uploads\/2023\/11\/GOBIERNO-SAN-JUAN-300x225.jpg 300w, https:\/\/vocesparalelas.com.ar\/sitio\/wp-content\/uploads\/2023\/11\/GOBIERNO-SAN-JUAN-768x576.jpg 768w\" sizes=\"auto, (max-width: 800px) 100vw, 800px\" \/><\/p>\n","protected":false},"excerpt":{"rendered":"<p>El gobernador de San Juan, Dr. Marcelo Orrego junto a la ministra de Educaci\u00f3n, Lic. Silvia Fuentes presidieron el acto<\/p>\n","protected":false},"author":3,"featured_media":93425,"comment_status":"closed","ping_status":"closed","sticky":false,"template":"","format":"standard","meta":{"_acf_changed":false,"_seopress_robots_primary_cat":"none","_seopress_titles_title":"","_seopress_titles_desc":"","_seopress_robots_index":"","colormag_page_container_layout":"default_layout","colormag_page_sidebar_layout":"default_layout","footnotes":""},"categories":[1,7],"tags":[],"class_list":["post-93422","post","type-post","status-publish","format-standard","has-post-thumbnail","hentry","category-destacadas","category-videos"],"acf":[],"_links":{"self":[{"href":"https:\/\/vocesparalelas.com.ar\/sitio\/wp-json\/wp\/v2\/posts\/93422","targetHints":{"allow":["GET"]}}],"collection":[{"href":"https:\/\/vocesparalelas.com.ar\/sitio\/wp-json\/wp\/v2\/posts"}],"about":[{"href":"https:\/\/vocesparalelas.com.ar\/sitio\/wp-json\/wp\/v2\/types\/post"}],"author":[{"embeddable":true,"href":"https:\/\/vocesparalelas.com.ar\/sitio\/wp-json\/wp\/v2\/users\/3"}],"replies":[{"embeddable":true,"href":"https:\/\/vocesparalelas.com.ar\/sitio\/wp-json\/wp\/v2\/comments?post=93422"}],"version-history":[{"count":2,"href":"https:\/\/vocesparalelas.com.ar\/sitio\/wp-json\/wp\/v2\/posts\/93422\/revisions"}],"predecessor-version":[{"id":93427,"href":"https:\/\/vocesparalelas.com.ar\/sitio\/wp-json\/wp\/v2\/posts\/93422\/revisions\/93427"}],"wp:featuredmedia":[{"embeddable":true,"href":"https:\/\/vocesparalelas.com.ar\/sitio\/wp-json\/wp\/v2\/media\/93425"}],"wp:attachment":[{"href":"https:\/\/vocesparalelas.com.ar\/sitio\/wp-json\/wp\/v2\/media?parent=93422"}],"wp:term":[{"taxonomy":"category","embeddable":true,"href":"https:\/\/vocesparalelas.com.ar\/sitio\/wp-json\/wp\/v2\/categories?post=93422"},{"taxonomy":"post_tag","embeddable":true,"href":"https:\/\/vocesparalelas.com.ar\/sitio\/wp-json\/wp\/v2\/tags?post=93422"}],"curies":[{"name":"wp","href":"https:\/\/api.w.org\/{rel}","templated":true}]}}