{"id":93418,"date":"2025-11-03T19:03:17","date_gmt":"2025-11-03T22:03:17","guid":{"rendered":"https:\/\/vocesparalelas.com.ar\/sitio\/?p=93418"},"modified":"2025-11-04T20:34:11","modified_gmt":"2025-11-04T23:34:11","slug":"jornada-de-sensibilizacion-y-concientizacion-aulas-diversas-altas-capacidades-en-san-juan","status":"publish","type":"post","link":"https:\/\/vocesparalelas.com.ar\/sitio\/jornada-de-sensibilizacion-y-concientizacion-aulas-diversas-altas-capacidades-en-san-juan\/","title":{"rendered":"Jornada de Sensibilizaci\u00f3n y Concientizaci\u00f3n \u201cAulas Diversas &#8211; Altas Capacidades\u201d en San Juan"},"content":{"rendered":"<p>El Ministerio de Educaci\u00f3n del Gobierno de San Juan, a trav\u00e9s de la Direcci\u00f3n de Educaci\u00f3n Inicial y la Direcci\u00f3n de Gabinetes T\u00e9cnicos Interdisciplinarios, realiza la Jornada de Sensibilizaci\u00f3n y Concientizaci\u00f3n \u201cAulas Diversas &#8211; Altas Capacidades\u201d, que se desarrolla el 5 de Noviembre en el Centro de Convenciones.<\/p>\n<p>La propuesta est\u00e1 destinada a supervisores, directivos y docentes de Nivel Inicial, as\u00ed como tambi\u00e9n a profesores y estudiantes de Institutos de Formaci\u00f3n Docente, tanto de gesti\u00f3n estatal como privada, y a profesionales de gabinetes interdisciplinarios.<\/p>\n<p>La jornada busca promover una mirada inclusiva sobre la diversidad en las aulas, reconociendo los distintos ritmos, estilos y potencialidades de aprendizaje de cada estudiante. En este marco, se abordar\u00e1 de manera especial el tema de las altas capacidades intelectuales, una condici\u00f3n que requiere enfoques pedag\u00f3gicos adaptados y estrategias que estimulen su desarrollo integral.<\/p>\n<p><strong><span style=\"color: #ff6600;\">Temario<\/span><\/strong><\/p>\n<ul>\n<li>El valor de la diversidad: igualdad, equidad e inclusi\u00f3n educativa<\/li>\n<li>Estrategias en el aula diversa: pr\u00e1cticas cerebro-compatibles y redes de apoyo.<\/li>\n<li>Altas capacidades: definici\u00f3n, caracter\u00edsticas y perfiles.<\/li>\n<li>Identificaci\u00f3n temprana y acompa\u00f1amiento pedag\u00f3gico.<\/li>\n<li>Intervenciones educativas y motivaci\u00f3n en el aprendizaje.<\/li>\n<\/ul>\n<p>Esta instancia formativa busca fortalecer las herramientas de los educadores para construir espacios m\u00e1s inclusivos, equitativos y desafiantes, donde todos los estudiantes puedan desplegar su m\u00e1ximo potencial.<\/p>\n<p><span style=\"color: #ff6600;\"><strong>Turnos<\/strong><\/span><\/p>\n<ul>\n<li>Turno de 8:00 a 13:00 horas<\/li>\n<li>Turno de 13:00 a 18:00 horas.<\/li>\n<\/ul>\n<p><strong><span style=\"color: #ff6600;\">Los interesados deben inscribirse<\/span><\/strong><\/p>\n<p><a href=\"https:\/\/docs.google.com\/forms\/d\/e\/1FAIpQLSfdQkXzZttiPUV3gxSyJaUg5rwjUaqvRuhz9yqdHoq0bNPO5g\/viewform\">https:\/\/docs.google.com\/forms\/d\/e\/1FAIpQLSfdQkXzZttiPUV3gxSyJaUg5rwjUaqvRuhz9yqdHoq0bNPO5g\/viewform<\/a><\/p>\n<p>&nbsp;<\/p>\n<p><img loading=\"lazy\" decoding=\"async\" class=\"alignnone size-full wp-image-28629\" src=\"https:\/\/vocesparalelas.com.ar\/sitio\/wp-content\/uploads\/2020\/05\/MINISTERIO-EDUCACION-SJ.jpg\" alt=\"\" width=\"800\" height=\"533\" srcset=\"https:\/\/vocesparalelas.com.ar\/sitio\/wp-content\/uploads\/2020\/05\/MINISTERIO-EDUCACION-SJ.jpg 800w, https:\/\/vocesparalelas.com.ar\/sitio\/wp-content\/uploads\/2020\/05\/MINISTERIO-EDUCACION-SJ-300x200.jpg 300w, https:\/\/vocesparalelas.com.ar\/sitio\/wp-content\/uploads\/2020\/05\/MINISTERIO-EDUCACION-SJ-768x512.jpg 768w\" sizes=\"auto, (max-width: 800px) 100vw, 800px\" \/><\/p>\n","protected":false},"excerpt":{"rendered":"<p>El Ministerio de Educaci\u00f3n del Gobierno de San Juan, a trav\u00e9s de la Direcci\u00f3n de Educaci\u00f3n Inicial y la Direcci\u00f3n<\/p>\n","protected":false},"author":3,"featured_media":34706,"comment_status":"closed","ping_status":"closed","sticky":false,"template":"","format":"standard","meta":{"_acf_changed":false,"_seopress_robots_primary_cat":"none","_seopress_titles_title":"","_seopress_titles_desc":"","_seopress_robots_index":"","colormag_page_container_layout":"default_layout","colormag_page_sidebar_layout":"default_layout","footnotes":""},"categories":[9],"tags":[],"class_list":["post-93418","post","type-post","status-publish","format-standard","has-post-thumbnail","hentry","category-cursos"],"acf":[],"_links":{"self":[{"href":"https:\/\/vocesparalelas.com.ar\/sitio\/wp-json\/wp\/v2\/posts\/93418","targetHints":{"allow":["GET"]}}],"collection":[{"href":"https:\/\/vocesparalelas.com.ar\/sitio\/wp-json\/wp\/v2\/posts"}],"about":[{"href":"https:\/\/vocesparalelas.com.ar\/sitio\/wp-json\/wp\/v2\/types\/post"}],"author":[{"embeddable":true,"href":"https:\/\/vocesparalelas.com.ar\/sitio\/wp-json\/wp\/v2\/users\/3"}],"replies":[{"embeddable":true,"href":"https:\/\/vocesparalelas.com.ar\/sitio\/wp-json\/wp\/v2\/comments?post=93418"}],"version-history":[{"count":1,"href":"https:\/\/vocesparalelas.com.ar\/sitio\/wp-json\/wp\/v2\/posts\/93418\/revisions"}],"predecessor-version":[{"id":93421,"href":"https:\/\/vocesparalelas.com.ar\/sitio\/wp-json\/wp\/v2\/posts\/93418\/revisions\/93421"}],"wp:featuredmedia":[{"embeddable":true,"href":"https:\/\/vocesparalelas.com.ar\/sitio\/wp-json\/wp\/v2\/media\/34706"}],"wp:attachment":[{"href":"https:\/\/vocesparalelas.com.ar\/sitio\/wp-json\/wp\/v2\/media?parent=93418"}],"wp:term":[{"taxonomy":"category","embeddable":true,"href":"https:\/\/vocesparalelas.com.ar\/sitio\/wp-json\/wp\/v2\/categories?post=93418"},{"taxonomy":"post_tag","embeddable":true,"href":"https:\/\/vocesparalelas.com.ar\/sitio\/wp-json\/wp\/v2\/tags?post=93418"}],"curies":[{"name":"wp","href":"https:\/\/api.w.org\/{rel}","templated":true}]}}