{"id":93411,"date":"2025-11-02T20:12:18","date_gmt":"2025-11-02T23:12:18","guid":{"rendered":"https:\/\/vocesparalelas.com.ar\/sitio\/?p=93411"},"modified":"2025-11-04T00:36:53","modified_gmt":"2025-11-04T03:36:53","slug":"unite-a-la-5a-edicion-de-la-cuyania-en-san-juan","status":"publish","type":"post","link":"https:\/\/vocesparalelas.com.ar\/sitio\/unite-a-la-5a-edicion-de-la-cuyania-en-san-juan\/","title":{"rendered":"Unite a la 5\u00aa edici\u00f3n de \u201cLa Cuyan\u00eda\u201d en San Juan"},"content":{"rendered":"<p>El Viernes, 7 y el S\u00e1bado, 8 de Noviembre, a las 20 s.; Feria y a las 22 hs.; en los Jardines del Auditorio Ing. Juan Victoria, se desarrolla la 5\u00aa edici\u00f3n de \u201cLa Cuyan\u00eda\u201d en San Juan con presentaciones de destacados artistas locales, feria de emprendedores, artesanos y propuestas gastron\u00f3micas.<\/p>\n<p>Un evento cultural que pone en valor la m\u00fasica y las tradiciones de la regi\u00f3n cuyana y que ya se consolid\u00f3 como uno de los encuentros culturales m\u00e1s esperados del a\u00f1o, invita a disfrutar de dos jornadas colmadas de arte, danza y sabores regionales en un entorno al aire libre y familiar.<\/p>\n<p><span style=\"color: #ff6600;\"><strong>Entradas<\/strong><\/span><\/p>\n<p>Generales a $3000 y pueden adquirirse en el lugar del evento.<\/p>\n<p><span style=\"color: #ff6600;\"><strong>Caracter\u00edsticas<\/strong><\/span><\/p>\n<p>El festival se presenta como un espacio de crecimiento intelectual, econ\u00f3mico y afectivo, impulsando el desarrollo profesional de los artistas y el fortalecimiento de la memoria cultural de la regi\u00f3n. La propuesta forma parte del Proyecto Colectivo de Difusi\u00f3n de la Identidad Musical de San Juan \u201cLa Cuyan\u00eda\u201d.<\/p>\n<p>Durante ambas noches, los asistentes pueden recorrer la feria de emprendedores y artesanos \u201cEl Pase\u00edto\u201d, con m\u00e1s de 100 expositores, y disfrutar de un sector gastron\u00f3mico con comidas t\u00edpicas.<\/p>\n<p>\u201cEl escenario de la Pe\u00f1a\u201d, re\u00fane a reconocidos m\u00fasicos<\/p>\n<ul>\n<li>Grupo Confluencia,<\/li>\n<li>Daniel Giovenco,<\/li>\n<li>Carlota de Belaustegui,<\/li>\n<li>Gustavo Troncozo,<\/li>\n<li>Los Barros,<\/li>\n<li>Abelino Cantos,<\/li>\n<li>Tres para Cuyo,<\/li>\n<li>D\u00fao D\u00edaz Heredia,<\/li>\n<li>Los Videla,<\/li>\n<li>El Nuevo Encuentro,<\/li>\n<li>Ernesto Villavicencio,<\/li>\n<li>Noelia Cantos,<\/li>\n<li>Los Gajos de Pinono,<\/li>\n<li>Nano Rodr\u00edguez,<\/li>\n<li>Los Lucero de J\u00e1chal,<\/li>\n<li>Diablito Mart\u00ednez,<\/li>\n<li>Ra\u00fal Rizo y<\/li>\n<li>Los Labriegos.<\/li>\n<\/ul>\n<p>La danza est\u00e1 representada por Carlos Illanes y Cecilia Soler, mientras que la conducci\u00f3n de las dos noches est\u00e1 a cargo de Laura Poblete y Jorge Maestre.<\/p>\n<p>Con una organizaci\u00f3n s\u00f3lida y un compromiso sostenido en el tiempo, La Cuyan\u00eda contin\u00faa construyendo su legado como un festival que une tradici\u00f3n, arte y comunidad, reafirmando que la m\u00fasica cuyana sigue siendo un pilar de la identidad de Cuyo.<\/p>\n<figure id=\"attachment_61468\" aria-describedby=\"caption-attachment-61468\" style=\"width: 800px\" class=\"wp-caption alignnone\"><img loading=\"lazy\" decoding=\"async\" class=\"size-full wp-image-61468\" src=\"https:\/\/vocesparalelas.com.ar\/sitio\/wp-content\/uploads\/2023\/07\/AUDITORIO-EDIFICIO.jpg\" alt=\"\" width=\"800\" height=\"533\" srcset=\"https:\/\/vocesparalelas.com.ar\/sitio\/wp-content\/uploads\/2023\/07\/AUDITORIO-EDIFICIO.jpg 800w, https:\/\/vocesparalelas.com.ar\/sitio\/wp-content\/uploads\/2023\/07\/AUDITORIO-EDIFICIO-300x200.jpg 300w, https:\/\/vocesparalelas.com.ar\/sitio\/wp-content\/uploads\/2023\/07\/AUDITORIO-EDIFICIO-768x512.jpg 768w\" sizes=\"auto, (max-width: 800px) 100vw, 800px\" \/><figcaption id=\"caption-attachment-61468\" class=\"wp-caption-text\">Auditorio Ing. Juan Victoria, Departamento Capital, Provincia San Juan, Rep\u00fablica Argentita<\/figcaption><\/figure>\n","protected":false},"excerpt":{"rendered":"<p>El Viernes, 7 y el S\u00e1bado, 8 de Noviembre, a las 20 s.; Feria y a las 22 hs.; en<\/p>\n","protected":false},"author":3,"featured_media":93414,"comment_status":"closed","ping_status":"closed","sticky":false,"template":"","format":"standard","meta":{"_acf_changed":false,"_seopress_robots_primary_cat":"none","_seopress_titles_title":"","_seopress_titles_desc":"","_seopress_robots_index":"","colormag_page_container_layout":"default_layout","colormag_page_sidebar_layout":"default_layout","footnotes":""},"categories":[20],"tags":[],"class_list":["post-93411","post","type-post","status-publish","format-standard","has-post-thumbnail","hentry","category-cartelera"],"acf":[],"_links":{"self":[{"href":"https:\/\/vocesparalelas.com.ar\/sitio\/wp-json\/wp\/v2\/posts\/93411","targetHints":{"allow":["GET"]}}],"collection":[{"href":"https:\/\/vocesparalelas.com.ar\/sitio\/wp-json\/wp\/v2\/posts"}],"about":[{"href":"https:\/\/vocesparalelas.com.ar\/sitio\/wp-json\/wp\/v2\/types\/post"}],"author":[{"embeddable":true,"href":"https:\/\/vocesparalelas.com.ar\/sitio\/wp-json\/wp\/v2\/users\/3"}],"replies":[{"embeddable":true,"href":"https:\/\/vocesparalelas.com.ar\/sitio\/wp-json\/wp\/v2\/comments?post=93411"}],"version-history":[{"count":1,"href":"https:\/\/vocesparalelas.com.ar\/sitio\/wp-json\/wp\/v2\/posts\/93411\/revisions"}],"predecessor-version":[{"id":93415,"href":"https:\/\/vocesparalelas.com.ar\/sitio\/wp-json\/wp\/v2\/posts\/93411\/revisions\/93415"}],"wp:featuredmedia":[{"embeddable":true,"href":"https:\/\/vocesparalelas.com.ar\/sitio\/wp-json\/wp\/v2\/media\/93414"}],"wp:attachment":[{"href":"https:\/\/vocesparalelas.com.ar\/sitio\/wp-json\/wp\/v2\/media?parent=93411"}],"wp:term":[{"taxonomy":"category","embeddable":true,"href":"https:\/\/vocesparalelas.com.ar\/sitio\/wp-json\/wp\/v2\/categories?post=93411"},{"taxonomy":"post_tag","embeddable":true,"href":"https:\/\/vocesparalelas.com.ar\/sitio\/wp-json\/wp\/v2\/tags?post=93411"}],"curies":[{"name":"wp","href":"https:\/\/api.w.org\/{rel}","templated":true}]}}