{"id":93407,"date":"2025-11-02T11:04:55","date_gmt":"2025-11-02T14:04:55","guid":{"rendered":"https:\/\/vocesparalelas.com.ar\/sitio\/?p=93407"},"modified":"2025-11-03T22:00:57","modified_gmt":"2025-11-04T01:00:57","slug":"dia-de-todos-los-santos-y-dia-de-los-fieles-difuntos","status":"publish","type":"post","link":"https:\/\/vocesparalelas.com.ar\/sitio\/dia-de-todos-los-santos-y-dia-de-los-fieles-difuntos\/","title":{"rendered":"D\u00eda de Todos los Santos y D\u00eda de los Fieles Difuntos"},"content":{"rendered":"<p>Por el Arzobispo de San Juan de Cuyo, Monse\u00f1or Jorge Lozano<\/p>\n<p>Hace un par de a\u00f1os un ni\u00f1o me pregunt\u00f3 en un colegio: \u201cpadre, \u00bfes cierto que los muertos est\u00e1n vivos?\u201d. A su manera, expresaba su fe en la resurrecci\u00f3n.<\/p>\n<p>Cada a\u00f1o, los d\u00edas 1 y 2 de noviembre resuenan con un sentido especial en la tradici\u00f3n cat\u00f3lica. El D\u00eda de Todos los Santos y el D\u00eda de los Fieles Difuntos nos invitan a mirar la vida y la muerte desde la perspectiva de la fe y la esperanza. Lejos de ser simples ocasiones para recordar el pasado, estas celebraciones abren nuestras puertas a una experiencia profunda: la santidad cotidiana y la comuni\u00f3n entre todos los fieles, vivos y difuntos. Nos convocan, juntos, a reconocer el misterio de la vida en Cristo y a abrazar la esperanza que brota de la Pascua.<\/p>\n<p>La santidad no es un privilegio reservado para unos pocos elegidos, sino una vocaci\u00f3n que alcanza a todos. El Papa Francisco nos recuerda que \u201ctodos estamos llamados a ser santos viviendo con amor y ofreciendo nuestro propio testimonio en las ocupaciones de cada d\u00eda\u201d (GE 14). Esta invitaci\u00f3n no excluye a nadie: la santidad se despliega en lo cotidiano, en la familia, el trabajo y la comunidad. Dios nos llama a la plenitud de vida, a reflejar su amor en gestos sencillos pero profundos que transforman el mundo desde adentro.<\/p>\n<p>Francisco habla con ternura y claridad de \u201clos santos de la puerta de al lado\u201d: personas comunes y corrientes que, sin grandes gestos ni fama, viven el Evangelio con fidelidad y alegr\u00eda. Son esas madres, abuelos, vecinos y amigos que inspiran con su bondad, paciencia y generosidad. Su santidad no aparece en los altares, pero s\u00ed en la vida diaria, en la entrega silenciosa y el servicio a los m\u00e1s necesitados. Ellos nos ense\u00f1an que la santidad es posible aqu\u00ed y ahora, en lo peque\u00f1o y lo simple. Te invito a volver a leer la Exhortaci\u00f3n Apost\u00f3lica del Papa Francisco Gaudete et Exsultate, sobre el llamado a la santidad en el mundo actual.<\/p>\n<p>El D\u00eda de Todos los Santos celebra a todos aquellos que han alcanzado la plenitud de vida en Dios, conocidos y desconocidos, canonizados y an\u00f3nimos. Es una fiesta de alegr\u00eda y esperanza, en la que la Iglesia se alegra por quienes han respondido al llamado a ser disc\u00edpulos misioneros de Jes\u00fas. Hist\u00f3ricamente, esta solemnidad surgi\u00f3 para honrar a los m\u00e1rtires y a todos los que, a lo largo de los siglos, han dado testimonio de fe y amor.<\/p>\n<p>El 2 de noviembre, la Iglesia dedica una jornada especial a la memoria de los fieles difuntos, aquellos que vivieron su fe en medio de debilidades y limitaciones. Esta celebraci\u00f3n es continuidad del D\u00eda de Todos los Santos: si el 1 de noviembre miramos a quienes ya gozan de la plenitud, el 2 recordamos y acompa\u00f1amos en oraci\u00f3n a quienes est\u00e1n en camino. La comuni\u00f3n de los santos abarca a todos, y nuestra oraci\u00f3n por los difuntos expresa el amor que supera la barrera de la muerte, afianzando la esperanza en la resurrecci\u00f3n y en la vida eterna.<\/p>\n<p>San Pablo, en sus cartas, nos invita a ver la muerte desde la luz de la Pascua: \u201cSi hemos muerto con Cristo, creemos que tambi\u00e9n viviremos con \u00c9l\u201d (Romanos 6,8). Para el cristiano, la muerte no es el final, sino el paso hacia la plenitud de la vida. La resurrecci\u00f3n de Jes\u00fas es la fuente de nuestra esperanza; en \u00c9l, la muerte ha sido vencida y la vida tiene sentido m\u00e1s all\u00e1 de lo visible. Celebrar a los santos y rezar por los difuntos es afirmar que la vida en Cristo transforma toda realidad y que la \u00faltima palabra la tiene el amor de Dios, que nos une y nos espera.<\/p>\n<p>En estos d\u00edas, la oraci\u00f3n adquiere una dimensi\u00f3n especial. Al rezar por los difuntos, renovamos la comuni\u00f3n que nos une como familia de Dios, m\u00e1s all\u00e1 del tiempo y el espacio. Nuestra fe nos ense\u00f1a que la Iglesia es una sola, formada por los que peregrinan en la tierra, los que se purifican y los que ya gozan de la presencia de Dios. Orar juntos nos sostiene y nos alienta, alimentando esa esperanza compartida de encontrarnos un d\u00eda en la alegr\u00eda eterna. Es un gesto de amor que fortalece la unidad y la confianza en la promesa de Cristo. Aprovechemos este A\u00f1o Santo para reconocernos como \u201cPeregrinos de la esperanza\u201d.<\/p>\n<p>La memoria de los difuntos nos invita a confiar en la misericordia de Dios y a celebrar la vida en comuni\u00f3n, con la certeza de que la Pascua ilumina el misterio de la muerte. Que estas celebraciones nos animen a vivir con alegr\u00eda, amor y esperanza, construyendo juntos una comunidad donde todos podemos ser reflejo de la presencia de Dios.<\/p>\n<p>&nbsp;<\/p>\n<p><iframe loading=\"lazy\" title=\"SAN JUAN MONSE\u00d1OR JORGE LOZANO \" width=\"800\" height=\"450\" src=\"https:\/\/www.youtube.com\/embed\/zfR5Ow0RO24?feature=oembed\" frameborder=\"0\" allow=\"accelerometer; autoplay; clipboard-write; encrypted-media; gyroscope; picture-in-picture; web-share\" referrerpolicy=\"strict-origin-when-cross-origin\" allowfullscreen><\/iframe><\/p>\n<p>&nbsp;<\/p>\n<p>&nbsp;<\/p>\n<p><img loading=\"lazy\" decoding=\"async\" class=\"alignnone size-full wp-image-61416\" src=\"https:\/\/vocesparalelas.com.ar\/sitio\/wp-content\/uploads\/2023\/07\/ARZOBISPADO-EDIFICIO.jpg\" alt=\"\" width=\"800\" height=\"600\" srcset=\"https:\/\/vocesparalelas.com.ar\/sitio\/wp-content\/uploads\/2023\/07\/ARZOBISPADO-EDIFICIO.jpg 800w, https:\/\/vocesparalelas.com.ar\/sitio\/wp-content\/uploads\/2023\/07\/ARZOBISPADO-EDIFICIO-300x225.jpg 300w, https:\/\/vocesparalelas.com.ar\/sitio\/wp-content\/uploads\/2023\/07\/ARZOBISPADO-EDIFICIO-768x576.jpg 768w\" sizes=\"auto, (max-width: 800px) 100vw, 800px\" \/><\/p>\n","protected":false},"excerpt":{"rendered":"<p>Por el Arzobispo de San Juan de Cuyo, Monse\u00f1or Jorge Lozano Hace un par de a\u00f1os un ni\u00f1o me pregunt\u00f3<\/p>\n","protected":false},"author":3,"featured_media":81112,"comment_status":"closed","ping_status":"closed","sticky":false,"template":"","format":"standard","meta":{"_acf_changed":false,"_seopress_robots_primary_cat":"none","_seopress_titles_title":"","_seopress_titles_desc":"","_seopress_robots_index":"","colormag_page_container_layout":"default_layout","colormag_page_sidebar_layout":"default_layout","footnotes":""},"categories":[10,7],"tags":[],"class_list":["post-93407","post","type-post","status-publish","format-standard","has-post-thumbnail","hentry","category-opiniones","category-videos"],"acf":[],"_links":{"self":[{"href":"https:\/\/vocesparalelas.com.ar\/sitio\/wp-json\/wp\/v2\/posts\/93407","targetHints":{"allow":["GET"]}}],"collection":[{"href":"https:\/\/vocesparalelas.com.ar\/sitio\/wp-json\/wp\/v2\/posts"}],"about":[{"href":"https:\/\/vocesparalelas.com.ar\/sitio\/wp-json\/wp\/v2\/types\/post"}],"author":[{"embeddable":true,"href":"https:\/\/vocesparalelas.com.ar\/sitio\/wp-json\/wp\/v2\/users\/3"}],"replies":[{"embeddable":true,"href":"https:\/\/vocesparalelas.com.ar\/sitio\/wp-json\/wp\/v2\/comments?post=93407"}],"version-history":[{"count":1,"href":"https:\/\/vocesparalelas.com.ar\/sitio\/wp-json\/wp\/v2\/posts\/93407\/revisions"}],"predecessor-version":[{"id":93410,"href":"https:\/\/vocesparalelas.com.ar\/sitio\/wp-json\/wp\/v2\/posts\/93407\/revisions\/93410"}],"wp:featuredmedia":[{"embeddable":true,"href":"https:\/\/vocesparalelas.com.ar\/sitio\/wp-json\/wp\/v2\/media\/81112"}],"wp:attachment":[{"href":"https:\/\/vocesparalelas.com.ar\/sitio\/wp-json\/wp\/v2\/media?parent=93407"}],"wp:term":[{"taxonomy":"category","embeddable":true,"href":"https:\/\/vocesparalelas.com.ar\/sitio\/wp-json\/wp\/v2\/categories?post=93407"},{"taxonomy":"post_tag","embeddable":true,"href":"https:\/\/vocesparalelas.com.ar\/sitio\/wp-json\/wp\/v2\/tags?post=93407"}],"curies":[{"name":"wp","href":"https:\/\/api.w.org\/{rel}","templated":true}]}}