{"id":93398,"date":"2025-11-01T20:45:01","date_gmt":"2025-11-01T23:45:01","guid":{"rendered":"https:\/\/vocesparalelas.com.ar\/sitio\/?p=93398"},"modified":"2025-11-05T21:19:52","modified_gmt":"2025-11-06T00:19:52","slug":"programa-noviembre-2025-de-escuchame-una-cosita-en-san-juan","status":"publish","type":"post","link":"https:\/\/vocesparalelas.com.ar\/sitio\/programa-noviembre-2025-de-escuchame-una-cosita-en-san-juan\/","title":{"rendered":"Programa \u00abNoviembre 2025\u00bb de \u201cEscuchame una cosita\u201d en San Juan"},"content":{"rendered":"<p>Con una programaci\u00f3n especial \u00abNoviembre 2025\u00bb y un gran concierto aniversario, el ciclo \u201cEscuchame una cosita\u201d celebra sus primeros 5 a\u00f1os de vida, consolidado como un pilar fundamental de la escena musical independiente de San Juan. los Domingos, a las 20 hs.. en Donata Bar, Av. Libertador 3311 &#8211; O &#8211; Departamento Rivadavia. La entrada es Libre y gratuita.<\/p>\n<p>A lo largo de este recorrido, el ciclo ha sido un semillero invaluable para la m\u00fasica en vivo, habiendo realizado m\u00e1s de 250 conciertos por los que han desfilado m\u00e1s de 200 solistas . Este impresionante n\u00famero refleja un proyecto con una mirada federal, que promueve tanto talentos de todos los rincones de la provincia como de diversas regiones del pa\u00eds, enriqueciendo el di\u00e1logo cultural.<\/p>\n<p>\u201cEscuchame una cosita\u201d se caracteriza por ser un espacio plural e inclusivo, donde convergen artistas emergentes y m\u00fasicos con trayectoria, bajo una curadur\u00eda que valora la diversidad de voces, g\u00e9neros e identidades. Es un ciclo que abraza a las diversidades y fomenta una comunidad unida por la m\u00fasica.<\/p>\n<p><span style=\"color: #ff6600;\"><strong>Programaci\u00f3n Aniversario \u2014 Noviembre 2025<\/strong><\/span><\/p>\n<ul>\n<li>Domingo, 02 de Noviembre, Luz Aguirre &amp; Mat\u00edas S\u00e1nchez<\/li>\n<li>Domingo, 09 de Noviembre, Luli Rodr\u00edguez &amp; Lucas Atencio<\/li>\n<li>Domingo, 16 de Noviembre, AnitaPau &amp; Zyxela<\/li>\n<li>Domingo, 23 de Noviembre, Tokio &amp; Waco<\/li>\n<li>Domingo, 30 de Noviembre, Gran Festejo Aniversario: 5 a\u00f1os del EUC<\/li>\n<\/ul>\n<p><strong><span style=\"color: #ff6600;\">Ficha T\u00e9cnic<\/span><\/strong><\/p>\n<p>Bajo la curadur\u00eda y producci\u00f3n de Fabricio Montilla, el ciclo ha logrado crear un ambiente \u00fanico, \u00edntimo y c\u00e1lido, donde las canciones se comparten como un abrazo colectivo y el p\u00fablico puede conectarse con la esencia de cada propuesta.<\/p>\n<p>En su quinto aniversario, \u201cEscuchame una cosita\u201d no solo celebra un hito num\u00e9rico, sino el vibrante ecosistema cultural que ha ayudado a construir: un espacio de descubrimiento, intercambio creativo y crecimiento art\u00edstico, que reafirma semana a semana su compromiso con la m\u00fasica en vivo y su poder para unirnos.<\/p>\n<p><img loading=\"lazy\" decoding=\"async\" class=\"alignnone size-full wp-image-59803\" src=\"https:\/\/vocesparalelas.com.ar\/sitio\/wp-content\/uploads\/2023\/06\/DONATA-01.jpg\" alt=\"\" width=\"800\" height=\"757\" srcset=\"https:\/\/vocesparalelas.com.ar\/sitio\/wp-content\/uploads\/2023\/06\/DONATA-01.jpg 800w, https:\/\/vocesparalelas.com.ar\/sitio\/wp-content\/uploads\/2023\/06\/DONATA-01-300x284.jpg 300w, https:\/\/vocesparalelas.com.ar\/sitio\/wp-content\/uploads\/2023\/06\/DONATA-01-768x727.jpg 768w\" sizes=\"auto, (max-width: 800px) 100vw, 800px\" \/><\/p>\n","protected":false},"excerpt":{"rendered":"<p>Con una programaci\u00f3n especial \u00abNoviembre 2025\u00bb y un gran concierto aniversario, el ciclo \u201cEscuchame una cosita\u201d celebra sus primeros 5<\/p>\n","protected":false},"author":3,"featured_media":93401,"comment_status":"closed","ping_status":"closed","sticky":false,"template":"","format":"standard","meta":{"_acf_changed":false,"_seopress_robots_primary_cat":"none","_seopress_titles_title":"","_seopress_titles_desc":"","_seopress_robots_index":"","colormag_page_container_layout":"default_layout","colormag_page_sidebar_layout":"default_layout","footnotes":""},"categories":[20],"tags":[],"class_list":["post-93398","post","type-post","status-publish","format-standard","has-post-thumbnail","hentry","category-cartelera"],"acf":[],"_links":{"self":[{"href":"https:\/\/vocesparalelas.com.ar\/sitio\/wp-json\/wp\/v2\/posts\/93398","targetHints":{"allow":["GET"]}}],"collection":[{"href":"https:\/\/vocesparalelas.com.ar\/sitio\/wp-json\/wp\/v2\/posts"}],"about":[{"href":"https:\/\/vocesparalelas.com.ar\/sitio\/wp-json\/wp\/v2\/types\/post"}],"author":[{"embeddable":true,"href":"https:\/\/vocesparalelas.com.ar\/sitio\/wp-json\/wp\/v2\/users\/3"}],"replies":[{"embeddable":true,"href":"https:\/\/vocesparalelas.com.ar\/sitio\/wp-json\/wp\/v2\/comments?post=93398"}],"version-history":[{"count":1,"href":"https:\/\/vocesparalelas.com.ar\/sitio\/wp-json\/wp\/v2\/posts\/93398\/revisions"}],"predecessor-version":[{"id":93402,"href":"https:\/\/vocesparalelas.com.ar\/sitio\/wp-json\/wp\/v2\/posts\/93398\/revisions\/93402"}],"wp:featuredmedia":[{"embeddable":true,"href":"https:\/\/vocesparalelas.com.ar\/sitio\/wp-json\/wp\/v2\/media\/93401"}],"wp:attachment":[{"href":"https:\/\/vocesparalelas.com.ar\/sitio\/wp-json\/wp\/v2\/media?parent=93398"}],"wp:term":[{"taxonomy":"category","embeddable":true,"href":"https:\/\/vocesparalelas.com.ar\/sitio\/wp-json\/wp\/v2\/categories?post=93398"},{"taxonomy":"post_tag","embeddable":true,"href":"https:\/\/vocesparalelas.com.ar\/sitio\/wp-json\/wp\/v2\/tags?post=93398"}],"curies":[{"name":"wp","href":"https:\/\/api.w.org\/{rel}","templated":true}]}}