{"id":93386,"date":"2025-11-01T19:13:16","date_gmt":"2025-11-01T22:13:16","guid":{"rendered":"https:\/\/vocesparalelas.com.ar\/sitio\/?p=93386"},"modified":"2025-11-04T00:24:22","modified_gmt":"2025-11-04T03:24:22","slug":"comite-evaluador-de-la-emprendedora-del-sol-2025-de-la-fns-en-san-juan","status":"publish","type":"post","link":"https:\/\/vocesparalelas.com.ar\/sitio\/comite-evaluador-de-la-emprendedora-del-sol-2025-de-la-fns-en-san-juan\/","title":{"rendered":"Comit\u00e9 Evaluador de la Emprendedora del Sol 2025 de la FNS\u00a0en San Juan"},"content":{"rendered":"<p>La Fiesta Nacional del Sol 2025\u00a0\u201cSan Juan, mi tierra querida\u201d\u00a0 inicia a palpitarse. Se defini\u00f3 el Comit\u00e9 Evaluador de la Emprendedora del Sol y, adem\u00e1s, se confirm\u00f3 la fecha en que se develar\u00e1 a la ganadora.<\/p>\n<p>Como antesala al inicio de la Fiesta Nacional del Sol 2025, qued\u00f3 definido el Comit\u00e9 Evaluador de la Emprendedora del Sol y la fecha en que se anunciar\u00e1 la ganadora. Asimismo, se establecieron los factores que ser\u00e1n considerados al momento de la evaluaci\u00f3n de los proyectos y el mecanismo de votaci\u00f3n.<\/p>\n<p>Dicho Comit\u00e9 estar\u00e1 integrado por 16 profesionales referentes de sectores como: miner\u00eda; comercio; industria; finanzas; comunicaci\u00f3n; emprendedurismo y empresarial, entre otros. Los mismos evaluar\u00e1n cada proyecto, y la candidata con mayor cantidad de puntos obtenidos resultar\u00e1 ganadora.<\/p>\n<p><span style=\"color: #ff6600;\"><strong>Comit\u00e9 Evaluador de la Emprendedora del Sol 2025<\/strong><\/span><\/p>\n<ul>\n<li>Iv\u00e1n Grgic, presidente C\u00e1mara Minera<\/li>\n<li>Juan Pablo Delgado, presidente de CASEMI<\/li>\n<li>Gabriela Carranza, presidente Departamento Mujer UISJ<\/li>\n<li>Maria Lucila Avelin Cesco, vicepresidente Consejo Profesional de Ciencias Econ\u00f3micas<\/li>\n<li>Anal\u00eda Garc\u00eda, gerente Asuntos Gubernamentales de Veladero<\/li>\n<li>Laura Hern\u00e1ndez, presidente de WIM Argentina<\/li>\n<li>Federico Heiss, gerente de Banca Minorista de Banco San Juan<\/li>\n<li>Pablo Dellazoppa, gerente de Diario de Cuyo<\/li>\n<li>Angela Baudino, presidente de J\u00f3venes Empresarios de Federaci\u00f3n Econ\u00f3mica de San Juan<\/li>\n<li>M\u00f3nica S\u00e1nchez Mart\u00edn, presidente de la C\u00e1mara de Mujeres Productoras de la FESJ<\/li>\n<li>Marcela Zegaib, subsecretaria del Ministerio de Cultura, Turismo y Deportes<\/li>\n<li>Manuel Rodr\u00edguez, presidente de Agencia Calidad San Juan<\/li>\n<li>Maria del Carmen Mu\u00f1oz, Emprendedora del Sol 2024<\/li>\n<li>Roc\u00edo C\u00e1rdenas, directora de Comercio e Industria<\/li>\n<li>Jos\u00e9 Carpino, director de Pymes y Emprendedores<\/li>\n<li>Federica Mariconda, jefe de Asesores del Ministerio de Producci\u00f3n, Trabajo e Innovaci\u00f3n.<\/li>\n<\/ul>\n<p>&nbsp;<\/p>\n<p><img loading=\"lazy\" decoding=\"async\" class=\"alignnone size-full wp-image-90510\" src=\"https:\/\/vocesparalelas.com.ar\/sitio\/wp-content\/uploads\/2025\/08\/FNS-2025-01.jpg\" alt=\"\" width=\"800\" height=\"450\" srcset=\"https:\/\/vocesparalelas.com.ar\/sitio\/wp-content\/uploads\/2025\/08\/FNS-2025-01.jpg 800w, https:\/\/vocesparalelas.com.ar\/sitio\/wp-content\/uploads\/2025\/08\/FNS-2025-01-300x169.jpg 300w, https:\/\/vocesparalelas.com.ar\/sitio\/wp-content\/uploads\/2025\/08\/FNS-2025-01-768x432.jpg 768w\" sizes=\"auto, (max-width: 800px) 100vw, 800px\" \/><\/p>\n<p>Cabe destacar que ser\u00e1n considerados aquellos proyectos de las mujeres emprendedoras de los sectores de industria, miner\u00eda, comercio, servicios y tecnolog\u00eda, que se destaquen en t\u00e9rminos de su potencial en los siguientes aspectos:<\/p>\n<ul>\n<li>sustentabilidad del negocio;<\/li>\n<li>inserci\u00f3n en el mercado;<\/li>\n<li>generaci\u00f3n de empleo;<\/li>\n<li>contribuci\u00f3n al desarrollo local;<\/li>\n<li>valor agregado \u2013 Innovaci\u00f3n;<\/li>\n<li>circularidad &#8211; adaptaci\u00f3n al nuevo paradigma de la econom\u00eda circular.<\/li>\n<\/ul>\n<p>Cada uno de estos \u00edtems recibir\u00e1n un puntaje.<\/p>\n<p>La evaluaci\u00f3n ser\u00e1 el 12 de Noviembre, pero se reprograma cuando los miembros del Comit\u00e9 Evaluador se re\u00fanan en presencia de la escribana Mayor de Gobierno. En primer lugar, visualizar\u00e1n un video para conocer a las emprendedoras, y luego se pondr\u00e1n a calificar cada carpeta.<\/p>\n<p>Cuando todos hayan puntuado los proyectos, la escribana Mayor de Gobierno, Mayra Mar\u00eda Eugenia Mancini, junto a una asistente, proceder\u00e1 a sumar los puntos de cada carpeta. De este modo, redactar\u00e1n un acta presentando el proyecto con mayor puntuaci\u00f3n, y ese dato ser\u00e1 secreto hasta la \u00faltima noche de la Fiesta Nacional del Sol, cuando en el Acto Central sea develada la nueva Embajadora del Sol 2025.<\/p>\n<p><iframe loading=\"lazy\" title=\"SAN JUAN FNS 2025\" width=\"800\" height=\"450\" src=\"https:\/\/www.youtube.com\/embed\/hG6JPSqgl-k?feature=oembed\" frameborder=\"0\" allow=\"accelerometer; autoplay; clipboard-write; encrypted-media; gyroscope; picture-in-picture; web-share\" referrerpolicy=\"strict-origin-when-cross-origin\" allowfullscreen><\/iframe><\/p>\n","protected":false},"excerpt":{"rendered":"<p>La Fiesta Nacional del Sol 2025\u00a0\u201cSan Juan, mi tierra querida\u201d\u00a0 inicia a palpitarse. Se defini\u00f3 el Comit\u00e9 Evaluador de la<\/p>\n","protected":false},"author":3,"featured_media":93389,"comment_status":"closed","ping_status":"closed","sticky":false,"template":"","format":"standard","meta":{"_acf_changed":false,"_seopress_robots_primary_cat":"none","_seopress_titles_title":"","_seopress_titles_desc":"","_seopress_robots_index":"","colormag_page_container_layout":"default_layout","colormag_page_sidebar_layout":"default_layout","footnotes":""},"categories":[8,7],"tags":[],"class_list":["post-93386","post","type-post","status-publish","format-standard","has-post-thumbnail","hentry","category-concursos","category-videos"],"acf":[],"_links":{"self":[{"href":"https:\/\/vocesparalelas.com.ar\/sitio\/wp-json\/wp\/v2\/posts\/93386","targetHints":{"allow":["GET"]}}],"collection":[{"href":"https:\/\/vocesparalelas.com.ar\/sitio\/wp-json\/wp\/v2\/posts"}],"about":[{"href":"https:\/\/vocesparalelas.com.ar\/sitio\/wp-json\/wp\/v2\/types\/post"}],"author":[{"embeddable":true,"href":"https:\/\/vocesparalelas.com.ar\/sitio\/wp-json\/wp\/v2\/users\/3"}],"replies":[{"embeddable":true,"href":"https:\/\/vocesparalelas.com.ar\/sitio\/wp-json\/wp\/v2\/comments?post=93386"}],"version-history":[{"count":3,"href":"https:\/\/vocesparalelas.com.ar\/sitio\/wp-json\/wp\/v2\/posts\/93386\/revisions"}],"predecessor-version":[{"id":93392,"href":"https:\/\/vocesparalelas.com.ar\/sitio\/wp-json\/wp\/v2\/posts\/93386\/revisions\/93392"}],"wp:featuredmedia":[{"embeddable":true,"href":"https:\/\/vocesparalelas.com.ar\/sitio\/wp-json\/wp\/v2\/media\/93389"}],"wp:attachment":[{"href":"https:\/\/vocesparalelas.com.ar\/sitio\/wp-json\/wp\/v2\/media?parent=93386"}],"wp:term":[{"taxonomy":"category","embeddable":true,"href":"https:\/\/vocesparalelas.com.ar\/sitio\/wp-json\/wp\/v2\/categories?post=93386"},{"taxonomy":"post_tag","embeddable":true,"href":"https:\/\/vocesparalelas.com.ar\/sitio\/wp-json\/wp\/v2\/tags?post=93386"}],"curies":[{"name":"wp","href":"https:\/\/api.w.org\/{rel}","templated":true}]}}