{"id":93313,"date":"2025-10-30T16:00:03","date_gmt":"2025-10-30T19:00:03","guid":{"rendered":"https:\/\/vocesparalelas.com.ar\/sitio\/?p=93313"},"modified":"2025-11-01T23:36:39","modified_gmt":"2025-11-02T02:36:39","slug":"epre-no-autoriza-a-las-distribuidoras-cortar-el-servicio-de-electricidad-por-falta-de-pago-de-los-usuarios-los-viernes-o-vispera-de-feriados","status":"publish","type":"post","link":"https:\/\/vocesparalelas.com.ar\/sitio\/epre-no-autoriza-a-las-distribuidoras-cortar-el-servicio-de-electricidad-por-falta-de-pago-de-los-usuarios-los-viernes-o-vispera-de-feriados\/","title":{"rendered":"EPRE no autoriza a las Distribuidoras cortar el servicio de electricidad por falta de pago de los usuarios los Viernes o v\u00edspera de feriados\u00a0"},"content":{"rendered":"<p>Se ha tomado conocimiento de situaciones en las que, al realizar suspensiones por mora en el pago de las facturas, en d\u00edas viernes o v\u00edsperas de feriado, las personas usuarias afectadas ten\u00edan dificultades de regularizar su deuda y solicitar la restituci\u00f3n del servicio, con riesgo de que el suministro se rehabilitara solo despu\u00e9s del fin de semana o feriado.<\/p>\n<p>Esta situaci\u00f3n resulta especialmente cr\u00edtica en departamentos alejados. All\u00ed, la cobertura limitada de servicios de telefon\u00eda e internet, dificulta a\u00fan m\u00e1s el uso de los canales de pago y la comunicaci\u00f3n con la empresa, impidiendo resolver la situaci\u00f3n de deuda durante d\u00edas no h\u00e1biles.<\/p>\n<p>El E.P.R.E. recuerda a todas las personas usuarias la importancia de conocer sus derechos, para poder ejercerlos.<\/p>\n<p>En caso de consultas o dudas quedan vigentes nuestras v\u00edas de comunicaci\u00f3n.<\/p>\n<p><span style=\"color: #008000;\"><strong>Para consultas o reclamos, cont\u00e1ctese con el E.P.R.E.:<\/strong><\/span><\/p>\n<ul>\n<li><strong>WhatsApp:<\/strong> 2645677184<\/li>\n<li><strong>Email:<\/strong>\u00a0<a href=\"reclamos@epresanjuan.gob.ar\">reclamos@epresanjuan.gob.ar<\/a><\/li>\n<li><strong>L\u00ednea gratuita:<\/strong> 0800-333-6666<\/li>\n<\/ul>\n<p><span style=\"color: #008000;\"><strong>Para consultas o reclamos las 24 horas<\/strong><\/span><\/p>\n<ul>\n<li>Guardia Naturgy San Juan S.A: 0800-666-3637 o 4290333<\/li>\n<li>\u00a0Guardia D.E.C.S.A: 4255832 &#8211; 4255831 &#8211; 4961784<\/li>\n<\/ul>\n<p><img loading=\"lazy\" decoding=\"async\" class=\"alignnone size-large wp-image-13177\" src=\"https:\/\/vocesparalelas.com.ar\/sitio\/wp-content\/uploads\/2018\/07\/EPRE-LOGO-NUEVO-800x493.jpg\" alt=\"\" width=\"800\" height=\"493\" srcset=\"https:\/\/vocesparalelas.com.ar\/sitio\/wp-content\/uploads\/2018\/07\/EPRE-LOGO-NUEVO-800x493.jpg 800w, https:\/\/vocesparalelas.com.ar\/sitio\/wp-content\/uploads\/2018\/07\/EPRE-LOGO-NUEVO-300x185.jpg 300w, https:\/\/vocesparalelas.com.ar\/sitio\/wp-content\/uploads\/2018\/07\/EPRE-LOGO-NUEVO-768x473.jpg 768w, https:\/\/vocesparalelas.com.ar\/sitio\/wp-content\/uploads\/2018\/07\/EPRE-LOGO-NUEVO.jpg 1000w\" sizes=\"auto, (max-width: 800px) 100vw, 800px\" \/><\/p>\n","protected":false},"excerpt":{"rendered":"<p>Se ha tomado conocimiento de situaciones en las que, al realizar suspensiones por mora en el pago de las facturas,<\/p>\n","protected":false},"author":3,"featured_media":85438,"comment_status":"closed","ping_status":"closed","sticky":false,"template":"","format":"standard","meta":{"_acf_changed":false,"_seopress_robots_primary_cat":"none","_seopress_titles_title":"","_seopress_titles_desc":"","_seopress_robots_index":"","colormag_page_container_layout":"default_layout","colormag_page_sidebar_layout":"default_layout","footnotes":""},"categories":[6],"tags":[],"class_list":["post-93313","post","type-post","status-publish","format-standard","has-post-thumbnail","hentry","category-eventos"],"acf":[],"_links":{"self":[{"href":"https:\/\/vocesparalelas.com.ar\/sitio\/wp-json\/wp\/v2\/posts\/93313","targetHints":{"allow":["GET"]}}],"collection":[{"href":"https:\/\/vocesparalelas.com.ar\/sitio\/wp-json\/wp\/v2\/posts"}],"about":[{"href":"https:\/\/vocesparalelas.com.ar\/sitio\/wp-json\/wp\/v2\/types\/post"}],"author":[{"embeddable":true,"href":"https:\/\/vocesparalelas.com.ar\/sitio\/wp-json\/wp\/v2\/users\/3"}],"replies":[{"embeddable":true,"href":"https:\/\/vocesparalelas.com.ar\/sitio\/wp-json\/wp\/v2\/comments?post=93313"}],"version-history":[{"count":1,"href":"https:\/\/vocesparalelas.com.ar\/sitio\/wp-json\/wp\/v2\/posts\/93313\/revisions"}],"predecessor-version":[{"id":93316,"href":"https:\/\/vocesparalelas.com.ar\/sitio\/wp-json\/wp\/v2\/posts\/93313\/revisions\/93316"}],"wp:featuredmedia":[{"embeddable":true,"href":"https:\/\/vocesparalelas.com.ar\/sitio\/wp-json\/wp\/v2\/media\/85438"}],"wp:attachment":[{"href":"https:\/\/vocesparalelas.com.ar\/sitio\/wp-json\/wp\/v2\/media?parent=93313"}],"wp:term":[{"taxonomy":"category","embeddable":true,"href":"https:\/\/vocesparalelas.com.ar\/sitio\/wp-json\/wp\/v2\/categories?post=93313"},{"taxonomy":"post_tag","embeddable":true,"href":"https:\/\/vocesparalelas.com.ar\/sitio\/wp-json\/wp\/v2\/tags?post=93313"}],"curies":[{"name":"wp","href":"https:\/\/api.w.org\/{rel}","templated":true}]}}