{"id":93304,"date":"2025-10-30T14:16:27","date_gmt":"2025-10-30T17:16:27","guid":{"rendered":"https:\/\/vocesparalelas.com.ar\/sitio\/?p=93304"},"modified":"2025-10-31T22:48:47","modified_gmt":"2025-11-01T01:48:47","slug":"concierto-un-coro-estelar-de-la-ffha-de-la-unsj","status":"publish","type":"post","link":"https:\/\/vocesparalelas.com.ar\/sitio\/concierto-un-coro-estelar-de-la-ffha-de-la-unsj\/","title":{"rendered":"Concierto \u00abUn coro Estelar\u00bb de la FFHA de la UNSJ"},"content":{"rendered":"<p>El Centro de Creaci\u00f3n Art\u00edstica Coral presenta a los 3 Coros de Ni\u00f1os de la Facultad de Filosof\u00eda, Humanidades y Artes de la Universidad Nacional de San Juan en el Concierto \u00abUn coro Estelar\u00bb el Mi\u00e9rcoles, 12 de Noviembre, a las 21 hs.; en el Auditorio Ing. Juan Victoria.<\/p>\n<figure id=\"attachment_79544\" aria-describedby=\"caption-attachment-79544\" style=\"width: 800px\" class=\"wp-caption alignnone\"><img loading=\"lazy\" decoding=\"async\" class=\"size-full wp-image-79544\" src=\"https:\/\/vocesparalelas.com.ar\/sitio\/wp-content\/uploads\/2024\/11\/UNSJ-FFHA-CORO-NINOS-PREPARATORIO.jpg\" alt=\"\" width=\"800\" height=\"533\" srcset=\"https:\/\/vocesparalelas.com.ar\/sitio\/wp-content\/uploads\/2024\/11\/UNSJ-FFHA-CORO-NINOS-PREPARATORIO.jpg 800w, https:\/\/vocesparalelas.com.ar\/sitio\/wp-content\/uploads\/2024\/11\/UNSJ-FFHA-CORO-NINOS-PREPARATORIO-300x200.jpg 300w, https:\/\/vocesparalelas.com.ar\/sitio\/wp-content\/uploads\/2024\/11\/UNSJ-FFHA-CORO-NINOS-PREPARATORIO-768x512.jpg 768w\" sizes=\"auto, (max-width: 800px) 100vw, 800px\" \/><figcaption id=\"caption-attachment-79544\" class=\"wp-caption-text\">Coro de Ni\u00f1os Preparatorio de la FFHA de la UNSJ<\/figcaption><\/figure>\n<p><iframe loading=\"lazy\" title=\"UNSJ FFHA CORO NI\u00d1OS PREPARATORIO\" width=\"800\" height=\"450\" src=\"https:\/\/www.youtube.com\/embed\/2B8lWJj_FAE?feature=oembed\" frameborder=\"0\" allow=\"accelerometer; autoplay; clipboard-write; encrypted-media; gyroscope; picture-in-picture; web-share\" referrerpolicy=\"strict-origin-when-cross-origin\" allowfullscreen><\/iframe><\/p>\n<p>&nbsp;<\/p>\n<figure id=\"attachment_79543\" aria-describedby=\"caption-attachment-79543\" style=\"width: 800px\" class=\"wp-caption alignnone\"><img loading=\"lazy\" decoding=\"async\" class=\"size-full wp-image-79543\" src=\"https:\/\/vocesparalelas.com.ar\/sitio\/wp-content\/uploads\/2024\/11\/UNSJ-FFHA-CORO-LOS-JILGUERITOS.jpg\" alt=\"\" width=\"800\" height=\"533\" srcset=\"https:\/\/vocesparalelas.com.ar\/sitio\/wp-content\/uploads\/2024\/11\/UNSJ-FFHA-CORO-LOS-JILGUERITOS.jpg 800w, https:\/\/vocesparalelas.com.ar\/sitio\/wp-content\/uploads\/2024\/11\/UNSJ-FFHA-CORO-LOS-JILGUERITOS-300x200.jpg 300w, https:\/\/vocesparalelas.com.ar\/sitio\/wp-content\/uploads\/2024\/11\/UNSJ-FFHA-CORO-LOS-JILGUERITOS-768x512.jpg 768w\" sizes=\"auto, (max-width: 800px) 100vw, 800px\" \/><figcaption id=\"caption-attachment-79543\" class=\"wp-caption-text\">Coro de Ni\u00f1os \u00abLos Jilgueritos\u00bb de la FFHA de la UNSJ<\/figcaption><\/figure>\n<p>&nbsp;<\/p>\n<p><iframe loading=\"lazy\" title=\"UNSJ FFHA CORO LOS JILGUERITOS\" width=\"800\" height=\"450\" src=\"https:\/\/www.youtube.com\/embed\/uiAqoKlR_Fc?feature=oembed\" frameborder=\"0\" allow=\"accelerometer; autoplay; clipboard-write; encrypted-media; gyroscope; picture-in-picture; web-share\" referrerpolicy=\"strict-origin-when-cross-origin\" allowfullscreen><\/iframe><\/p>\n<figure id=\"attachment_79545\" aria-describedby=\"caption-attachment-79545\" style=\"width: 800px\" class=\"wp-caption alignnone\"><img loading=\"lazy\" decoding=\"async\" class=\"size-full wp-image-79545\" src=\"https:\/\/vocesparalelas.com.ar\/sitio\/wp-content\/uploads\/2024\/11\/UNSJ-FFHA-CORO-NINOS-Y-JOVENES.jpg\" alt=\"\" width=\"800\" height=\"533\" srcset=\"https:\/\/vocesparalelas.com.ar\/sitio\/wp-content\/uploads\/2024\/11\/UNSJ-FFHA-CORO-NINOS-Y-JOVENES.jpg 800w, https:\/\/vocesparalelas.com.ar\/sitio\/wp-content\/uploads\/2024\/11\/UNSJ-FFHA-CORO-NINOS-Y-JOVENES-300x200.jpg 300w, https:\/\/vocesparalelas.com.ar\/sitio\/wp-content\/uploads\/2024\/11\/UNSJ-FFHA-CORO-NINOS-Y-JOVENES-768x512.jpg 768w\" sizes=\"auto, (max-width: 800px) 100vw, 800px\" \/><figcaption id=\"caption-attachment-79545\" class=\"wp-caption-text\">Coro de Ni\u00f1os y J\u00f3venes de la FFHA de la UNSJ<\/figcaption><\/figure>\n<p>&nbsp;<\/p>\n<p><iframe loading=\"lazy\" title=\"UNSJ FFHA CORO NI\u00d1OS Y J\u00d3VENES\" width=\"800\" height=\"450\" src=\"https:\/\/www.youtube.com\/embed\/GcYvpkK-OTo?feature=oembed\" frameborder=\"0\" allow=\"accelerometer; autoplay; clipboard-write; encrypted-media; gyroscope; picture-in-picture; web-share\" referrerpolicy=\"strict-origin-when-cross-origin\" allowfullscreen><\/iframe><\/p>\n<p>\u00abPara emprender viaje, no hay mejor nave que una canci\u00f3n\u00bb&#8230; y en esta oportunidad, los coros Los Jilgueritos, Coro de Ni\u00f1os Preparatorio y Coro de Ni\u00f1os y J\u00f3venes invitan a ser parte de una aventura estelar donde descubren a trav\u00e9s del canto las maravillas del universo y de nuestra gran nave espacial, el planeta Tierra en \u00a1Tripulaci\u00f3n! Nos preparamos para despegar en 3&#8230; 2&#8230; 1&#8230;<\/p>\n<p><span style=\"color: #ff6600;\"><strong>Entrada<\/strong><\/span><\/p>\n<p>Bono contribuci\u00f3n\u00a0$5000 que se debe adquirir en la boleter\u00eda del Auditorio, de Lunes a Viernes, de 10 a 18 hs.<\/p>\n<p>Agradecen especiales a la colaboraci\u00f3n de David Gardiol, Edita Sigalat, el ensamble Room Band y Flor Arce.<\/p>\n<p>\u200b\u00a1El coro es un cielo estelar\u2026 Sumate al canto que lleva a las estrellas!<\/p>\n<figure id=\"attachment_61468\" aria-describedby=\"caption-attachment-61468\" style=\"width: 800px\" class=\"wp-caption alignnone\"><img loading=\"lazy\" decoding=\"async\" class=\"size-full wp-image-61468\" src=\"https:\/\/vocesparalelas.com.ar\/sitio\/wp-content\/uploads\/2023\/07\/AUDITORIO-EDIFICIO.jpg\" alt=\"\" width=\"800\" height=\"533\" srcset=\"https:\/\/vocesparalelas.com.ar\/sitio\/wp-content\/uploads\/2023\/07\/AUDITORIO-EDIFICIO.jpg 800w, https:\/\/vocesparalelas.com.ar\/sitio\/wp-content\/uploads\/2023\/07\/AUDITORIO-EDIFICIO-300x200.jpg 300w, https:\/\/vocesparalelas.com.ar\/sitio\/wp-content\/uploads\/2023\/07\/AUDITORIO-EDIFICIO-768x512.jpg 768w\" sizes=\"auto, (max-width: 800px) 100vw, 800px\" \/><figcaption id=\"caption-attachment-61468\" class=\"wp-caption-text\">Auditorio Ing. Juan Victoria, Departamento Capital, Provincia San Juan, Rep\u00fablica Argentita<\/figcaption><\/figure>\n<p>&nbsp;<\/p>\n","protected":false},"excerpt":{"rendered":"<p>El Centro de Creaci\u00f3n Art\u00edstica Coral presenta a los 3 Coros de Ni\u00f1os de la Facultad de Filosof\u00eda, Humanidades y<\/p>\n","protected":false},"author":3,"featured_media":26481,"comment_status":"closed","ping_status":"closed","sticky":false,"template":"","format":"standard","meta":{"_acf_changed":false,"_seopress_robots_primary_cat":"none","_seopress_titles_title":"","_seopress_titles_desc":"","_seopress_robots_index":"","colormag_page_container_layout":"default_layout","colormag_page_sidebar_layout":"default_layout","footnotes":""},"categories":[20,7],"tags":[],"class_list":["post-93304","post","type-post","status-publish","format-standard","has-post-thumbnail","hentry","category-cartelera","category-videos"],"acf":[],"_links":{"self":[{"href":"https:\/\/vocesparalelas.com.ar\/sitio\/wp-json\/wp\/v2\/posts\/93304","targetHints":{"allow":["GET"]}}],"collection":[{"href":"https:\/\/vocesparalelas.com.ar\/sitio\/wp-json\/wp\/v2\/posts"}],"about":[{"href":"https:\/\/vocesparalelas.com.ar\/sitio\/wp-json\/wp\/v2\/types\/post"}],"author":[{"embeddable":true,"href":"https:\/\/vocesparalelas.com.ar\/sitio\/wp-json\/wp\/v2\/users\/3"}],"replies":[{"embeddable":true,"href":"https:\/\/vocesparalelas.com.ar\/sitio\/wp-json\/wp\/v2\/comments?post=93304"}],"version-history":[{"count":1,"href":"https:\/\/vocesparalelas.com.ar\/sitio\/wp-json\/wp\/v2\/posts\/93304\/revisions"}],"predecessor-version":[{"id":93307,"href":"https:\/\/vocesparalelas.com.ar\/sitio\/wp-json\/wp\/v2\/posts\/93304\/revisions\/93307"}],"wp:featuredmedia":[{"embeddable":true,"href":"https:\/\/vocesparalelas.com.ar\/sitio\/wp-json\/wp\/v2\/media\/26481"}],"wp:attachment":[{"href":"https:\/\/vocesparalelas.com.ar\/sitio\/wp-json\/wp\/v2\/media?parent=93304"}],"wp:term":[{"taxonomy":"category","embeddable":true,"href":"https:\/\/vocesparalelas.com.ar\/sitio\/wp-json\/wp\/v2\/categories?post=93304"},{"taxonomy":"post_tag","embeddable":true,"href":"https:\/\/vocesparalelas.com.ar\/sitio\/wp-json\/wp\/v2\/tags?post=93304"}],"curies":[{"name":"wp","href":"https:\/\/api.w.org\/{rel}","templated":true}]}}