{"id":93280,"date":"2025-10-29T22:00:24","date_gmt":"2025-10-30T01:00:24","guid":{"rendered":"https:\/\/vocesparalelas.com.ar\/sitio\/?p=93280"},"modified":"2025-10-30T00:14:08","modified_gmt":"2025-10-30T03:14:08","slug":"la-propuesta-de-san-juan-es-hacia-la-ley-de-edulcoracion-con-jugos-naturales","status":"publish","type":"post","link":"https:\/\/vocesparalelas.com.ar\/sitio\/la-propuesta-de-san-juan-es-hacia-la-ley-de-edulcoracion-con-jugos-naturales\/","title":{"rendered":"La propuesta de San Juan es hacia la Ley de Edulcoraci\u00f3n con Jugos Naturales"},"content":{"rendered":"<p>El Gobierno de San Juan present\u00f3 una iniciativa para impulsar una Ley de Edulcoraci\u00f3n con Jugos Naturales durante la reuni\u00f3n del Directorio de la Corporaci\u00f3n Vitivin\u00edcola Argentina &#8211; COVIAR -, celebrada en la Enoteca de Mendoza.<\/p>\n<p>Durante un encuentro con representantes de la industria vit\u00edcola de distintas provincias, el Ministerio de Producci\u00f3n, Trabajo e Innovaci\u00f3n del\u00a0 Gobierno de San Juan elev\u00f3 su propuesta, enfocada en la salud p\u00fablica, de promover una normativa nacional de edulcoraci\u00f3n a trav\u00e9s de jugos naturales.<\/p>\n<p>El encuentro cont\u00f3 con la participaci\u00f3n del secretario de Agricultura, Ganader\u00eda y Agroindustria, Miguel Moreno, y del director de Desarrollo Vitivin\u00edcola, Juan Carlos Hidalgo, quienes expusieron la propuesta del Gobierno de San Juan de promover el uso de jugos naturales como edulcorantes en bebidas y alimentos.<\/p>\n<p>En este contexto, el secretario de Agricultura, Ganader\u00eda y Agroindustria, Miguel Moreno destac\u00f3 que \u00ablos beneficios de optar por edulcorar con jugos naturales y, de este modo, evitar consecuencias para la salud como representan los jarabes de alta fructuosa\u00bb.<\/p>\n<p>La iniciativa retoma un trabajo previo impulsado por la COVIAR y el ex legislador nacional Luis Borsani, y busca construir consensos con otras provincias productoras de jugos naturales de fruta.<\/p>\n<p>Se acord\u00f3 avanzar en una mesa de trabajo conjunta entre San Juan, legisladores y la COVIAR, a fin de elaborar una propuesta unificada que permita la presentaci\u00f3n del proyecto de Ley ante la C\u00e1mara de Diputados de la Naci\u00f3n.<\/p>\n<p>Adem\u00e1s, San Juan plante\u00f3 la importancia de fortalecer la producci\u00f3n de mosto, pasas y uva de mesa, sectores que reflejan la diversificaci\u00f3n vit\u00edcola de la provincia, y propuso desarrollar herramientas de apoyo espec\u00edficas con acompa\u00f1amiento de la COVIAR.<\/p>\n<p>La reuni\u00f3n fue encabezada por el presidente de la entidad, Mario Gonz\u00e1lez, y cont\u00f3 con la presencia del ministro de Producci\u00f3n de Mendoza, Ing. Rodolfo Vargas Arizu; el secretario de Agricultura de Mendoza, Sergio Moralejo; y representantes del INTA y de los gobiernos de Salta, Catamarca, Jujuy y Neuqu\u00e9n, quienes participaron de manera virtual.<\/p>\n<p>&nbsp;<\/p>\n","protected":false},"excerpt":{"rendered":"<p>El Gobierno de San Juan present\u00f3 una iniciativa para impulsar una Ley de Edulcoraci\u00f3n con Jugos Naturales durante la reuni\u00f3n<\/p>\n","protected":false},"author":3,"featured_media":93283,"comment_status":"closed","ping_status":"closed","sticky":false,"template":"","format":"standard","meta":{"_acf_changed":false,"_seopress_robots_primary_cat":"none","_seopress_titles_title":"","_seopress_titles_desc":"","_seopress_robots_index":"","colormag_page_container_layout":"default_layout","colormag_page_sidebar_layout":"default_layout","footnotes":""},"categories":[1],"tags":[],"class_list":["post-93280","post","type-post","status-publish","format-standard","has-post-thumbnail","hentry","category-destacadas"],"acf":[],"_links":{"self":[{"href":"https:\/\/vocesparalelas.com.ar\/sitio\/wp-json\/wp\/v2\/posts\/93280","targetHints":{"allow":["GET"]}}],"collection":[{"href":"https:\/\/vocesparalelas.com.ar\/sitio\/wp-json\/wp\/v2\/posts"}],"about":[{"href":"https:\/\/vocesparalelas.com.ar\/sitio\/wp-json\/wp\/v2\/types\/post"}],"author":[{"embeddable":true,"href":"https:\/\/vocesparalelas.com.ar\/sitio\/wp-json\/wp\/v2\/users\/3"}],"replies":[{"embeddable":true,"href":"https:\/\/vocesparalelas.com.ar\/sitio\/wp-json\/wp\/v2\/comments?post=93280"}],"version-history":[{"count":1,"href":"https:\/\/vocesparalelas.com.ar\/sitio\/wp-json\/wp\/v2\/posts\/93280\/revisions"}],"predecessor-version":[{"id":93284,"href":"https:\/\/vocesparalelas.com.ar\/sitio\/wp-json\/wp\/v2\/posts\/93280\/revisions\/93284"}],"wp:featuredmedia":[{"embeddable":true,"href":"https:\/\/vocesparalelas.com.ar\/sitio\/wp-json\/wp\/v2\/media\/93283"}],"wp:attachment":[{"href":"https:\/\/vocesparalelas.com.ar\/sitio\/wp-json\/wp\/v2\/media?parent=93280"}],"wp:term":[{"taxonomy":"category","embeddable":true,"href":"https:\/\/vocesparalelas.com.ar\/sitio\/wp-json\/wp\/v2\/categories?post=93280"},{"taxonomy":"post_tag","embeddable":true,"href":"https:\/\/vocesparalelas.com.ar\/sitio\/wp-json\/wp\/v2\/tags?post=93280"}],"curies":[{"name":"wp","href":"https:\/\/api.w.org\/{rel}","templated":true}]}}