{"id":93276,"date":"2025-10-29T20:05:59","date_gmt":"2025-10-29T23:05:59","guid":{"rendered":"https:\/\/vocesparalelas.com.ar\/sitio\/?p=93276"},"modified":"2025-10-29T20:17:54","modified_gmt":"2025-10-29T23:17:54","slug":"desarrolla-la-decimoprimera-sesion-la-camara-de-diputados-de-san-juan","status":"publish","type":"post","link":"https:\/\/vocesparalelas.com.ar\/sitio\/desarrolla-la-decimoprimera-sesion-la-camara-de-diputados-de-san-juan\/","title":{"rendered":"Desarrolla la Decimoprimera Sesi\u00f3n la C\u00e1mara de Diputados de San Juan"},"content":{"rendered":"<p>La C\u00e1mara de Diputados de San Juan celebrar\u00e1 este jueves 30 de octubre, a las 9 horas, la Decimoprimera Sesi\u00f3n del periodo ordinario.<\/p>\n<p>Puede seguir la transmisi\u00f3n en vivo por el canal oficial de Youtube<\/p>\n<p><a href=\"https:\/\/www.youtube.com\/live\/Fh5KTwiRgEc\">https:\/\/www.youtube.com\/live\/Fh5KTwiRgEc<\/a><\/p>\n<p><strong><span style=\"color: #800080;\">Puntos del orden del d\u00eda<\/span><\/strong><\/p>\n<p><strong><span style=\"color: #800080;\">Imposici\u00f3n de nombres a diversas escuelas<\/span><\/strong><\/p>\n<p>Tras despacho favorable en las comisiones de Educaci\u00f3n, Ciencia, T\u00e9cnica y Cultura y de Peticiones y Poderes, el cuerpo legislativo pondr\u00e1 a consideraci\u00f3n cinco proyectos de Ley que proponen la imposici\u00f3n de los siguientes nombres a instituciones educativas:<\/p>\n<ul>\n<li>\u201cPiuquenes\u201d, a la escuela de Nivel Inicial N\u00ba 60, departamento Chimbas. (Bloque San Juan Te Quiero)<\/li>\n<li>\u201cDetr\u00e1s del Arco\u00edris\u201d, a la escuela de Nivel Inicial N\u00ba 67, departamento Chimbas. (Bloque San Juan Te Quiero)<\/li>\n<li>\u201cTesinak\u201d, a la escuela de Educaci\u00f3n Especial M\u00faltiple y Anexo Astica, departamento Valle F\u00e9rtil. (Bloque Justicialista)<\/li>\n<li>\u201cProfesor Julio Guti\u00e9rrez\u201d, a la escuela secundaria provincia de Neuqu\u00e9n, departamento San Mart\u00edn. (Bloque Crecer)<\/li>\n<li>\u201cAlas de Grulla\u201d, a la escuela de Educaci\u00f3n Inicial N\u00ba 82, departamento Santa Luc\u00eda. (Interbloque Cambia San Juan)<\/li>\n<\/ul>\n<p><strong><span style=\"color: #800080;\">Convenio con la Universidad del Siglo 21<\/span><\/strong><\/p>\n<p>Con despacho de las comisiones de Legislaci\u00f3n y Asuntos Constitucionales (LAC) y Educaci\u00f3n, Ciencia, T\u00e9cnica y Cultura, los diputados pondr\u00e1n a consideraci\u00f3n un proyecto de Ley que propone ratificar un Convenio Marco suscripto entre la Universidad Empresarial Siglo 21 y el Ministerio de Gobierno de la provincia.<\/p>\n<p>El objeto de este acuerdo es la realizaci\u00f3n de actividades acad\u00e9micas en conjunto, de manera tal que se les permita a los alumnos integrar los contenidos claves de las carreras que cursan en un contexto real donde su profesi\u00f3n se desarrolla. Dichas actividades favorecen el proceso de formaci\u00f3n acad\u00e9mica de los alumnos, permitiendo la aplicaci\u00f3n pr\u00e1ctica de los conocimientos adquiridos durante el curso de sus carreras. Las mismas est\u00e1n conformadas por proyectos acad\u00e9micos, de intervenci\u00f3n de pr\u00e1ctica solidaria, pasant\u00edas y pr\u00e1cticas profesionales, visitas guiadas, charlas y talleres, entre otras.<\/p>\n<p><strong><span style=\"color: #800080;\">Convenio con la C\u00e1mara de Comercio y Servicios de San Juan<\/span><\/strong><\/p>\n<p>Asimismo, con despacho favorable de las comisiones de LAC y Desarrollo Humano y Laboral, el cuerpo legislativo tratar\u00e1 en el recinto un proyecto de Ley remitido por el Poder Ejecutivo que propone aprobar un convenio firmado entre el Ministerio de Familia y Desarrollo Humano del Gobierno de San Juan y la C\u00e1mara de Comercio y Servicios de San Juan.<\/p>\n<p>El objeto de este acuerdo consiste en establecer un marco de cooperaci\u00f3n y articulaci\u00f3n entre ambas instituciones con el prop\u00f3sito de promover, dise\u00f1ar e implementar acciones que fortalezcan el sector emprendedor de la econom\u00eda social.<\/p>\n<p><strong><span style=\"color: #800080;\">Renuncia al cargo de Fiscal de C\u00e1mara<\/span><\/strong><\/p>\n<p>Sobre tablas, la Legislatura pone a consideraci\u00f3n la Comunicaci\u00f3n oficial remitida por la Corte de Justicia, por la que informa sobre la renuncia al cargo de Fiscal de C\u00e1mara de la Dra. Leticia Ferr\u00f3n.<\/p>\n<p><strong><span style=\"color: #800080;\">Proyectos de Resoluci\u00f3n<\/span><\/strong><\/p>\n<p>Tambi\u00e9n, durante la Decimoprimera Sesi\u00f3n, la Legislatura pone a consideraci\u00f3n los siguientes proyectos de Resoluci\u00f3n que proponen declarar de inter\u00e9s:<\/p>\n<ul>\n<li><span style=\"color: #800080;\"><strong>Social y cultural,<\/strong><\/span> el libro \u00abTrabajo de mujeres con perspectiva de g\u00e9nero\u00bb de la Mg. Abg. Ana Josefina G\u00f3mez Rodrigo. (Interbloque Cambia San Juan)<\/li>\n<li><strong><span style=\"color: #800080;\">Educativo y cultural,<\/span> <\/strong>el libro \u00abLa \u00d1usta y El Capit\u00e1n: El encuentro de dos culturas\u00bb de autor\u00eda del Profesor Ariel Oreste de la Vega. (Bloque del Este)<\/li>\n<li><strong><span style=\"color: #800080;\">Educativo, sanitario y ambiental<\/span> <\/strong>el proyecto \u00abMedicamentos seguros, ambiente seguro\u00bb desarrollado por alumnos de 5to Grado \u00abA\u00bb de la escuela Pbro. Mariano lanelli, departamento Caucete. (Interbloque Cambia San Juan)<\/li>\n<li><strong><span style=\"color: #800080;\">Cient\u00edfico, educativo, social y cultural,<\/span><\/strong> el 40 Encuentro Regional de Psicolog\u00eda Social-Comunitaria de Cuyo y 1\u00b0 Encuentro de Salud Mental Comunitaria y Derechos Humanos de San Juan, organizado por el Foro de Salud Mental y Derechos Humanos San Juan, que se realiza los d\u00edas 7 y 8 de noviembre de 2025 en la provincia de San Juan. (Bloque Justicialista)<\/li>\n<\/ul>\n<p><strong><span style=\"color: #800080;\">Proyectos que ingresan a comisiones<\/span><\/strong><\/p>\n<p>En la Decimoprimera Sesi\u00f3n toman estado parlamentario los siguientes proyectos de Ley que proponen:<\/p>\n<ul>\n<li>Aprobar el Convenio de Asistencia y Colaboraci\u00f3n suscripto entre el Ministerio de Producci\u00f3n, Trabajo e Innovaci\u00f3n del Gobierno de San Juan y la Fundaci\u00f3n Estudiantes Internacionales Debatiendo por el Saber- Eidos. (Autor: Poder Ejecutivo. Comisiones: LAC\/ Educaci\u00f3n, Ciencia, T\u00e9cnica y Cultura)<\/li>\n<li>Ratificar el Convenio Marco de Colaboraci\u00f3n suscripto entre el Ministerio de Producci\u00f3n, Trabajo e Innovaci\u00f3n y la Universidad Nacional de Cuyo. (Autor: Poder Ejecutivo. Comisiones: LAC\/Educaci\u00f3n, Ciencia, T\u00e9cnica y Cultura)<\/li>\n<li>Aprobar el Convenio Marco de Asistencia y Cooperaci\u00f3n suscripto entre la Secretar\u00eda General de la Gobernaci\u00f3n y la Agencia de Calidad San Juan Sociedad Mixta. (Autor: Poder Ejecutivo. Comisiones: LAC\/ Econom\u00eda y Defensa de Consumidores)<\/li>\n<li>Ratificar el Convenio celebrado entre el Ministerio de Familia y Desarrollo Humano y AADI-CAPIF ACR. (Autor: Poder Ejecutivo. Comisiones: LAC\/ Hacienda y Presupuesto)<\/li>\n<li>Aprobar el Convenio celebrado entre Ministerio de Familia y Desarrollo Humano y la Fundaci\u00f3n Proni\u00f1o San Jua-Centro CONIN. (Autor: Poder Ejecutivo. Comisiones: LAC\/Desarrollo Humano y Laboral)<\/li>\n<li>Modificar la Ley N\u00ba 2640-A, referida a la donaci\u00f3n con cargo de un inmueble del Estado Provincial a favor del Arzobispado de San Juan. (Autor: Poder Ejecutivo. Comisiones: LAC\/Obras y Servicios P\u00fablicos\/ Hacienda y Presupuesto)<\/li>\n<li>Establecer un r\u00e9gimen de promoci\u00f3n de entornos libres de humo y concientizaci\u00f3n sobre dispositivos de vapeo y cigarrillos electr\u00f3nicos en la provincia de San Juan. (Autor: Interbloque Cambia San Juan. Comisiones: LAC\/ Salud y Discapacidad\/ Educaci\u00f3n, Ciencia, T\u00e9cnica y Cultura)<\/li>\n<li>Adherir a la Ley Nacional N\u00ba 27.797, Ley Nicol\u00e1s: Calidad y Seguridad Sanitaria. (Autor: Interbloque Cambia San Juan. Comisiones: LAC\/ Salud y Discapacidad)<\/li>\n<li>Instituir la Semana Provincial de Concientizaci\u00f3n sobre la Menopausia y el Climaterio. (Autor: Interbloque Cambia San Juan. Comisiones: LAC\/ Salud y Discapacidad)<\/li>\n<li>Establecer La Noche de los Museos, como evento cultural anual en el \u00e1mbito de la provincia de San Juan. (Autor: Interbloque Cambia San Juan. Comisiones: LAC\/ Educaci\u00f3n, Ciencia, T\u00e9cnica y Cultura)<\/li>\n<\/ul>\n<p>Tambi\u00e9n, ingresa a la comisi\u00f3n de Econom\u00eda y Defensa de Consumidores, un proyecto de Resoluci\u00f3n presentado por el bloque Justicialista que propone declarar de inter\u00e9s el a\u00f1o internacional de las Cooperativas 2025.<\/p>\n<p>Por otro lado, tomar\u00e1 estado parlamentario un proyecto de Declaraci\u00f3n presentado por el interbloque Justicialista, por el que expresa su preocupaci\u00f3n por la demora de las autoridades pertinentes del Gobierno Nacional en aprobar la renovaci\u00f3n del Acuerdo suscripto, en el a\u00f1o 2015, entre la Universidad Nacional de San Juan, el Consejo Nacional de Investigaciones Cient\u00edficas y T\u00e9cnicas, la Academia de Ciencias Chinas -CAS- y el Gobierno de la Provincia de San Juan. (Comisi\u00f3n: Educaci\u00f3n, Ciencia, T\u00e9cnica y Cultura)<\/p>\n<p>Adem\u00e1s, ingresan a sus respectivas comisiones los siguientes proyectos de Comunicaci\u00f3n que solicitan:<\/p>\n<ul>\n<li>Informe sobre la ejecuci\u00f3n y transferencia de las partidas correspondientes al Fondo de Desarrollo Regional. (Autor: bloque Justicialista. Comisiones: Hacienda y Presupuesto\/ \u00a0Sistema Municipal)<\/li>\n<li>Ensanche de la ruta provincial N\u00b087, denominada Divisoria del Alamito. (Autor: bloque Justicialista. Comisiones: Obras y Servicios P\u00fablicos)<\/li>\n<li>Informe la situaci\u00f3n de los merenderos cerrados en el departamento 25 de Mayo. (Autor: bloque La Libertad Avanza-ADN. Comisi\u00f3n: Desarrollo Humano y Laboral)<\/li>\n<li>Informe los motivos de la remoci\u00f3n del cajero autom\u00e1tico situado en Av. Benavidez y Rastreador Calivar, en el Departamento Chimbas. (Autor: bloque San Juan Te quiero -ADN. Comisi\u00f3n: Obras y Servicios P\u00fablicos\/ Hacienda y Presupuesto)<\/li>\n<li>Informe sobre la situaci\u00f3n planteada en la nota NO-2025-107182526-APN-DSJ, con respecto al Convenio entre la Direcci\u00f3n Nacional de Vialidad y la Direcci\u00f3n Provincial de Vialidad de San Juan- Conservaci\u00f3n y Mantenimiento de la Avenida Circunvalaci\u00f3n (A014), y sus accesos por las Rutas Nacionales N\u00ba 40 y N\u00ba20. (Autor: bloque Justicialista. Comisiones: Obras y Servicios P\u00fablico)<\/li>\n<\/ul>\n<p>Por otra parte, ingresa a la comisi\u00f3n de Justicia y Seguridad una comunicaci\u00f3n oficial presentada por el Consejo de la Magistratura de San Juan por la que remite ternas de los postulantes a cubrir el cargo vacante de Fiscal General de la Corte de Justicia.<\/p>\n<p>Por \u00faltimo, el cuerpo parlamentario toma conocimiento de las comunicaciones presentadas por:<\/p>\n<ul>\n<li>El Concejo Deliberante de Pocito por la que eleva Comunicaci\u00f3n N\u00b0 23-2025, que expresa el requerimiento de arbitrar medios en el Poder Ejecutivo para que efect\u00fae el pago de FODERE y FEM.<\/li>\n<li>La delegada de la Asociaci\u00f3n de Altas Capacidades Argentinas- Delegaci\u00f3n Cuyo por la que solicita pronto tratamiento del proyecto de ley que instituye el 25 de junio de cada a\u00f1o como D\u00eda Provincial de las Altas Capacidades.<\/li>\n<li>El Secretario General de la Asociaci\u00f3n del Magisterio de Ense\u00f1anza T\u00e9cnica Regional X- San Juan por la que se adhiere al proyecto de ley presentado por interbloque Justicialista, que regula la educaci\u00f3n inclusiva en la provincia de San Juan para personas con discapacidad o condici\u00f3n que requieran ajustes razonables en cualquier momento de su trayectoria escolar.<\/li>\n<\/ul>\n<p>La se\u00f1ora Yamila Z\u00e1rate, por la que presenta anteproyecto de ley: Protecci\u00f3n Prioritaria para ni\u00f1os en entornos de riesgo criminal- Ley Valle Grande.<\/p>\n<figure id=\"attachment_37951\" aria-describedby=\"caption-attachment-37951\" style=\"width: 800px\" class=\"wp-caption alignnone\"><img loading=\"lazy\" decoding=\"async\" class=\"size-full wp-image-37951\" src=\"https:\/\/vocesparalelas.com.ar\/sitio\/wp-content\/uploads\/2021\/05\/CAMARA-EDIFICIO.jpg\" alt=\"\" width=\"800\" height=\"515\" srcset=\"https:\/\/vocesparalelas.com.ar\/sitio\/wp-content\/uploads\/2021\/05\/CAMARA-EDIFICIO.jpg 800w, https:\/\/vocesparalelas.com.ar\/sitio\/wp-content\/uploads\/2021\/05\/CAMARA-EDIFICIO-300x193.jpg 300w, https:\/\/vocesparalelas.com.ar\/sitio\/wp-content\/uploads\/2021\/05\/CAMARA-EDIFICIO-768x494.jpg 768w\" sizes=\"auto, (max-width: 800px) 100vw, 800px\" \/><figcaption id=\"caption-attachment-37951\" class=\"wp-caption-text\">Legislatura Provincial de San Juan, Rep\u00fablica Argentina<\/figcaption><\/figure>\n","protected":false},"excerpt":{"rendered":"<p>La C\u00e1mara de Diputados de San Juan celebrar\u00e1 este jueves 30 de octubre, a las 9 horas, la Decimoprimera Sesi\u00f3n<\/p>\n","protected":false},"author":3,"featured_media":8062,"comment_status":"closed","ping_status":"closed","sticky":false,"template":"","format":"standard","meta":{"_acf_changed":false,"_seopress_robots_primary_cat":"none","_seopress_titles_title":"","_seopress_titles_desc":"","_seopress_robots_index":"","colormag_page_container_layout":"default_layout","colormag_page_sidebar_layout":"default_layout","footnotes":""},"categories":[1],"tags":[],"class_list":["post-93276","post","type-post","status-publish","format-standard","has-post-thumbnail","hentry","category-destacadas"],"acf":[],"_links":{"self":[{"href":"https:\/\/vocesparalelas.com.ar\/sitio\/wp-json\/wp\/v2\/posts\/93276","targetHints":{"allow":["GET"]}}],"collection":[{"href":"https:\/\/vocesparalelas.com.ar\/sitio\/wp-json\/wp\/v2\/posts"}],"about":[{"href":"https:\/\/vocesparalelas.com.ar\/sitio\/wp-json\/wp\/v2\/types\/post"}],"author":[{"embeddable":true,"href":"https:\/\/vocesparalelas.com.ar\/sitio\/wp-json\/wp\/v2\/users\/3"}],"replies":[{"embeddable":true,"href":"https:\/\/vocesparalelas.com.ar\/sitio\/wp-json\/wp\/v2\/comments?post=93276"}],"version-history":[{"count":1,"href":"https:\/\/vocesparalelas.com.ar\/sitio\/wp-json\/wp\/v2\/posts\/93276\/revisions"}],"predecessor-version":[{"id":93279,"href":"https:\/\/vocesparalelas.com.ar\/sitio\/wp-json\/wp\/v2\/posts\/93276\/revisions\/93279"}],"wp:featuredmedia":[{"embeddable":true,"href":"https:\/\/vocesparalelas.com.ar\/sitio\/wp-json\/wp\/v2\/media\/8062"}],"wp:attachment":[{"href":"https:\/\/vocesparalelas.com.ar\/sitio\/wp-json\/wp\/v2\/media?parent=93276"}],"wp:term":[{"taxonomy":"category","embeddable":true,"href":"https:\/\/vocesparalelas.com.ar\/sitio\/wp-json\/wp\/v2\/categories?post=93276"},{"taxonomy":"post_tag","embeddable":true,"href":"https:\/\/vocesparalelas.com.ar\/sitio\/wp-json\/wp\/v2\/tags?post=93276"}],"curies":[{"name":"wp","href":"https:\/\/api.w.org\/{rel}","templated":true}]}}