{"id":93261,"date":"2025-10-29T10:46:48","date_gmt":"2025-10-29T13:46:48","guid":{"rendered":"https:\/\/vocesparalelas.com.ar\/sitio\/?p=93261"},"modified":"2025-10-29T10:46:48","modified_gmt":"2025-10-29T13:46:48","slug":"santiago-flores-campeon-mundial-de-powerlifting-con-el-gobernador-de-san-juan-dr-marcelo-orrego","status":"publish","type":"post","link":"https:\/\/vocesparalelas.com.ar\/sitio\/santiago-flores-campeon-mundial-de-powerlifting-con-el-gobernador-de-san-juan-dr-marcelo-orrego\/","title":{"rendered":"Santiago Flores, campe\u00f3n mundial de Powerlifting con el Gobernador de San Juan, Dr. Marcelo Orrego"},"content":{"rendered":"<p>El gobernador Orrego recibi\u00f3 a<\/p>\n<p>El sanjuanino obtuvo este premio en una competencia que se realiz\u00f3 en Cambori\u00fa<\/p>\n<p>El gobernador de San Juan, Dr. Marcelo Orrego recibi\u00f3 a Santiago Flores, quien se consagr\u00f3 campe\u00f3n mundial de Levantamiento de Potencia &#8211; Powerlifting -, en un torneo que se realiz\u00f3 en Cambori\u00fa, Brasil.<\/p>\n<p>Es importante destacar que Santiago Flores compiti\u00f3 en la categor\u00eda Junior -90 kg y logr\u00f3 ingresar ya que su pesaje reglamentario fue de 89,450.<\/p>\n<p>Al salir del encuentro, el deportista se mostr\u00f3 muy contento por el recibimiento del Gobernador y dijo que \u201cvine a presentar mi premio en esta disciplina que practico de forma profesional hace tres a\u00f1os\u201d.<\/p>\n<p>Por su parte, el secretario de Deportes Dr. Pablo Tabachnik mencion\u00f3 que \u201cestamos muy felices de poder acompa\u00f1ar a este deportista que sali\u00f3 campe\u00f3n mundial en la disciplina Powerlifting y que lleg\u00f3 ayer a la provincia. La importancia que tiene para los deportistas el apoyo del gobierno de San Juan. La ayuda del Estado a los deportistas de alto rendimiento no solo impulsa sus logros individuales, sino que adem\u00e1s los convierte en referentes para deportistas m\u00e1s chicos, promoviendo h\u00e1bitos saludables y valores deportivos\u201d.<\/p>\n<p><img loading=\"lazy\" decoding=\"async\" class=\"alignnone size-full wp-image-65642\" src=\"https:\/\/vocesparalelas.com.ar\/sitio\/wp-content\/uploads\/2023\/11\/GOBIERNO-SAN-JUAN.jpg\" alt=\"\" width=\"800\" height=\"600\" srcset=\"https:\/\/vocesparalelas.com.ar\/sitio\/wp-content\/uploads\/2023\/11\/GOBIERNO-SAN-JUAN.jpg 800w, https:\/\/vocesparalelas.com.ar\/sitio\/wp-content\/uploads\/2023\/11\/GOBIERNO-SAN-JUAN-300x225.jpg 300w, https:\/\/vocesparalelas.com.ar\/sitio\/wp-content\/uploads\/2023\/11\/GOBIERNO-SAN-JUAN-768x576.jpg 768w\" sizes=\"auto, (max-width: 800px) 100vw, 800px\" \/><\/p>\n","protected":false},"excerpt":{"rendered":"<p>El gobernador Orrego recibi\u00f3 a El sanjuanino obtuvo este premio en una competencia que se realiz\u00f3 en Cambori\u00fa El gobernador<\/p>\n","protected":false},"author":3,"featured_media":93264,"comment_status":"closed","ping_status":"closed","sticky":false,"template":"","format":"standard","meta":{"_acf_changed":false,"_seopress_robots_primary_cat":"none","_seopress_titles_title":"","_seopress_titles_desc":"","_seopress_robots_index":"","colormag_page_container_layout":"default_layout","colormag_page_sidebar_layout":"default_layout","footnotes":""},"categories":[1],"tags":[],"class_list":["post-93261","post","type-post","status-publish","format-standard","has-post-thumbnail","hentry","category-destacadas"],"acf":[],"_links":{"self":[{"href":"https:\/\/vocesparalelas.com.ar\/sitio\/wp-json\/wp\/v2\/posts\/93261","targetHints":{"allow":["GET"]}}],"collection":[{"href":"https:\/\/vocesparalelas.com.ar\/sitio\/wp-json\/wp\/v2\/posts"}],"about":[{"href":"https:\/\/vocesparalelas.com.ar\/sitio\/wp-json\/wp\/v2\/types\/post"}],"author":[{"embeddable":true,"href":"https:\/\/vocesparalelas.com.ar\/sitio\/wp-json\/wp\/v2\/users\/3"}],"replies":[{"embeddable":true,"href":"https:\/\/vocesparalelas.com.ar\/sitio\/wp-json\/wp\/v2\/comments?post=93261"}],"version-history":[{"count":1,"href":"https:\/\/vocesparalelas.com.ar\/sitio\/wp-json\/wp\/v2\/posts\/93261\/revisions"}],"predecessor-version":[{"id":93265,"href":"https:\/\/vocesparalelas.com.ar\/sitio\/wp-json\/wp\/v2\/posts\/93261\/revisions\/93265"}],"wp:featuredmedia":[{"embeddable":true,"href":"https:\/\/vocesparalelas.com.ar\/sitio\/wp-json\/wp\/v2\/media\/93264"}],"wp:attachment":[{"href":"https:\/\/vocesparalelas.com.ar\/sitio\/wp-json\/wp\/v2\/media?parent=93261"}],"wp:term":[{"taxonomy":"category","embeddable":true,"href":"https:\/\/vocesparalelas.com.ar\/sitio\/wp-json\/wp\/v2\/categories?post=93261"},{"taxonomy":"post_tag","embeddable":true,"href":"https:\/\/vocesparalelas.com.ar\/sitio\/wp-json\/wp\/v2\/tags?post=93261"}],"curies":[{"name":"wp","href":"https:\/\/api.w.org\/{rel}","templated":true}]}}