{"id":93254,"date":"2025-10-29T10:34:02","date_gmt":"2025-10-29T13:34:02","guid":{"rendered":"https:\/\/vocesparalelas.com.ar\/sitio\/?p=93254"},"modified":"2025-10-30T11:15:55","modified_gmt":"2025-10-30T14:15:55","slug":"conferencia-tu-cuerpo-tu-aliado-en-la-camara-de-diputados-de-san-juan","status":"publish","type":"post","link":"https:\/\/vocesparalelas.com.ar\/sitio\/conferencia-tu-cuerpo-tu-aliado-en-la-camara-de-diputados-de-san-juan\/","title":{"rendered":"Conferencia\u00a0\u201cTu Cuerpo, Tu Aliado\u201d en la C\u00e1mara de Diputados de San Juan"},"content":{"rendered":"<p style=\"font-weight: 400;\">En el marco del\u00a0D\u00eda Mundial de la Prevenci\u00f3n del C\u00e1ncer de Mama, la C\u00e1mara de Diputados de San Juan fue sede de la conferencia \u201cTu Cuerpo, Tu Aliado\u201d, con el objetivo de generar conciencia sobre la importancia de la prevenci\u00f3n y detecci\u00f3n temprana de esta enfermedad.<\/p>\n<p><img loading=\"lazy\" decoding=\"async\" class=\"alignnone size-large wp-image-6226\" src=\"https:\/\/vocesparalelas.com.ar\/sitio\/wp-content\/uploads\/2017\/10\/DIA-INTERNACIONAL-DEL-CANCER-DE-MAMA-800x543.jpg\" alt=\"\" width=\"800\" height=\"543\" srcset=\"https:\/\/vocesparalelas.com.ar\/sitio\/wp-content\/uploads\/2017\/10\/DIA-INTERNACIONAL-DEL-CANCER-DE-MAMA-800x543.jpg 800w, https:\/\/vocesparalelas.com.ar\/sitio\/wp-content\/uploads\/2017\/10\/DIA-INTERNACIONAL-DEL-CANCER-DE-MAMA-300x204.jpg 300w, https:\/\/vocesparalelas.com.ar\/sitio\/wp-content\/uploads\/2017\/10\/DIA-INTERNACIONAL-DEL-CANCER-DE-MAMA-768x521.jpg 768w, https:\/\/vocesparalelas.com.ar\/sitio\/wp-content\/uploads\/2017\/10\/DIA-INTERNACIONAL-DEL-CANCER-DE-MAMA.jpg 1000w\" sizes=\"auto, (max-width: 800px) 100vw, 800px\" \/><\/p>\n<p style=\"font-weight: 400;\">La apertura del encuentro estuvo presidido por el vicepresidente primero de la C\u00e1mara de Diputados, legislador Dr. Enzo Cornejo, y se realiz\u00f3 el Martes, 28 de Octubre, en la Sala de Vicegobernadores del edificio hist\u00f3rico.<\/p>\n<p style=\"font-weight: 400;\">Las disertaciones estuvieron a cargo de destacados profesionales:\u00a0Dra. Mar\u00eda Soledad Al\u00e9s, Dr. Jos\u00e9 Carlos Reyes, Dr. Juan Pablo Gim\u00e9nez, Dr. Alejandro Sosa, Lic. Susana Florentino\u00a0y\u00a0Lic. Claudia Delgado.<\/p>\n<p style=\"font-weight: 400;\">Durante su intervenci\u00f3n, el diputado Dr. Enzo Cornejo destac\u00f3 que \u00abtransmito los saludos del vicegobernador Dr. Fabi\u00e1n Mart\u00edn, quien no pudo asistir por compromisos de agenda, pero brind\u00f3 su apoyo para la realizaci\u00f3n de la actividad orientada a concientizar a la comunidad\u00bb.<\/p>\n<p style=\"font-weight: 400;\">\u201cHay cuestiones que en el d\u00eda a d\u00eda no sabemos o no tomamos dimensi\u00f3n de su importancia. Me quedo con las palabras del doctor: no se trata de un d\u00eda o un mes, sino de doce meses, 365 d\u00edas dedicados a la concientizaci\u00f3n, prevenci\u00f3n y detecci\u00f3n temprana. Desde el Estado debemos enfocarnos en lo verdaderamente importante: educar, concientizar y prevenir el c\u00e1ncer de mama y otras enfermedades relacionadas\u201d &#8211; sintetiz\u00f3 el diputado Dr. Enzo Cornejo<\/p>\n<p style=\"font-weight: 400;\">Una vez finalizadas sus palabras, el legislador hizo entrega al Dr. Carlos Reyes de la resoluci\u00f3n de la C\u00e1mara de Diputados de San Juan la declara de inter\u00e9s Social y Educativo la presente actividad.<\/p>\n<figure id=\"attachment_93257\" aria-describedby=\"caption-attachment-93257\" style=\"width: 800px\" class=\"wp-caption alignnone\"><img loading=\"lazy\" decoding=\"async\" class=\"size-full wp-image-93257\" src=\"https:\/\/vocesparalelas.com.ar\/sitio\/wp-content\/uploads\/2025\/10\/CDSJ-CANCER-01.jpg\" alt=\"\" width=\"800\" height=\"602\" srcset=\"https:\/\/vocesparalelas.com.ar\/sitio\/wp-content\/uploads\/2025\/10\/CDSJ-CANCER-01.jpg 800w, https:\/\/vocesparalelas.com.ar\/sitio\/wp-content\/uploads\/2025\/10\/CDSJ-CANCER-01-300x226.jpg 300w, https:\/\/vocesparalelas.com.ar\/sitio\/wp-content\/uploads\/2025\/10\/CDSJ-CANCER-01-768x578.jpg 768w\" sizes=\"auto, (max-width: 800px) 100vw, 800px\" \/><figcaption id=\"caption-attachment-93257\" class=\"wp-caption-text\">Dr. Carlos Reyes<\/figcaption><\/figure>\n<p style=\"font-weight: 400;\">Durante la jornada se abordaron temas como\u00a0prevenci\u00f3n activa, cambios de h\u00e1bitos, factores de riesgo modificables, impacto emocional, c\u00e1ncer y calidad de vida, adem\u00e1s del\u00a0rol de la fisioterapia oncol\u00f3gica\u00a0en el proceso de recuperaci\u00f3n y bienestar de los pacientes.<\/p>\n<p><img loading=\"lazy\" decoding=\"async\" class=\"alignnone size-full wp-image-93258\" src=\"https:\/\/vocesparalelas.com.ar\/sitio\/wp-content\/uploads\/2025\/10\/CDSJ-CANCER-02.jpg\" alt=\"\" width=\"800\" height=\"531\" srcset=\"https:\/\/vocesparalelas.com.ar\/sitio\/wp-content\/uploads\/2025\/10\/CDSJ-CANCER-02.jpg 800w, https:\/\/vocesparalelas.com.ar\/sitio\/wp-content\/uploads\/2025\/10\/CDSJ-CANCER-02-300x199.jpg 300w, https:\/\/vocesparalelas.com.ar\/sitio\/wp-content\/uploads\/2025\/10\/CDSJ-CANCER-02-768x510.jpg 768w\" sizes=\"auto, (max-width: 800px) 100vw, 800px\" \/><\/p>\n<figure id=\"attachment_37951\" aria-describedby=\"caption-attachment-37951\" style=\"width: 800px\" class=\"wp-caption alignnone\"><img loading=\"lazy\" decoding=\"async\" class=\"size-full wp-image-37951\" src=\"https:\/\/vocesparalelas.com.ar\/sitio\/wp-content\/uploads\/2021\/05\/CAMARA-EDIFICIO.jpg\" alt=\"\" width=\"800\" height=\"515\" srcset=\"https:\/\/vocesparalelas.com.ar\/sitio\/wp-content\/uploads\/2021\/05\/CAMARA-EDIFICIO.jpg 800w, https:\/\/vocesparalelas.com.ar\/sitio\/wp-content\/uploads\/2021\/05\/CAMARA-EDIFICIO-300x193.jpg 300w, https:\/\/vocesparalelas.com.ar\/sitio\/wp-content\/uploads\/2021\/05\/CAMARA-EDIFICIO-768x494.jpg 768w\" sizes=\"auto, (max-width: 800px) 100vw, 800px\" \/><figcaption id=\"caption-attachment-37951\" class=\"wp-caption-text\">Legislatura Provincial de San Juan, Rep\u00fablica Argentina<\/figcaption><\/figure>\n","protected":false},"excerpt":{"rendered":"<p>En el marco del\u00a0D\u00eda Mundial de la Prevenci\u00f3n del C\u00e1ncer de Mama, la C\u00e1mara de Diputados de San Juan fue<\/p>\n","protected":false},"author":3,"featured_media":93259,"comment_status":"closed","ping_status":"closed","sticky":false,"template":"","format":"standard","meta":{"_acf_changed":false,"_seopress_robots_primary_cat":"none","_seopress_titles_title":"","_seopress_titles_desc":"","_seopress_robots_index":"","colormag_page_container_layout":"default_layout","colormag_page_sidebar_layout":"default_layout","footnotes":""},"categories":[1],"tags":[],"class_list":["post-93254","post","type-post","status-publish","format-standard","has-post-thumbnail","hentry","category-destacadas"],"acf":[],"_links":{"self":[{"href":"https:\/\/vocesparalelas.com.ar\/sitio\/wp-json\/wp\/v2\/posts\/93254","targetHints":{"allow":["GET"]}}],"collection":[{"href":"https:\/\/vocesparalelas.com.ar\/sitio\/wp-json\/wp\/v2\/posts"}],"about":[{"href":"https:\/\/vocesparalelas.com.ar\/sitio\/wp-json\/wp\/v2\/types\/post"}],"author":[{"embeddable":true,"href":"https:\/\/vocesparalelas.com.ar\/sitio\/wp-json\/wp\/v2\/users\/3"}],"replies":[{"embeddable":true,"href":"https:\/\/vocesparalelas.com.ar\/sitio\/wp-json\/wp\/v2\/comments?post=93254"}],"version-history":[{"count":2,"href":"https:\/\/vocesparalelas.com.ar\/sitio\/wp-json\/wp\/v2\/posts\/93254\/revisions"}],"predecessor-version":[{"id":93297,"href":"https:\/\/vocesparalelas.com.ar\/sitio\/wp-json\/wp\/v2\/posts\/93254\/revisions\/93297"}],"wp:featuredmedia":[{"embeddable":true,"href":"https:\/\/vocesparalelas.com.ar\/sitio\/wp-json\/wp\/v2\/media\/93259"}],"wp:attachment":[{"href":"https:\/\/vocesparalelas.com.ar\/sitio\/wp-json\/wp\/v2\/media?parent=93254"}],"wp:term":[{"taxonomy":"category","embeddable":true,"href":"https:\/\/vocesparalelas.com.ar\/sitio\/wp-json\/wp\/v2\/categories?post=93254"},{"taxonomy":"post_tag","embeddable":true,"href":"https:\/\/vocesparalelas.com.ar\/sitio\/wp-json\/wp\/v2\/tags?post=93254"}],"curies":[{"name":"wp","href":"https:\/\/api.w.org\/{rel}","templated":true}]}}