{"id":93215,"date":"2025-10-28T14:58:25","date_gmt":"2025-10-28T17:58:25","guid":{"rendered":"https:\/\/vocesparalelas.com.ar\/sitio\/?p=93215"},"modified":"2025-10-31T23:49:23","modified_gmt":"2025-11-01T02:49:23","slug":"se-implementa-el-programa-mujeres-mineras-en-san-juan","status":"publish","type":"post","link":"https:\/\/vocesparalelas.com.ar\/sitio\/se-implementa-el-programa-mujeres-mineras-en-san-juan\/","title":{"rendered":"Se implementa el\u00a0Programa Mujeres + Mineras en San Juan"},"content":{"rendered":"<p>Se concret\u00f3 la firma del convenio para la implementaci\u00f3n del\u00a0Programa Mujeres + Mineras, una iniciativa destinada a fortalecer el desarrollo personal y laboral de mujeres emprendedoras de los departamentos de J\u00e1chal, Iglesia y Calingasta.<\/p>\n<p>Su objetivo principal es generar capacidades empresariales a trav\u00e9s de la transferencia de conocimientos, tutor\u00edas, mentor\u00edas y acompa\u00f1amiento t\u00e9cnico-profesional.<\/p>\n<p>La iniciativa Mujeres + Mineras es el resultado de un trabajo articulado entre el Ministerio de Miner\u00eda, el Ministerio de Producci\u00f3n, Trabajo e Innovaci\u00f3n, y la Agencia Calidad San Juan Sociedad de Econom\u00eda Mixta, que tendr\u00e1 a su cargo la administraci\u00f3n de los fondos y la coordinaci\u00f3n operativa del programa.<\/p>\n<p>Las autoridades de aplicaci\u00f3n son la Secretar\u00eda de Industria, Comercio y Servicios \u2014dependiente del Ministerio de Producci\u00f3n, Trabajo e Innovaci\u00f3n\u2014 y la Secretar\u00eda de Desarrollo Minero Sustentable \u2014dependiente del Ministerio de Miner\u00eda\u2014, responsables de garantizar el financiamiento, la implementaci\u00f3n y el seguimiento del programa.<\/p>\n<p>Participaron de la firma del convenio marco del programa y del acta de implementaci\u00f3n:<\/p>\n<ul>\n<li>Dr. Juan Pablo Perea Fontivero, ministro de Miner\u00eda;<\/li>\n<li>CPN Gustavo Fern\u00e1ndez, ministro de Producci\u00f3n, Trabajo e Innovaci\u00f3n;<\/li>\n<li>CPN Manuel Rodr\u00edguez, director de la Agencia Calidad San Juan.<\/li>\n<\/ul>\n<p>Acompa\u00f1aron, CPN Alejandro Martin, secretario de Industria, Comercio y Servicios; Lic. Roc\u00edo C\u00e1rdenas, directora de Industria y Comercio y In. Leandro Baz\u00e1n, director de Despacho Legal Minero.<\/p>\n<p><span style=\"color: #ff6600;\"><strong>\u00bfC\u00f3mo participar del programa?<\/strong><\/span><\/p>\n<p>Mujeres + Mineras se enmarca en el programa Mujeres + 2025, implementado desde el Ministerio de Producci\u00f3n, Trabajo e Innovaci\u00f3n con foco en el desarrollo de mujeres emprendedoras. En el caso de la nueva l\u00ednea, est\u00e1 especialmente dise\u00f1ada para atender las necesidades de emprendedoras que forman parte de comunidades vinculadas a la actividad minera.<\/p>\n<p>Las emprendedoras seleccionadas pueden acceder a cr\u00e9ditos de hasta 2 millones de pesos, seg\u00fan su situaci\u00f3n registral. Adem\u00e1s, reciben acompa\u00f1amiento de tutores, capacitadores y mentoras con experiencia empresarial, quienes las guiar\u00e1n en la definici\u00f3n de objetivos, planes de trabajo y estrategias de crecimiento.<\/p>\n<p>El programa contempla dos etapas: inscripci\u00f3n y solicitud de cr\u00e9dito. Las interesadas deber\u00e1n presentar la documentaci\u00f3n correspondiente en la Direcci\u00f3n de Industria y Comercio, Av. Libertador San Mart\u00edn 750 Oeste, 4\u00b0 piso, n\u00facleo 6 \u00f3 por el link:<\/p>\n<p><a href=\"https:\/\/forms.gle\/eTK4h6XLwGnc9AXYA\">https:\/\/forms.gle\/eTK4h6XLwGnc9AXYA<\/a><\/p>\n<p>Pueden realizar consultas a trav\u00e9s del correo <span id=\"cloak825466df9d1cf894373778ee8ffa66fe\"><a href=\"mailto:mujeresmasmineras@gmail.com\">mujeresmasmineras@gmail.com<\/a><\/span>\u00a0o por WhatsApp al 2643239939<\/p>\n<p>Entre los gastos financiables se incluyen la adquisici\u00f3n de maquinaria, equipamiento, servicios profesionales, capital de trabajo y otros insumos necesarios para la ejecuci\u00f3n de los proyectos. La devoluci\u00f3n de los cr\u00e9ditos se realizar\u00e1 en cuotas mensuales, con un plazo m\u00e1ximo de 15 meses, incluyendo un per\u00edodo de gracia de hasta tres meses.<\/p>\n<p>La evaluaci\u00f3n de los proyectos est\u00e1 a cargo de una comisi\u00f3n integrada por representantes del Ministerio de Miner\u00eda, el Ministerio de Producci\u00f3n, Trabajo e Innovaci\u00f3n y la Agencia Calidad San Juan.<\/p>\n<p>Cada proyecto es supervisado durante su ejecuci\u00f3n y deber\u00e1 rendir cuentas mediante la presentaci\u00f3n de verificables, facturas y documentaci\u00f3n respaldatoria.<\/p>\n<p>Con esta iniciativa, San Juan reafirma su compromiso con el desarrollo territorial, la inclusi\u00f3n productiva y el fortalecimiento del rol de la mujer en la cadena de valor minera.<\/p>\n<p><img loading=\"lazy\" decoding=\"async\" class=\"alignnone size-full wp-image-65642\" src=\"https:\/\/vocesparalelas.com.ar\/sitio\/wp-content\/uploads\/2023\/11\/GOBIERNO-SAN-JUAN.jpg\" alt=\"\" width=\"800\" height=\"600\" srcset=\"https:\/\/vocesparalelas.com.ar\/sitio\/wp-content\/uploads\/2023\/11\/GOBIERNO-SAN-JUAN.jpg 800w, https:\/\/vocesparalelas.com.ar\/sitio\/wp-content\/uploads\/2023\/11\/GOBIERNO-SAN-JUAN-300x225.jpg 300w, https:\/\/vocesparalelas.com.ar\/sitio\/wp-content\/uploads\/2023\/11\/GOBIERNO-SAN-JUAN-768x576.jpg 768w\" sizes=\"auto, (max-width: 800px) 100vw, 800px\" \/><\/p>\n","protected":false},"excerpt":{"rendered":"<p>Se concret\u00f3 la firma del convenio para la implementaci\u00f3n del\u00a0Programa Mujeres + Mineras, una iniciativa destinada a fortalecer el desarrollo<\/p>\n","protected":false},"author":3,"featured_media":93218,"comment_status":"closed","ping_status":"closed","sticky":false,"template":"","format":"standard","meta":{"_acf_changed":false,"_seopress_robots_primary_cat":"none","_seopress_titles_title":"","_seopress_titles_desc":"","_seopress_robots_index":"","colormag_page_container_layout":"default_layout","colormag_page_sidebar_layout":"default_layout","footnotes":""},"categories":[2],"tags":[],"class_list":["post-93215","post","type-post","status-publish","format-standard","has-post-thumbnail","hentry","category-convocatorias"],"acf":[],"_links":{"self":[{"href":"https:\/\/vocesparalelas.com.ar\/sitio\/wp-json\/wp\/v2\/posts\/93215","targetHints":{"allow":["GET"]}}],"collection":[{"href":"https:\/\/vocesparalelas.com.ar\/sitio\/wp-json\/wp\/v2\/posts"}],"about":[{"href":"https:\/\/vocesparalelas.com.ar\/sitio\/wp-json\/wp\/v2\/types\/post"}],"author":[{"embeddable":true,"href":"https:\/\/vocesparalelas.com.ar\/sitio\/wp-json\/wp\/v2\/users\/3"}],"replies":[{"embeddable":true,"href":"https:\/\/vocesparalelas.com.ar\/sitio\/wp-json\/wp\/v2\/comments?post=93215"}],"version-history":[{"count":1,"href":"https:\/\/vocesparalelas.com.ar\/sitio\/wp-json\/wp\/v2\/posts\/93215\/revisions"}],"predecessor-version":[{"id":93219,"href":"https:\/\/vocesparalelas.com.ar\/sitio\/wp-json\/wp\/v2\/posts\/93215\/revisions\/93219"}],"wp:featuredmedia":[{"embeddable":true,"href":"https:\/\/vocesparalelas.com.ar\/sitio\/wp-json\/wp\/v2\/media\/93218"}],"wp:attachment":[{"href":"https:\/\/vocesparalelas.com.ar\/sitio\/wp-json\/wp\/v2\/media?parent=93215"}],"wp:term":[{"taxonomy":"category","embeddable":true,"href":"https:\/\/vocesparalelas.com.ar\/sitio\/wp-json\/wp\/v2\/categories?post=93215"},{"taxonomy":"post_tag","embeddable":true,"href":"https:\/\/vocesparalelas.com.ar\/sitio\/wp-json\/wp\/v2\/tags?post=93215"}],"curies":[{"name":"wp","href":"https:\/\/api.w.org\/{rel}","templated":true}]}}