{"id":93210,"date":"2025-10-28T13:16:39","date_gmt":"2025-10-28T16:16:39","guid":{"rendered":"https:\/\/vocesparalelas.com.ar\/sitio\/?p=93210"},"modified":"2025-10-28T14:28:09","modified_gmt":"2025-10-28T17:28:09","slug":"iii-jornadas-sanjuaninas-de-quemaduras-en-el-hospital-dr-marcial-quiroga-de-san-juan","status":"publish","type":"post","link":"https:\/\/vocesparalelas.com.ar\/sitio\/iii-jornadas-sanjuaninas-de-quemaduras-en-el-hospital-dr-marcial-quiroga-de-san-juan\/","title":{"rendered":"III Jornadas Sanjuaninas de Quemaduras en el Hospital Dr. Marcial Quiroga de San Juan"},"content":{"rendered":"<p>El Hospital Dr. Marcial Quiroga desarroll\u00f3 las III Jornadas Sanjuaninas de Quemaduras, un encuentro cient\u00edfico y acad\u00e9mico que reuni\u00f3 a profesionales de distintas disciplinas con el objetivo de fortalecer los conocimientos, compartir experiencias y promover el trabajo conjunto en la atenci\u00f3n integral del paciente quemado.<\/p>\n<p>La actividad, realizada en el sal\u00f3n de actos del nosocomio, cont\u00f3 con una amplia participaci\u00f3n de profesionales de la salud, enfermeros y estudiantes, tanto del \u00e1mbito p\u00fablico como privado. El evento fue organizado por el Servicio de Cirug\u00eda Pl\u00e1stica y Quemados del hospital, en el marco de las acciones de docencia y capacitaci\u00f3n permanente que impulsa la instituci\u00f3n.<\/p>\n<p>Durante la apertura, las autoridades del hospital destacaron la importancia de generar espacios de encuentro donde se puedan compartir experiencias, avances cient\u00edficos y estrategias de mejora continua. Se resalt\u00f3 el rol del Hospital Dr. Marcial Quiroga como centro de referencia no solo provincial sino tambi\u00e9n en Cuyo en el tratamiento de quemaduras.<\/p>\n<p><strong><span style=\"color: #ff0000;\">Temario<\/span><\/strong><\/p>\n<ul>\n<li>La historia del Servicio de Cirug\u00eda Pl\u00e1stica y Quemados: sus inicios y los avances en la actualidad.<\/li>\n<li>Atenci\u00f3n inicial del paciente quemado en distintas zonas sanitarias de la provincia.<\/li>\n<li>Estudio de caso: \u201cPaciente quemado derivado de la periferia.<\/li>\n<li>Manejo inicial del paciente quemado y abordaje psicoterap\u00e9utico.<\/li>\n<li>Resoluci\u00f3n del brote de Pseudomonas aeruginosa en el Servicio de Cirug\u00eda Pl\u00e1stica y Quemados.<\/li>\n<li>Tratamiento kin\u00e9sico en pacientes quemados por radioterapia.<\/li>\n<li>Nutrici\u00f3n y dietoterapia en pacientes quemados adultos y ni\u00f1os.<\/li>\n<li>PAE en un paciente quemado.<\/li>\n<\/ul>\n<p>Las III Jornadas Sanjuaninas de Quemadura<em>s<\/em> reafirmaron el compromiso del Hospital Dr. Marcial Quiroga con la formaci\u00f3n continua del personal de salud, la actualizaci\u00f3n cient\u00edfica y la mejora en la calidad asistencial.<\/p>\n<p>Este encuentro permiti\u00f3 fortalecer el trabajo en red entre los diferentes servicios y zonas sanitarias de la provincia, optimizar los procesos de atenci\u00f3n y fomentar una mirada integral del paciente, que contemple no solo el tratamiento f\u00edsico, sino tambi\u00e9n el acompa\u00f1amiento psicol\u00f3gico, social y nutricional.<\/p>\n<p><img loading=\"lazy\" decoding=\"async\" class=\"alignnone size-full wp-image-50515\" src=\"https:\/\/vocesparalelas.com.ar\/sitio\/wp-content\/uploads\/2022\/07\/HMQ-FRENTE.jpg\" alt=\"\" width=\"800\" height=\"600\" srcset=\"https:\/\/vocesparalelas.com.ar\/sitio\/wp-content\/uploads\/2022\/07\/HMQ-FRENTE.jpg 800w, https:\/\/vocesparalelas.com.ar\/sitio\/wp-content\/uploads\/2022\/07\/HMQ-FRENTE-300x225.jpg 300w, https:\/\/vocesparalelas.com.ar\/sitio\/wp-content\/uploads\/2022\/07\/HMQ-FRENTE-768x576.jpg 768w\" sizes=\"auto, (max-width: 800px) 100vw, 800px\" \/><\/p>\n","protected":false},"excerpt":{"rendered":"<p>El Hospital Dr. Marcial Quiroga desarroll\u00f3 las III Jornadas Sanjuaninas de Quemaduras, un encuentro cient\u00edfico y acad\u00e9mico que reuni\u00f3 a<\/p>\n","protected":false},"author":3,"featured_media":93213,"comment_status":"closed","ping_status":"closed","sticky":false,"template":"","format":"standard","meta":{"_acf_changed":false,"_seopress_robots_primary_cat":"none","_seopress_titles_title":"","_seopress_titles_desc":"","_seopress_robots_index":"","colormag_page_container_layout":"default_layout","colormag_page_sidebar_layout":"default_layout","footnotes":""},"categories":[1],"tags":[],"class_list":["post-93210","post","type-post","status-publish","format-standard","has-post-thumbnail","hentry","category-destacadas"],"acf":[],"_links":{"self":[{"href":"https:\/\/vocesparalelas.com.ar\/sitio\/wp-json\/wp\/v2\/posts\/93210","targetHints":{"allow":["GET"]}}],"collection":[{"href":"https:\/\/vocesparalelas.com.ar\/sitio\/wp-json\/wp\/v2\/posts"}],"about":[{"href":"https:\/\/vocesparalelas.com.ar\/sitio\/wp-json\/wp\/v2\/types\/post"}],"author":[{"embeddable":true,"href":"https:\/\/vocesparalelas.com.ar\/sitio\/wp-json\/wp\/v2\/users\/3"}],"replies":[{"embeddable":true,"href":"https:\/\/vocesparalelas.com.ar\/sitio\/wp-json\/wp\/v2\/comments?post=93210"}],"version-history":[{"count":1,"href":"https:\/\/vocesparalelas.com.ar\/sitio\/wp-json\/wp\/v2\/posts\/93210\/revisions"}],"predecessor-version":[{"id":93214,"href":"https:\/\/vocesparalelas.com.ar\/sitio\/wp-json\/wp\/v2\/posts\/93210\/revisions\/93214"}],"wp:featuredmedia":[{"embeddable":true,"href":"https:\/\/vocesparalelas.com.ar\/sitio\/wp-json\/wp\/v2\/media\/93213"}],"wp:attachment":[{"href":"https:\/\/vocesparalelas.com.ar\/sitio\/wp-json\/wp\/v2\/media?parent=93210"}],"wp:term":[{"taxonomy":"category","embeddable":true,"href":"https:\/\/vocesparalelas.com.ar\/sitio\/wp-json\/wp\/v2\/categories?post=93210"},{"taxonomy":"post_tag","embeddable":true,"href":"https:\/\/vocesparalelas.com.ar\/sitio\/wp-json\/wp\/v2\/tags?post=93210"}],"curies":[{"name":"wp","href":"https:\/\/api.w.org\/{rel}","templated":true}]}}