{"id":93204,"date":"2025-10-28T13:10:56","date_gmt":"2025-10-28T16:10:56","guid":{"rendered":"https:\/\/vocesparalelas.com.ar\/sitio\/?p=93204"},"modified":"2025-10-28T14:59:19","modified_gmt":"2025-10-28T17:59:19","slug":"operativo-san-juan-cerca-para-los-vecinos-del-departamento-ullum","status":"publish","type":"post","link":"https:\/\/vocesparalelas.com.ar\/sitio\/operativo-san-juan-cerca-para-los-vecinos-del-departamento-ullum\/","title":{"rendered":"Operativo \u201cSan Juan Cerca\u201d para los vecinos del Departamento Ullum"},"content":{"rendered":"<p>El gobernador de San Juan, Dr. Marcelo Orrego recorri\u00f3 el operativo integral \u00abSan Juan Cerca\u00bb, que se desarroll\u00f3 en la Escuela Secundaria EPET N\u00b0 9 Ren\u00e9 Favaloro, Villa Ib\u00e1\u00f1ez, Departamento Ullum.<\/p>\n<p>En este espacio, distintos organismos del Gobierno de San Juan concentran su accionar para facilitar el acceso a tr\u00e1mites y servicios a los vecinos de la zona.<\/p>\n<p>El operativo se llev\u00f3 a cabo el Martes, 28 de Octubre, entre las 9 a las 13 hs., y permiti\u00f3 que los vecinos del Departamento Ullum pudieran realizar gestiones de diversa \u00edndole sin necesidad de trasladarse hasta la ciudad Capital.<\/p>\n<p><iframe loading=\"lazy\" title=\"Orrego recorri\u00f3 el Operativo San Juan Cerca en Ullum\" width=\"800\" height=\"450\" src=\"https:\/\/www.youtube.com\/embed\/kdyK55zcW6Y?feature=oembed\" frameborder=\"0\" allow=\"accelerometer; autoplay; clipboard-write; encrypted-media; gyroscope; picture-in-picture; web-share\" referrerpolicy=\"strict-origin-when-cross-origin\" allowfullscreen><\/iframe><\/p>\n<p>Durante su visita, gobernador de San Juan, Dr. Marcelo Orrego dialog\u00f3 con los equipos de los ministerios y con los vecinos que se acercaron a realizar tr\u00e1mites, y destac\u00f3 la importancia de \u201cestar cerca de la gente, escuchar sus necesidades y dar respuestas concretas. Estos operativos permiten que el Estado est\u00e9 presente donde la gente lo necesita, escuchando, resolviendo y acompa\u00f1ando a cada familia sanjuanina\u201d.<\/p>\n<p><img loading=\"lazy\" decoding=\"async\" class=\"alignnone size-full wp-image-93207\" src=\"https:\/\/vocesparalelas.com.ar\/sitio\/wp-content\/uploads\/2025\/10\/ULLUM-SAN-JUAN-CERCA-01.jpg\" alt=\"\" width=\"800\" height=\"446\" srcset=\"https:\/\/vocesparalelas.com.ar\/sitio\/wp-content\/uploads\/2025\/10\/ULLUM-SAN-JUAN-CERCA-01.jpg 800w, https:\/\/vocesparalelas.com.ar\/sitio\/wp-content\/uploads\/2025\/10\/ULLUM-SAN-JUAN-CERCA-01-300x167.jpg 300w, https:\/\/vocesparalelas.com.ar\/sitio\/wp-content\/uploads\/2025\/10\/ULLUM-SAN-JUAN-CERCA-01-768x428.jpg 768w\" sizes=\"auto, (max-width: 800px) 100vw, 800px\" \/><\/p>\n<p>En la jornada se ofrecieron servicios como actualizaci\u00f3n o solicitud de DNI, emisi\u00f3n de copias de partidas de nacimiento, casamiento o defunci\u00f3n, regulaci\u00f3n dominial, asesoramiento previsional, certificados de antecedentes, verificaci\u00f3n de veh\u00edculos, localizaci\u00f3n de objetos robados y orientaci\u00f3n sobre asociaciones civiles y clubes. Tambi\u00e9n hubo asesoramiento laboral, inscripci\u00f3n en el Registro Provincial de Emprendedores, consultas sobre el programa ONCO San Juan y orientaci\u00f3n en temas de g\u00e9nero, inclusi\u00f3n laboral y discapacidad.<\/p>\n<p>Asimismo, los vecinos pudieron acceder a informaci\u00f3n sobre tarifas sociales, planes de pago de energ\u00eda el\u00e9ctrica, tr\u00e1mites del IPV y programas de asistencia alimentaria y emergencia. Otros servicios disponibles incluyeron gestiones relacionadas con la Tarjeta Sube, RUPA, marcas y se\u00f1ales, Ciudadano Digital, Rentas, Defensa al Consumidor, y pr\u00e9stamos de la Caja de Acci\u00f3n Social.<\/p>\n<p>Tambi\u00e9n se brindaron asistencias espec\u00edficas a docentes, asesoramiento deportivo y capacitaci\u00f3n en el marco del programa Aprender, Trabajar y Producir.<\/p>\n<p>En materia de salud, los equipos ofrecieron controles cl\u00ednicos y pedi\u00e1tricos, vacunaci\u00f3n, atenci\u00f3n odontol\u00f3gica, asesoramiento en salud mental, testeos de HIV, Hepatitis y Chagas, adem\u00e1s de informaci\u00f3n sobre programas contra el sedentarismo y gesti\u00f3n de turnos con especialistas. Los vecinos tambi\u00e9n pudieron vacunar y desparasitar a sus mascotas, y recibir recomendaciones sobre forestaci\u00f3n y cuidado ambiental.<\/p>\n<p>Estas acciones fueron coordinadas por la Direcci\u00f3n de Pol\u00edticas para la Equidad, con la participaci\u00f3n de personal de todos los ministerios del Gobierno provincial: Familia y Desarrollo Humano; Salud; Gobierno; Producci\u00f3n, Trabajo e Innovaci\u00f3n; Econom\u00eda, Finanzas y Hacienda; Educaci\u00f3n; Turismo, Cultura y Deporte; e Infraestructura, Agua y Energ\u00eda, adem\u00e1s de las secretar\u00edas de Ambiente y Desarrollo Sustentable y de Seguridad y Orden P\u00fablico, junto al Ente Provincial Regulador de la Electricidad (EPRE).<\/p>\n<p><img loading=\"lazy\" decoding=\"async\" class=\"alignnone size-full wp-image-65642\" src=\"https:\/\/vocesparalelas.com.ar\/sitio\/wp-content\/uploads\/2023\/11\/GOBIERNO-SAN-JUAN.jpg\" alt=\"\" width=\"800\" height=\"600\" srcset=\"https:\/\/vocesparalelas.com.ar\/sitio\/wp-content\/uploads\/2023\/11\/GOBIERNO-SAN-JUAN.jpg 800w, https:\/\/vocesparalelas.com.ar\/sitio\/wp-content\/uploads\/2023\/11\/GOBIERNO-SAN-JUAN-300x225.jpg 300w, https:\/\/vocesparalelas.com.ar\/sitio\/wp-content\/uploads\/2023\/11\/GOBIERNO-SAN-JUAN-768x576.jpg 768w\" sizes=\"auto, (max-width: 800px) 100vw, 800px\" \/><\/p>\n","protected":false},"excerpt":{"rendered":"<p>El gobernador de San Juan, Dr. Marcelo Orrego recorri\u00f3 el operativo integral \u00abSan Juan Cerca\u00bb, que se desarroll\u00f3 en la<\/p>\n","protected":false},"author":3,"featured_media":93208,"comment_status":"closed","ping_status":"closed","sticky":false,"template":"","format":"standard","meta":{"_acf_changed":false,"_seopress_robots_primary_cat":"none","_seopress_titles_title":"","_seopress_titles_desc":"","_seopress_robots_index":"","colormag_page_container_layout":"default_layout","colormag_page_sidebar_layout":"default_layout","footnotes":""},"categories":[1,7],"tags":[],"class_list":["post-93204","post","type-post","status-publish","format-standard","has-post-thumbnail","hentry","category-destacadas","category-videos"],"acf":[],"_links":{"self":[{"href":"https:\/\/vocesparalelas.com.ar\/sitio\/wp-json\/wp\/v2\/posts\/93204","targetHints":{"allow":["GET"]}}],"collection":[{"href":"https:\/\/vocesparalelas.com.ar\/sitio\/wp-json\/wp\/v2\/posts"}],"about":[{"href":"https:\/\/vocesparalelas.com.ar\/sitio\/wp-json\/wp\/v2\/types\/post"}],"author":[{"embeddable":true,"href":"https:\/\/vocesparalelas.com.ar\/sitio\/wp-json\/wp\/v2\/users\/3"}],"replies":[{"embeddable":true,"href":"https:\/\/vocesparalelas.com.ar\/sitio\/wp-json\/wp\/v2\/comments?post=93204"}],"version-history":[{"count":2,"href":"https:\/\/vocesparalelas.com.ar\/sitio\/wp-json\/wp\/v2\/posts\/93204\/revisions"}],"predecessor-version":[{"id":93220,"href":"https:\/\/vocesparalelas.com.ar\/sitio\/wp-json\/wp\/v2\/posts\/93204\/revisions\/93220"}],"wp:featuredmedia":[{"embeddable":true,"href":"https:\/\/vocesparalelas.com.ar\/sitio\/wp-json\/wp\/v2\/media\/93208"}],"wp:attachment":[{"href":"https:\/\/vocesparalelas.com.ar\/sitio\/wp-json\/wp\/v2\/media?parent=93204"}],"wp:term":[{"taxonomy":"category","embeddable":true,"href":"https:\/\/vocesparalelas.com.ar\/sitio\/wp-json\/wp\/v2\/categories?post=93204"},{"taxonomy":"post_tag","embeddable":true,"href":"https:\/\/vocesparalelas.com.ar\/sitio\/wp-json\/wp\/v2\/tags?post=93204"}],"curies":[{"name":"wp","href":"https:\/\/api.w.org\/{rel}","templated":true}]}}