{"id":93200,"date":"2025-10-28T13:00:39","date_gmt":"2025-10-28T16:00:39","guid":{"rendered":"https:\/\/vocesparalelas.com.ar\/sitio\/?p=93200"},"modified":"2025-10-28T13:00:39","modified_gmt":"2025-10-28T16:00:39","slug":"charla-informativa-sobre-inscripcion-ingreso-a-la-docencia-y-valoradores-en-educacion-de-san-juan","status":"publish","type":"post","link":"https:\/\/vocesparalelas.com.ar\/sitio\/charla-informativa-sobre-inscripcion-ingreso-a-la-docencia-y-valoradores-en-educacion-de-san-juan\/","title":{"rendered":"Charla informativa sobre inscripci\u00f3n, ingreso a la docencia y valoradores en Educaci\u00f3n de San Juan"},"content":{"rendered":"<p>El Ministerio de Educaci\u00f3n del Gobierno de San Juan, a trav\u00e9s de la Secretar\u00eda de Educaci\u00f3n y de las distintas Juntas de Clasificaci\u00f3n Docente, invita a egresados y estudiantes del \u00faltimo a\u00f1o de los Institutos de formaci\u00f3n docente de la provincia de San Juan, tanto de gesti\u00f3n estatal como gesti\u00f3n privada, a participar de una charla informativa sobre inscripci\u00f3n, ingreso a la docencia y valoradores vigentes, entre otros temas vinculados al ejercicio de la funci\u00f3n docente.<\/p>\n<p><strong><span style=\"color: #ff6600;\">Cronograma<\/span><\/strong><\/p>\n<p>El encuentro se desarrolla el Mi\u00e9rcoles, 29 de Octubre de 2025, en el auditorio Gobernador Eloy Pr\u00f3spero Camus, Avda. Espa\u00f1a 230 -S &#8211; Cpital, en el Centro C\u00edvico y contar\u00e1 con tres turnos disponibles para facilitar la participaci\u00f3n:<\/p>\n<ul>\n<li>De 8 a 10 hs.<\/li>\n<li>De 14 a 16 hs.<\/li>\n<li>De 17 a 19 hs.<\/li>\n<\/ul>\n<p>La convocatoria tiene como objetivo acompa\u00f1ar el ingreso a la docencia de los futuros docentes, brindando informaci\u00f3n actualizada sobre los procedimientos de inscripci\u00f3n, la documentaci\u00f3n necesaria, los mecanismos de valoraci\u00f3n y la importancia del registro en las Juntas de Clasificaci\u00f3n Docente.<\/p>\n<p>Desde las Juntas de Clasificaci\u00f3n Docente se\u00f1alaron que este tipo de espacios buscan generar orientaci\u00f3n y cercan\u00eda con los nuevos docentes, en un momento clave de su carrera profesional. La iniciativa se enmarca en el compromiso del Ministerio de Educaci\u00f3n de acompa\u00f1ar el desarrollo profesional desde la formaci\u00f3n hasta la inserci\u00f3n laboral en el sistema educativo provincial.<\/p>\n<p>Quienes deseen participar deben completar el\u00a0formulario de inscripci\u00f3n\u00a0on line<\/p>\n<p><a href=\"https:\/\/docs.google.com\/forms\/d\/e\/1FAIpQLSc8dJbpDrig-UEopEXnJXZg0RBNaLyC1y9eoLB5AIsvxFrfJA\/viewform\">https:\/\/docs.google.com\/forms\/d\/e\/1FAIpQLSc8dJbpDrig-UEopEXnJXZg0RBNaLyC1y9eoLB5AIsvxFrfJA\/viewform<\/a><\/p>\n<p>&nbsp;<\/p>\n<p><img loading=\"lazy\" decoding=\"async\" class=\"alignnone size-full wp-image-28629\" src=\"https:\/\/vocesparalelas.com.ar\/sitio\/wp-content\/uploads\/2020\/05\/MINISTERIO-EDUCACION-SJ.jpg\" alt=\"\" width=\"800\" height=\"533\" srcset=\"https:\/\/vocesparalelas.com.ar\/sitio\/wp-content\/uploads\/2020\/05\/MINISTERIO-EDUCACION-SJ.jpg 800w, https:\/\/vocesparalelas.com.ar\/sitio\/wp-content\/uploads\/2020\/05\/MINISTERIO-EDUCACION-SJ-300x200.jpg 300w, https:\/\/vocesparalelas.com.ar\/sitio\/wp-content\/uploads\/2020\/05\/MINISTERIO-EDUCACION-SJ-768x512.jpg 768w\" sizes=\"auto, (max-width: 800px) 100vw, 800px\" \/><\/p>\n","protected":false},"excerpt":{"rendered":"<p>El Ministerio de Educaci\u00f3n del Gobierno de San Juan, a trav\u00e9s de la Secretar\u00eda de Educaci\u00f3n y de las distintas<\/p>\n","protected":false},"author":3,"featured_media":35306,"comment_status":"closed","ping_status":"closed","sticky":false,"template":"","format":"standard","meta":{"_acf_changed":false,"_seopress_robots_primary_cat":"none","_seopress_titles_title":"","_seopress_titles_desc":"","_seopress_robots_index":"","colormag_page_container_layout":"default_layout","colormag_page_sidebar_layout":"default_layout","footnotes":""},"categories":[1],"tags":[],"class_list":["post-93200","post","type-post","status-publish","format-standard","has-post-thumbnail","hentry","category-destacadas"],"acf":[],"_links":{"self":[{"href":"https:\/\/vocesparalelas.com.ar\/sitio\/wp-json\/wp\/v2\/posts\/93200","targetHints":{"allow":["GET"]}}],"collection":[{"href":"https:\/\/vocesparalelas.com.ar\/sitio\/wp-json\/wp\/v2\/posts"}],"about":[{"href":"https:\/\/vocesparalelas.com.ar\/sitio\/wp-json\/wp\/v2\/types\/post"}],"author":[{"embeddable":true,"href":"https:\/\/vocesparalelas.com.ar\/sitio\/wp-json\/wp\/v2\/users\/3"}],"replies":[{"embeddable":true,"href":"https:\/\/vocesparalelas.com.ar\/sitio\/wp-json\/wp\/v2\/comments?post=93200"}],"version-history":[{"count":1,"href":"https:\/\/vocesparalelas.com.ar\/sitio\/wp-json\/wp\/v2\/posts\/93200\/revisions"}],"predecessor-version":[{"id":93203,"href":"https:\/\/vocesparalelas.com.ar\/sitio\/wp-json\/wp\/v2\/posts\/93200\/revisions\/93203"}],"wp:featuredmedia":[{"embeddable":true,"href":"https:\/\/vocesparalelas.com.ar\/sitio\/wp-json\/wp\/v2\/media\/35306"}],"wp:attachment":[{"href":"https:\/\/vocesparalelas.com.ar\/sitio\/wp-json\/wp\/v2\/media?parent=93200"}],"wp:term":[{"taxonomy":"category","embeddable":true,"href":"https:\/\/vocesparalelas.com.ar\/sitio\/wp-json\/wp\/v2\/categories?post=93200"},{"taxonomy":"post_tag","embeddable":true,"href":"https:\/\/vocesparalelas.com.ar\/sitio\/wp-json\/wp\/v2\/tags?post=93200"}],"curies":[{"name":"wp","href":"https:\/\/api.w.org\/{rel}","templated":true}]}}