{"id":93181,"date":"2025-10-27T18:52:22","date_gmt":"2025-10-27T21:52:22","guid":{"rendered":"https:\/\/vocesparalelas.com.ar\/sitio\/?p=93181"},"modified":"2025-10-29T01:05:52","modified_gmt":"2025-10-29T04:05:52","slug":"avanzan-obras-para-mejorar-el-servicio-electrico-para-hogares-comercios-y-emprendimientos-productivos-departamento-sarmiento-en-san-juan","status":"publish","type":"post","link":"https:\/\/vocesparalelas.com.ar\/sitio\/avanzan-obras-para-mejorar-el-servicio-electrico-para-hogares-comercios-y-emprendimientos-productivos-departamento-sarmiento-en-san-juan\/","title":{"rendered":"Avanzan obras para mejorar el servicio el\u00e9ctrico para hogares, comercios y emprendimientos productivos, Departamento Sarmiento en San Juan"},"content":{"rendered":"<p>Se encuentran en desarrollo las tareas de energizaci\u00f3n en 132kV de las dos ternas que integran la L\u00ednea de Alta Tensi\u00f3n (LAT) 132 kV, desde su punto de conexi\u00f3n con la LAT 132 kV Rawson\/Pocito \u2013 La Bebida, ubicada en Calle 7, Departamento Pocito, hasta su terminal en la Estaci\u00f3n Transformadora San Juan Sur (ET San Juan Sur), en el Departamento Sarmiento.<\/p>\n<p>Se han construido 62 kil\u00f3metros de L\u00edneas de Alta Tensi\u00f3n, y una nueva Estaci\u00f3n Transformadora.<br \/>\nSe pretende aportar mejoras significativas en la calidad y confiabilidad del suministro el\u00e9ctrico para los usuarios del Departamento Sarmiento, al incorporar un nuevo nodo de potencia que incrementa la redundancia de alimentaci\u00f3n mediante su vinculaci\u00f3n con las ET Rawson Pocito (Departamento Rawson) y ET La Bebida (Departamento Rivadavia).<\/p>\n<p>Una vez culminadas las tareas en desarrollo, se podr\u00e1 atender con calidad la demanda actual y futura del Departamento Sarmiento, y la evacuaci\u00f3n de energ\u00eda generada por los parques fotovoltaicos de la zona, actualmente en construcci\u00f3n.<\/p>\n<p><span style=\"color: #ff6600;\"><strong>Obra complementaria<\/strong><\/span><\/p>\n<p>Energizaci\u00f3n LM 33 Kv desde E.T. San Juan Sur \u2013 E.M. Sarmiento Sur<\/p>\n<p><img loading=\"lazy\" decoding=\"async\" class=\"alignnone size-full wp-image-93185\" src=\"https:\/\/vocesparalelas.com.ar\/sitio\/wp-content\/uploads\/2025\/10\/SARMIENTO-ELECTRICIDAD.02.jpg\" alt=\"\" width=\"800\" height=\"790\" srcset=\"https:\/\/vocesparalelas.com.ar\/sitio\/wp-content\/uploads\/2025\/10\/SARMIENTO-ELECTRICIDAD.02.jpg 800w, https:\/\/vocesparalelas.com.ar\/sitio\/wp-content\/uploads\/2025\/10\/SARMIENTO-ELECTRICIDAD.02-300x296.jpg 300w, https:\/\/vocesparalelas.com.ar\/sitio\/wp-content\/uploads\/2025\/10\/SARMIENTO-ELECTRICIDAD.02-768x758.jpg 768w\" sizes=\"auto, (max-width: 800px) 100vw, 800px\" \/><\/p>\n<p>De forma simult\u00e1nea, se encuentra en desarrollo la energizaci\u00f3n de la L\u00ednea de Media Tensi\u00f3n (LMT) 33 kV Doble Terna, que vincula la ET San Juan Sur con la Estaci\u00f3n de Maniobras 33 kV Sarmiento Sur, ubicada en la zona de El Acequi\u00f3n, con una longitud de 21 kil\u00f3metros.<\/p>\n<p>Esta obra permitir\u00e1 mejorar la alimentaci\u00f3n el\u00e9ctrica de los emprendimientos agr\u00edcolas, favoreciendo el desarrollo productivo de la regi\u00f3n.<\/p>\n<p><img loading=\"lazy\" decoding=\"async\" class=\"alignnone size-full wp-image-65642\" src=\"https:\/\/vocesparalelas.com.ar\/sitio\/wp-content\/uploads\/2023\/11\/GOBIERNO-SAN-JUAN.jpg\" alt=\"\" width=\"800\" height=\"600\" srcset=\"https:\/\/vocesparalelas.com.ar\/sitio\/wp-content\/uploads\/2023\/11\/GOBIERNO-SAN-JUAN.jpg 800w, https:\/\/vocesparalelas.com.ar\/sitio\/wp-content\/uploads\/2023\/11\/GOBIERNO-SAN-JUAN-300x225.jpg 300w, https:\/\/vocesparalelas.com.ar\/sitio\/wp-content\/uploads\/2023\/11\/GOBIERNO-SAN-JUAN-768x576.jpg 768w\" sizes=\"auto, (max-width: 800px) 100vw, 800px\" \/><\/p>\n<p>&nbsp;<\/p>\n","protected":false},"excerpt":{"rendered":"<p>Se encuentran en desarrollo las tareas de energizaci\u00f3n en 132kV de las dos ternas que integran la L\u00ednea de Alta<\/p>\n","protected":false},"author":3,"featured_media":93184,"comment_status":"closed","ping_status":"closed","sticky":false,"template":"","format":"standard","meta":{"_acf_changed":false,"_seopress_robots_primary_cat":"none","_seopress_titles_title":"","_seopress_titles_desc":"","_seopress_robots_index":"","colormag_page_container_layout":"default_layout","colormag_page_sidebar_layout":"default_layout","footnotes":""},"categories":[6],"tags":[],"class_list":["post-93181","post","type-post","status-publish","format-standard","has-post-thumbnail","hentry","category-eventos"],"acf":[],"_links":{"self":[{"href":"https:\/\/vocesparalelas.com.ar\/sitio\/wp-json\/wp\/v2\/posts\/93181","targetHints":{"allow":["GET"]}}],"collection":[{"href":"https:\/\/vocesparalelas.com.ar\/sitio\/wp-json\/wp\/v2\/posts"}],"about":[{"href":"https:\/\/vocesparalelas.com.ar\/sitio\/wp-json\/wp\/v2\/types\/post"}],"author":[{"embeddable":true,"href":"https:\/\/vocesparalelas.com.ar\/sitio\/wp-json\/wp\/v2\/users\/3"}],"replies":[{"embeddable":true,"href":"https:\/\/vocesparalelas.com.ar\/sitio\/wp-json\/wp\/v2\/comments?post=93181"}],"version-history":[{"count":1,"href":"https:\/\/vocesparalelas.com.ar\/sitio\/wp-json\/wp\/v2\/posts\/93181\/revisions"}],"predecessor-version":[{"id":93186,"href":"https:\/\/vocesparalelas.com.ar\/sitio\/wp-json\/wp\/v2\/posts\/93181\/revisions\/93186"}],"wp:featuredmedia":[{"embeddable":true,"href":"https:\/\/vocesparalelas.com.ar\/sitio\/wp-json\/wp\/v2\/media\/93184"}],"wp:attachment":[{"href":"https:\/\/vocesparalelas.com.ar\/sitio\/wp-json\/wp\/v2\/media?parent=93181"}],"wp:term":[{"taxonomy":"category","embeddable":true,"href":"https:\/\/vocesparalelas.com.ar\/sitio\/wp-json\/wp\/v2\/categories?post=93181"},{"taxonomy":"post_tag","embeddable":true,"href":"https:\/\/vocesparalelas.com.ar\/sitio\/wp-json\/wp\/v2\/tags?post=93181"}],"curies":[{"name":"wp","href":"https:\/\/api.w.org\/{rel}","templated":true}]}}