{"id":93153,"date":"2025-10-27T13:03:26","date_gmt":"2025-10-27T16:03:26","guid":{"rendered":"https:\/\/vocesparalelas.com.ar\/sitio\/?p=93153"},"modified":"2025-10-27T13:05:56","modified_gmt":"2025-10-27T16:05:56","slug":"se-desarrollo-el-xii-simposio-internacional-sobre-calidad-de-la-energia-electrica-en-el-iee-fi-unsj-conicet","status":"publish","type":"post","link":"https:\/\/vocesparalelas.com.ar\/sitio\/se-desarrollo-el-xii-simposio-internacional-sobre-calidad-de-la-energia-electrica-en-el-iee-fi-unsj-conicet\/","title":{"rendered":"Se desarroll\u00f3 el XII Simposio Internacional sobre Calidad de la Energ\u00eda El\u00e9ctrica en el IEE-FI-UNSJ-CONICET"},"content":{"rendered":"<p>Durante el 22 al 24 de Octubre, en la Provincia San Juan, Rep\u00fablica Argentina, se desarroll\u00f3 el XII Simposio Internacional sobre Calidad de la Energ\u00eda El\u00e9ctrica organizado por el Instituto de Energ\u00eda El\u00e9ctrica de la Facultad de Ingenier\u00eda de la Universidad Nacional de San Juan y el Consejo Nacional de Investigaciones Cient\u00edficas y T\u00e9cnicas, donde expusieron grandes representantes del sector.<\/p>\n<p>El SICEL es un evento internacional consolidado en el mundo de la energ\u00eda el\u00e9ctrica, y su edici\u00f3n de este a\u00f1o no ser\u00e1 la excepci\u00f3n. Durante el simposio, se abordaron temas actuales y relevantes en la industria el\u00e9ctrica, incluyendo la transici\u00f3n energ\u00e9tica, una de las mayores preocupaciones del sector en la actualidad.<\/p>\n<p><span style=\"color: #ff6600;\"><strong>Tem\u00e1ticas<\/strong><\/span><\/p>\n<ul>\n<li>Transici\u00f3n Energ\u00e9tica<\/li>\n<li>Compatibilidad Electromagn\u00e9tica<\/li>\n<li>Calidad de la Energ\u00eda<\/li>\n<li>Sistemas de Potencia<\/li>\n<li>Comunidades energ\u00e9ticas<\/li>\n<li>Gesti\u00f3n de la energ\u00eda<\/li>\n<li>Microrredes y Redes Inteligentes<\/li>\n<li>Tecnolog\u00edas 4.0 aplicadas al sector el\u00e9ctrico<\/li>\n<\/ul>\n<figure id=\"attachment_93157\" aria-describedby=\"caption-attachment-93157\" style=\"width: 800px\" class=\"wp-caption alignnone\"><img loading=\"lazy\" decoding=\"async\" class=\"size-full wp-image-93157\" src=\"https:\/\/vocesparalelas.com.ar\/sitio\/wp-content\/uploads\/2025\/10\/IEE-FI-UNSJ-CONICET-SICEL-2025-ING.-FABIO-PAVAS.jpg\" alt=\"\" width=\"800\" height=\"533\" srcset=\"https:\/\/vocesparalelas.com.ar\/sitio\/wp-content\/uploads\/2025\/10\/IEE-FI-UNSJ-CONICET-SICEL-2025-ING.-FABIO-PAVAS.jpg 800w, https:\/\/vocesparalelas.com.ar\/sitio\/wp-content\/uploads\/2025\/10\/IEE-FI-UNSJ-CONICET-SICEL-2025-ING.-FABIO-PAVAS-300x200.jpg 300w, https:\/\/vocesparalelas.com.ar\/sitio\/wp-content\/uploads\/2025\/10\/IEE-FI-UNSJ-CONICET-SICEL-2025-ING.-FABIO-PAVAS-768x512.jpg 768w\" sizes=\"auto, (max-width: 800px) 100vw, 800px\" \/><figcaption id=\"caption-attachment-93157\" class=\"wp-caption-text\">Cient\u00edfico de la Universidad Nacional de Colombia, Ing. Fabio Andr\u00e9s Pavas Mart\u00ednez,<\/figcaption><\/figure>\n<p>En este contexto, Voces Paralelas desarroll\u00f3 una entrevista period\u00edstica a un cient\u00edfico de la Universidad Nacional de Colombia, Ing. Fabio Andr\u00e9s Pavas Mart\u00ednez, quien sintetiz\u00f3 el contenido de exposici\u00f3n y el trabajo que se fortalece la relaci\u00f3n cient\u00edfica entre las UNSJ y UNAL<\/p>\n<p><iframe loading=\"lazy\" title=\"IEE FI UNSJ CONICET ING. FAVIO \" width=\"800\" height=\"450\" src=\"https:\/\/www.youtube.com\/embed\/In0PP1uqUzk?feature=oembed\" frameborder=\"0\" allow=\"accelerometer; autoplay; clipboard-write; encrypted-media; gyroscope; picture-in-picture; web-share\" referrerpolicy=\"strict-origin-when-cross-origin\" allowfullscreen><\/iframe><\/p>\n<p>&nbsp;<\/p>\n<p><strong><span style=\"color: #ff6600;\">P\u00e1gina Web de la Universidad Nacional de Colombia &#8211; UNAL<\/span><\/strong><\/p>\n<p><a href=\"https:\/\/unal.edu.co\/\">https:\/\/unal.edu.co\/<\/a><\/p>\n<p>&nbsp;<\/p>\n<p><img loading=\"lazy\" decoding=\"async\" class=\"alignnone size-full wp-image-59861\" src=\"https:\/\/vocesparalelas.com.ar\/sitio\/wp-content\/uploads\/2023\/06\/IEE-UNSJ-CONICET.jpg\" alt=\"\" width=\"800\" height=\"600\" srcset=\"https:\/\/vocesparalelas.com.ar\/sitio\/wp-content\/uploads\/2023\/06\/IEE-UNSJ-CONICET.jpg 800w, https:\/\/vocesparalelas.com.ar\/sitio\/wp-content\/uploads\/2023\/06\/IEE-UNSJ-CONICET-300x225.jpg 300w, https:\/\/vocesparalelas.com.ar\/sitio\/wp-content\/uploads\/2023\/06\/IEE-UNSJ-CONICET-768x576.jpg 768w\" sizes=\"auto, (max-width: 800px) 100vw, 800px\" \/><\/p>\n","protected":false},"excerpt":{"rendered":"<p>Durante el 22 al 24 de Octubre, en la Provincia San Juan, Rep\u00fablica Argentina, se desarroll\u00f3 el XII Simposio Internacional<\/p>\n","protected":false},"author":3,"featured_media":93156,"comment_status":"closed","ping_status":"closed","sticky":false,"template":"","format":"standard","meta":{"_acf_changed":false,"_seopress_robots_primary_cat":"none","_seopress_titles_title":"","_seopress_titles_desc":"","_seopress_robots_index":"","colormag_page_container_layout":"default_layout","colormag_page_sidebar_layout":"default_layout","footnotes":""},"categories":[1],"tags":[],"class_list":["post-93153","post","type-post","status-publish","format-standard","has-post-thumbnail","hentry","category-destacadas"],"acf":[],"_links":{"self":[{"href":"https:\/\/vocesparalelas.com.ar\/sitio\/wp-json\/wp\/v2\/posts\/93153","targetHints":{"allow":["GET"]}}],"collection":[{"href":"https:\/\/vocesparalelas.com.ar\/sitio\/wp-json\/wp\/v2\/posts"}],"about":[{"href":"https:\/\/vocesparalelas.com.ar\/sitio\/wp-json\/wp\/v2\/types\/post"}],"author":[{"embeddable":true,"href":"https:\/\/vocesparalelas.com.ar\/sitio\/wp-json\/wp\/v2\/users\/3"}],"replies":[{"embeddable":true,"href":"https:\/\/vocesparalelas.com.ar\/sitio\/wp-json\/wp\/v2\/comments?post=93153"}],"version-history":[{"count":3,"href":"https:\/\/vocesparalelas.com.ar\/sitio\/wp-json\/wp\/v2\/posts\/93153\/revisions"}],"predecessor-version":[{"id":93160,"href":"https:\/\/vocesparalelas.com.ar\/sitio\/wp-json\/wp\/v2\/posts\/93153\/revisions\/93160"}],"wp:featuredmedia":[{"embeddable":true,"href":"https:\/\/vocesparalelas.com.ar\/sitio\/wp-json\/wp\/v2\/media\/93156"}],"wp:attachment":[{"href":"https:\/\/vocesparalelas.com.ar\/sitio\/wp-json\/wp\/v2\/media?parent=93153"}],"wp:term":[{"taxonomy":"category","embeddable":true,"href":"https:\/\/vocesparalelas.com.ar\/sitio\/wp-json\/wp\/v2\/categories?post=93153"},{"taxonomy":"post_tag","embeddable":true,"href":"https:\/\/vocesparalelas.com.ar\/sitio\/wp-json\/wp\/v2\/tags?post=93153"}],"curies":[{"name":"wp","href":"https:\/\/api.w.org\/{rel}","templated":true}]}}